{"id":937,"date":"2021-10-22T09:35:27","date_gmt":"2021-10-22T07:35:27","guid":{"rendered":"https:\/\/www.patriarcatovenezia.it\/ufficioliturgico\/?p=937"},"modified":"2021-10-22T09:35:27","modified_gmt":"2021-10-22T07:35:27","slug":"al-via-il-terzo-anno-della-scuola-diocesana-di-musica-sacra-per-la-liturgia-con-una-nuova-sede-a-san-lio-il-23-e-30-ottobre-due-incontri-inaugurali","status":"publish","type":"post","link":"https:\/\/oldpatriarcatovenezia.glauco.it\/ufficioliturgico\/2021\/10\/22\/al-via-il-terzo-anno-della-scuola-diocesana-di-musica-sacra-per-la-liturgia-con-una-nuova-sede-a-san-lio-il-23-e-30-ottobre-due-incontri-inaugurali\/","title":{"rendered":"Al via il terzo anno della \u201cScuola diocesana di musica sacra per la liturgia\u201d con una nuova sede (a San Lio). Il 23 e 30 ottobre due incontri inaugurali"},"content":{"rendered":"<p>Il terzo anno di attivit\u00e0 comincia con una nuova sede in centro storico a Venezia \u2013 a S. Lio, in chiesa e spazi adiacenti \u2013 e con un nome meglio precisato e leggermente rinnovato: \u201cScuola diocesana di musica sacra per la liturgia\u201d. Avviata nel 2019 e diretta da don Luca Biancafior, questa proposta formativa diocesana ha dovuto subito fare i conti con eventi esterni rilevanti e molto condizionanti (dall\u2019acqua granda alla pandemia) ma \u00e8 via via riuscita a reinventarsi e adattarsi alle circostanze facendo emergere un\u2019offerta che raccoglie sempre pi\u00f9 interesse e attenzione, grazie alle proposte on line sperimentate nell\u2019anno appena trascorso, anche ben al di l\u00e0 del territorio del Patriarcato: tra quanti si sono inseriti, in videoconferenza, nei vari moduli attivati nei mesi scorsi si \u00e8 infatti arrivati a raggiungere un numero complessivo di 80 persone ed oltre alla stragrande maggioranza proveniente dalle parrocchie della Diocesi vi ha fatto capolino pure qualche iscritto collegato dalle Marche e dalla Sicilia. Nemmeno nella scorsa estate, poi, la Scuola di musica sacra per la liturgia si \u00e8 fermata: una quindicina di iscritti ha partecipato al corso intensivo (e avanzato) di canto gregoriano svolto all\u2019isola di S. Giorgio, dai Benedettini, sotto la guida di don Giacomo Frigo e Paola Talamini; questi ultimi sabati, inoltre, sono stati un tempo di esami per chi, tra gli iscritti, desidera conseguire il diploma al termine del ciclo triennale di studi ed \u00e8 chiamato a svolgere una prova finale con il docente al termine del corso.<\/p>\n<p>L\u2019attivit\u00e0 formativa 2021\/22 verr\u00e0 inaugurata con due incontri speciali che saranno l\u2019occasione per presentare ed avviare i primi nuovi corsi dell\u2019anno. Si parte sabato 23 ottobre dalle 9.00 alle 12.00, nella sede di San Lio, con \u201cL\u2019anima mia magnifica il Signore: i cantici neotestamentari\u201d: sar\u00e0 una lezione-laboratorio a cui interverr\u00e0 mons. Giuseppe Liberto (gi\u00e0 direttore della Cappella musicale pontificia sistina) e sono invitati tutti gli studenti della Scuola, i direttori di coro della Diocesi, i cantori, i sacerdoti, i diaconi, i ministri della liturgia e quanti svolgono un servizio liturgico nelle parrocchie. \u00abIn questa occasione \u2013 spiega il direttore \u2013 offriremo tutte le informazioni sulla Scuola e aiutati da mons. Liberto impareremo un Magnificat da lui composto. La Scuola metter\u00e0 a disposizione dei presenti alcune partiture di messe e canti per un repertorio comune ed individueremo assieme una data per una celebrazione in cui le corali e i cori della Diocesi potranno ritrovarsi\u00bb. Il secondo appuntamento introduttivo \u00e8 fissato per sabato 30 ottobre, dalle ore 10.00 alle 12.00 sempre a S. Lio, sul tema \u201cLa cantillazione nelle religioni abramitiche\u201d; interverranno don Stefano Costantini (direttore Ufficio Liturgico diocesano), fra Lorenzo Raniero (preside Istituto Studi Ecumenici San Bernardino), don Giacomo Frigo (benedettino dell\u2019Abbazia di San Giorgio Maggiore) e Luisa Bassetto (Istituto Studi Ecumenici San Bernardino) e si aprir\u00e0 cos\u00ec il corso di gregoriano che si articoler\u00e0 in una serie di incontri on line ed un mini corso base in presenza sulla \u201cnotazione gregoriana\u201d (di tre lezioni). Si svilupperanno in seguito, con calendari appositi, i corsi fondamentali (che approfondiscono la liturgia e la programmazione liturgico-musicale) e quelli caratterizzanti attivati (gregoriano, organo, chitarra, direzione corale e coro), il tutto in un mix di incontri realizzati in presenza ed altri in videoconferenza, visto il buon esito sperimentato.<\/p>\n<p>\u00abNon siamo un conservatorio \u2013 osserva don Luca Biancafior \u2013 ma una Scuola che intende offrire gli strumenti necessari, dai contenuti formativi ad alcuni spunti di riflessione e momenti di confronto, a chi svolge compiti di animazione liturgico-musicale nelle parrocchie affinch\u00e9 possa svolgere al meglio questo servizio, in modo consapevole e adeguato. L\u2019idea che sta alla base \u00e8 che ogni comunit\u00e0 parrocchiale possa partecipare, con uno o due elementi, a questa Scuola per comprendere davvero ed aiutare a far vivere bene ci\u00f2 che si vive ogni domenica nella celebrazione eucaristica; \u00e8 un\u2019occasione importante ed anche alla portata di tutti visto che chiediamo soltanto un contributo esiguo (15 euro all\u2019anno) per ogni iscritto\u00bb. La Scuola, inoltre, punta ad allargarsi e, attraverso alcune collaborazioni, ha l\u2019obiettivo di stabilire dei punti di riferimento e d\u2019incontro non solo nella nuova sede veneziana ma almeno anche a Mestre e sul Litorale.<\/p>\n<p>\u00abLa Scuola \u2013 commenta la docente Paola Talamini, sin dalla prima ora impegnata nella sua realizzazione e promozione \u2013 \u00e8 nata come una scommessa, avendo presente tutta la fatica di costruire una realt\u00e0 formativa di questo tipo, ma con grande entusiasmo. E la risposta c\u2019\u00e8 stata arrivando a creare anche una bella rete di collaborazioni e un clima di amicizia. Riscontriamo molta attenzione in questo ambito ed anche la richiesta, da parte di musicisti e non, di avere una possibilit\u00e0 di confronto e quasi di essere confortati nell\u2019attivit\u00e0 specifica che ciascuno svolge. C\u2019\u00e8 perci\u00f2 grande rispetto per la situazione personale di ciascuno (non tutti hanno lo stesso tempo a disposizione o possono essere sempre presenti) ed anche per questo la Scuola ha costi contenuti e soprattutto un\u2019offerta differenziata, non rigida o immutabile, per venire incontro a tutti e favorire un\u2019ampia partecipazione. E cogliamo le circostanze che ci sono date, come l\u2019introduzione della nuova edizione del Messale, per studiare ed approfondire le questioni secondo il loro reale impatto ed interesse\u201d. Per informazioni ed iscrizioni: email\u00a0<a href=\"mailto:scuolamusicasacra@patriarcatovenezia.it\">scuolamusicasacra@patriarcatovenezia.it<\/a>\u00a0\u2013 tel. 0412702439 (ore 9.00-12-00 dal luned\u00ec al venerd\u00ec).<\/p>\n<p><strong><em>(articolo di Alessandro Polet tratto da Gente Veneta n. 38\/2021)<\/em><\/strong><\/p>\n","protected":false},"excerpt":{"rendered":"<p>Il terzo anno di attivit\u00e0 comincia con una nuova sede in centro storico a Venezia \u2013 a S. Lio, in chiesa e spazi adiacenti \u2013 e con un nome meglio precisato e leggermente rinnovato: \u201cScuola diocesana di musica sacra per la liturgia\u201d. Avviata nel 2019 e diretta da don Luca Biancafior, questa proposta formativa diocesana&#8230;  <a class=\"excerpt-read-more\" href=\"https:\/\/oldpatriarcatovenezia.glauco.it\/ufficioliturgico\/2021\/10\/22\/al-via-il-terzo-anno-della-scuola-diocesana-di-musica-sacra-per-la-liturgia-con-una-nuova-sede-a-san-lio-il-23-e-30-ottobre-due-incontri-inaugurali\/\" title=\"Leggi Al via il terzo anno della \u201cScuola diocesana di musica sacra per la liturgia\u201d con una nuova sede (a San Lio). Il 23 e 30 ottobre due incontri inaugurali\">&raquo; continua<\/a><\/p>\n","protected":false},"author":10,"featured_media":938,"comment_status":"closed","ping_status":"closed","sticky":false,"template":"","format":"standard","meta":{"ip_address":"","user_agent":"","level":"","revision":"","cookie_id":"","page_referer":"","html_form":""},"categories":[91,87,98],"tags":[],"acf":[],"_links":{"self":[{"href":"https:\/\/oldpatriarcatovenezia.glauco.it\/ufficioliturgico\/wp-json\/wp\/v2\/posts\/937"}],"collection":[{"href":"https:\/\/oldpatriarcatovenezia.glauco.it\/ufficioliturgico\/wp-json\/wp\/v2\/posts"}],"about":[{"href":"https:\/\/oldpatriarcatovenezia.glauco.it\/ufficioliturgico\/wp-json\/wp\/v2\/types\/post"}],"author":[{"embeddable":true,"href":"https:\/\/oldpatriarcatovenezia.glauco.it\/ufficioliturgico\/wp-json\/wp\/v2\/users\/10"}],"replies":[{"embeddable":true,"href":"https:\/\/oldpatriarcatovenezia.glauco.it\/ufficioliturgico\/wp-json\/wp\/v2\/comments?post=937"}],"version-history":[{"count":1,"href":"https:\/\/oldpatriarcatovenezia.glauco.it\/ufficioliturgico\/wp-json\/wp\/v2\/posts\/937\/revisions"}],"predecessor-version":[{"id":939,"href":"https:\/\/oldpatriarcatovenezia.glauco.it\/ufficioliturgico\/wp-json\/wp\/v2\/posts\/937\/revisions\/939"}],"wp:featuredmedia":[{"embeddable":true,"href":"https:\/\/oldpatriarcatovenezia.glauco.it\/ufficioliturgico\/wp-json\/wp\/v2\/media\/938"}],"wp:attachment":[{"href":"https:\/\/oldpatriarcatovenezia.glauco.it\/ufficioliturgico\/wp-json\/wp\/v2\/media?parent=937"}],"wp:term":[{"taxonomy":"category","embeddable":true,"href":"https:\/\/oldpatriarcatovenezia.glauco.it\/ufficioliturgico\/wp-json\/wp\/v2\/categories?post=937"},{"taxonomy":"post_tag","embeddable":true,"href":"https:\/\/oldpatriarcatovenezia.glauco.it\/ufficioliturgico\/wp-json\/wp\/v2\/tags?post=937"}],"curies":[{"name":"wp","href":"https:\/\/api.w.org\/{rel}","templated":true}]}}