{"id":817,"date":"2020-11-19T16:26:14","date_gmt":"2020-11-19T15:26:14","guid":{"rendered":"https:\/\/www.patriarcatovenezia.it\/ufficioliturgico\/?p=817"},"modified":"2020-11-24T13:47:17","modified_gmt":"2020-11-24T12:47:17","slug":"nuovo-messale-indicazione-e-sussidi","status":"publish","type":"post","link":"https:\/\/oldpatriarcatovenezia.glauco.it\/ufficioliturgico\/2020\/11\/19\/nuovo-messale-indicazione-e-sussidi\/","title":{"rendered":"Nuovo Messale: indicazione e sussidi"},"content":{"rendered":"<p style=\"font-weight: 400\">Con domenica 29 novembre, Prima di Avvento, come stabilito dai Vescovi del Triveneto, entrer\u00e0 in vigore l\u2019uso della nuova edizione del Messale Romano.<\/p>\n<p style=\"font-weight: 400\">Da questa data perci\u00f2, in tutte le celebrazioni eucaristiche, saranno adottate le modifiche introdotte in alcune parti della liturgia.<\/p>\n<p style=\"font-weight: 400\">L\u2019invito \u00e8, qualora non lo abbiate gi\u00e0 fatto, di aiutare i fedeli a comprendere il senso e ad entrare sempre pi\u00f9 in confidenza con queste variazioni.<\/p>\n<p style=\"font-weight: 400\">A tale scopo alleghiamo alcuni sussidi che possono essere utili sia per introdurre la celebrazione di domenica 29, come anche per porre in mano ai fedeli i testi modificati.<\/p>\n<p style=\"font-weight: 400\">Altre indicazioni utili e sussidi si possono trovare sul sito dell\u2019Ufficio Liturgico Nazionale della Cei.<\/p>\n<p style=\"font-weight: 400\"><em>Auguriamo a tutti voi e alle vostre comunit\u00e0 un buon inizio di Anno Liturgico.<\/em><\/p>\n<p>&nbsp;<\/p>\n<p><strong><a href=\"https:\/\/www.patriarcatovenezia.it\/ufficioliturgico\/wp-content\/uploads\/sites\/3\/2020\/11\/CARTONCINO-PER-I-FEDELI-ottobre-2020.pdf\">CARTONCINO-PER-I-FEDELI-ottobre-2020<\/a><\/strong><\/p>\n<p><strong><a href=\"https:\/\/www.patriarcatovenezia.it\/ufficioliturgico\/wp-content\/uploads\/sites\/3\/2020\/11\/introduzione-MR3-e-Prima-di-Avvento.pdf\">introduzione MR3 e Prima di Avvento<\/a><\/strong><\/p>\n<p><strong><a href=\"https:\/\/www.patriarcatovenezia.it\/ufficioliturgico\/wp-content\/uploads\/sites\/3\/2020\/11\/Modifiche-MR3.pdf\">Modifiche MR3<\/a><\/strong><\/p>\n<p><strong><a href=\"https:\/\/www.patriarcatovenezia.it\/ufficioliturgico\/wp-content\/uploads\/sites\/3\/2020\/11\/MR3-per-la-Formazione-laici1.pdf\">MR3 per la Formazione laici1<\/a><\/strong><\/p>\n<p><strong><a href=\"https:\/\/www.patriarcatovenezia.it\/ufficioliturgico\/wp-content\/uploads\/sites\/3\/2020\/11\/SULLA-CUSTODIA-MESSALE-1983.pdf\">SULLA CUSTODIA MESSALE 1983<\/a><\/strong><\/p>\n<p><strong><a href=\"https:\/\/www.patriarcatovenezia.it\/ufficioliturgico\/wp-content\/uploads\/sites\/3\/2020\/11\/TESTI-RINNOVATI-CON-PARTI-CANTATE.pdf\">TESTI RINNOVATI CON PARTI CANTATE<\/a><\/strong><\/p>\n<p><strong><a href=\"https:\/\/liturgico.chiesacattolica.it\/wp-content\/uploads\/sites\/8\/2020\/10\/19\/Sussidio-nuova-edizione-ita-Messale-Romano.pdf\" target=\"_blank\" rel=\"noopener noreferrer\">Sussidio &#8220;Un Messale per le nostre Assemblee&#8221;<\/a><\/strong><\/p>\n<p>&nbsp;<\/p>\n<p>Sussidio della Diocesi di Udine:<\/p>\n<p><a href=\"https:\/\/www.patriarcatovenezia.it\/ufficioliturgico\/wp-content\/uploads\/sites\/3\/2020\/11\/RitoMessa_ProntuarioFedeli_stampabile.pdf\">RitoMessa_ProntuarioFedeli_stampabile<\/a><\/p>\n<p><a href=\"https:\/\/www.patriarcatovenezia.it\/ufficioliturgico\/wp-content\/uploads\/sites\/3\/2020\/11\/RitoMessa-Formulario-Fedeli.pdf\">RitoMessa-Formulario-Fedeli<\/a><\/p>\n<p>Testo completo del nuovo Messale (Diocesi di Rieti): <a href=\"http:\/\/liturgia.chiesadirieti.it\/wp-content\/uploads\/sites\/12\/2020\/08\/Messale-Romano.pdf\">http:\/\/liturgia.chiesadirieti.it\/wp-content\/uploads\/sites\/12\/2020\/08\/Messale-Romano.pdf<\/a><\/p>\n","protected":false},"excerpt":{"rendered":"<p>Con domenica 29 novembre, Prima di Avvento, come stabilito dai Vescovi del Triveneto, entrer\u00e0 in vigore l\u2019uso della nuova edizione del Messale Romano. Da questa data perci\u00f2, in tutte le celebrazioni eucaristiche, saranno adottate le modifiche introdotte in alcune parti della liturgia. L\u2019invito \u00e8, qualora non lo abbiate gi\u00e0 fatto, di aiutare i fedeli a&#8230;  <a class=\"excerpt-read-more\" href=\"https:\/\/oldpatriarcatovenezia.glauco.it\/ufficioliturgico\/2020\/11\/19\/nuovo-messale-indicazione-e-sussidi\/\" title=\"Leggi Nuovo Messale: indicazione e sussidi\">&raquo; continua<\/a><\/p>\n","protected":false},"author":10,"featured_media":749,"comment_status":"closed","ping_status":"closed","sticky":false,"template":"","format":"standard","meta":{"ip_address":"","user_agent":"","level":"","revision":"","cookie_id":"","page_referer":"","html_form":""},"categories":[1,90,91,87],"tags":[116,100,158,130,129],"acf":[],"_links":{"self":[{"href":"https:\/\/oldpatriarcatovenezia.glauco.it\/ufficioliturgico\/wp-json\/wp\/v2\/posts\/817"}],"collection":[{"href":"https:\/\/oldpatriarcatovenezia.glauco.it\/ufficioliturgico\/wp-json\/wp\/v2\/posts"}],"about":[{"href":"https:\/\/oldpatriarcatovenezia.glauco.it\/ufficioliturgico\/wp-json\/wp\/v2\/types\/post"}],"author":[{"embeddable":true,"href":"https:\/\/oldpatriarcatovenezia.glauco.it\/ufficioliturgico\/wp-json\/wp\/v2\/users\/10"}],"replies":[{"embeddable":true,"href":"https:\/\/oldpatriarcatovenezia.glauco.it\/ufficioliturgico\/wp-json\/wp\/v2\/comments?post=817"}],"version-history":[{"count":4,"href":"https:\/\/oldpatriarcatovenezia.glauco.it\/ufficioliturgico\/wp-json\/wp\/v2\/posts\/817\/revisions"}],"predecessor-version":[{"id":832,"href":"https:\/\/oldpatriarcatovenezia.glauco.it\/ufficioliturgico\/wp-json\/wp\/v2\/posts\/817\/revisions\/832"}],"wp:featuredmedia":[{"embeddable":true,"href":"https:\/\/oldpatriarcatovenezia.glauco.it\/ufficioliturgico\/wp-json\/wp\/v2\/media\/749"}],"wp:attachment":[{"href":"https:\/\/oldpatriarcatovenezia.glauco.it\/ufficioliturgico\/wp-json\/wp\/v2\/media?parent=817"}],"wp:term":[{"taxonomy":"category","embeddable":true,"href":"https:\/\/oldpatriarcatovenezia.glauco.it\/ufficioliturgico\/wp-json\/wp\/v2\/categories?post=817"},{"taxonomy":"post_tag","embeddable":true,"href":"https:\/\/oldpatriarcatovenezia.glauco.it\/ufficioliturgico\/wp-json\/wp\/v2\/tags?post=817"}],"curies":[{"name":"wp","href":"https:\/\/api.w.org\/{rel}","templated":true}]}}