{"id":697,"date":"2020-01-10T15:24:18","date_gmt":"2020-01-10T14:24:18","guid":{"rendered":"https:\/\/www.patriarcatovenezia.it\/ufficioliturgico\/?p=697"},"modified":"2020-01-16T08:55:53","modified_gmt":"2020-01-16T07:55:53","slug":"materiale-per-la-domenica-della-parola-di-dio-26-gennaio","status":"publish","type":"post","link":"https:\/\/oldpatriarcatovenezia.glauco.it\/ufficioliturgico\/2020\/01\/10\/materiale-per-la-domenica-della-parola-di-dio-26-gennaio\/","title":{"rendered":"Materiale per la Domenica della Parola di Dio (26 gennaio)"},"content":{"rendered":"<hr \/>\n<p>La I Domenica della Parola di Dio, voluta da Papa Francesco, si celebrer\u00e0 il prossimo\u00a0<strong>26 gennaio.<\/strong>\u00a0Nella\u00a0<b><a href=\"http:\/\/w2.vatican.va\/content\/francesco\/it\/motu_proprio\/documents\/papa-francesco-motu-proprio-20190930_aperuit-illis.html\" target=\"_blank\" rel=\"external nofollow noopener\" title=\"\">Lettera apostolica in forma di Motu proprio \u201cAperuit illis\u201d<\/a>\u00a0<\/b>(30 settembre 2019) il Papa, infatti, ha stabilito che:<\/p>\n<blockquote><p><em>&#8220;la <strong>III Domenica del Tempo ordinario<\/strong> sia dedicata alla celebrazione, riflessione e divulgazione della Parola di Dio&#8221;.\u00a0<\/em><\/p>\n<p><em>&#8220;Dedicare in modo particolare una domenica dell\u2019Anno liturgico alla Parola di Dio consente, anzitutto, di far rivivere alla Chiesa il gesto del Risorto che apre anche per noi il tesoro della sua Parola perch\u00e9 possiamo essere nel mondo annunciatori di questa inesauribile ricchezza&#8221;.<\/em><\/p>\n<p><em>&#8220;La domenica dedicata alla Parola possa far crescere nel popolo di Dio la religiosa e assidua familiarit\u00e0 con le Sacre Scritture, cos\u00ec come l\u2019autore sacro insegnava gi\u00e0 nei tempi antichi: \u00abQuesta parola \u00e8 molto vicina a te, \u00e8 nella tua bocca e nel tuo cuore, perch\u00e9 tu la metta in pratica\u00bb (Dt\u00a030,14)&#8221;.<\/em><\/p><\/blockquote>\n<p>Papa Francesco esorta a\u00a0viverla come un giorno solenne.\u00a0Proprio per sottolineare la bellezza e la gratuit\u00e0 del dono della Parola e celebrare degnamente questa Domenica, si mettono a disposizione della Chiesa veneziana due composizioni musicali:<\/p>\n<ul>\n<li>il <strong><a href=\"https:\/\/www.patriarcatovenezia.it\/ufficioliturgico\/wp-content\/uploads\/sites\/3\/2020\/01\/Dom_PdD_VerboeternodelPadre_ok.pdf\" title=\"\">canto introitale &#8220;Verbo eterno del Padre&#8221;<\/a><\/strong>\u00a0scritto dal M\u00b0\u00a0Roberto Brisotto (Direttore della Cappella Civica della cattedrale di Trieste) per la <a href=\"https:\/\/www.patriarcatovenezia.it\/ufficioliturgico\/psmsl-piccola-scuola-di-musica-sacra-per-la-liturgia\/\" title=\"\">Piccola Scuola di Musica sacra per la liturgia<\/a> (PSMSL) e il suo Direttore, don Luca Biancafior.<br \/>\n<em>Tracce audio disponibili:<\/em><\/p>\n<ul>\n<li><a href=\"https:\/\/drive.google.com\/open?id=1ubufMeXWKUFLHVzyMHu3FFrlqU6Gx97h\" title=\"\">traccia audio BASSI<\/a><\/li>\n<li><a href=\"https:\/\/drive.google.com\/file\/d\/15XBjr5zt98jND-hsbKuqYM0tmhVF_hv5\/view?usp=sharing\" title=\"\">traccia audio TENORI<\/a><\/li>\n<li><a href=\"https:\/\/drive.google.com\/file\/d\/10ynddD9abDmzzI9PifFgWlAhLelHmaZ8\/view?usp=sharing\" title=\"\">traccia audio CONTRALTI<\/a><\/li>\n<li><a href=\"https:\/\/drive.google.com\/file\/d\/1KDayubpIqLsY5HPT8tfnUZJmokSL2uyf\/view?usp=sharing\" title=\"\">traccia audio SOPRANI<\/a><\/li>\n<li><a href=\"https:\/\/drive.google.com\/file\/d\/13pCfB14yvo3ODlyv9QZa4iAfjt2sMWX5\/view?usp=sharing\" title=\"\">traccia audio COMPLETO<\/a><\/li>\n<\/ul>\n<\/li>\n<li>il <a href=\"https:\/\/www.patriarcatovenezia.it\/ufficioliturgico\/wp-content\/uploads\/sites\/3\/2020\/01\/Dom_PdD_sal26_III_annoA.pdf\" title=\"\"><strong>salmo resposoriale 26<\/strong><\/a>\u00a0 del M\u00b0 Marco Gemmani, Direttore della Cappella della Basilica di S. Marco a Venezia.<\/li>\n<\/ul>\n<p>Inoltre, un <a href=\"https:\/\/www.patriarcatovenezia.it\/ufficioliturgico\/wp-content\/uploads\/sites\/3\/2020\/01\/depliant_domenica_della_parola.pdf\" title=\"\"><strong>depliant con le realt\u00e0 diocesane che offrono esperienze per approfondire la conoscenza e coltivare la familiarit\u00e0 con la Parola di Dio<\/strong><\/a>. A queste realt\u00e0 \u00e8 possibile rivolgersi per avere aiuto e indicazioni in merito.<\/p>\n<p>&nbsp;<\/p>\n<p><em>File formato JPG e allegati PDF a fondo pagina.<\/em><\/p>\n<p>&nbsp;<\/p>\n<a href=\"https:\/\/www.patriarcatovenezia.it\/ufficioliturgico\/wp-content\/uploads\/sites\/3\/2020\/01\/Dom_PdD_VerboeternodelPadre_ok_Pagina_1.jpg\" data-rel=\"lightbox-image-0\" data-rl_title=\"\" data-rl_caption=\"\" title=\"\"><img loading=\"lazy\" class=\"size-medium wp-image-720 alignleft\" src=\"https:\/\/www.patriarcatovenezia.it\/ufficioliturgico\/wp-content\/uploads\/sites\/3\/2020\/01\/Dom_PdD_VerboeternodelPadre_ok_Pagina_1-212x300.jpg\" alt=\"\" width=\"212\" height=\"300\" srcset=\"https:\/\/oldpatriarcatovenezia.glauco.it\/ufficioliturgico\/wp-content\/uploads\/sites\/3\/2020\/01\/Dom_PdD_VerboeternodelPadre_ok_Pagina_1-212x300.jpg 212w, https:\/\/oldpatriarcatovenezia.glauco.it\/ufficioliturgico\/wp-content\/uploads\/sites\/3\/2020\/01\/Dom_PdD_VerboeternodelPadre_ok_Pagina_1-768x1086.jpg 768w, https:\/\/oldpatriarcatovenezia.glauco.it\/ufficioliturgico\/wp-content\/uploads\/sites\/3\/2020\/01\/Dom_PdD_VerboeternodelPadre_ok_Pagina_1-724x1024.jpg 724w, https:\/\/oldpatriarcatovenezia.glauco.it\/ufficioliturgico\/wp-content\/uploads\/sites\/3\/2020\/01\/Dom_PdD_VerboeternodelPadre_ok_Pagina_1-198x280.jpg 198w, https:\/\/oldpatriarcatovenezia.glauco.it\/ufficioliturgico\/wp-content\/uploads\/sites\/3\/2020\/01\/Dom_PdD_VerboeternodelPadre_ok_Pagina_1-543x768.jpg 543w, https:\/\/oldpatriarcatovenezia.glauco.it\/ufficioliturgico\/wp-content\/uploads\/sites\/3\/2020\/01\/Dom_PdD_VerboeternodelPadre_ok_Pagina_1-1320x1867.jpg 1320w, https:\/\/oldpatriarcatovenezia.glauco.it\/ufficioliturgico\/wp-content\/uploads\/sites\/3\/2020\/01\/Dom_PdD_VerboeternodelPadre_ok_Pagina_1.jpg 1653w\" sizes=\"(max-width: 212px) 100vw, 212px\" \/><\/a> <a href=\"https:\/\/www.patriarcatovenezia.it\/ufficioliturgico\/wp-content\/uploads\/sites\/3\/2020\/01\/Dom_PdD_VerboeternodelPadre_Pagina_2.jpg\" data-rel=\"lightbox-image-1\" data-rl_title=\"\" data-rl_caption=\"\" title=\"\"><img loading=\"lazy\" class=\"size-medium wp-image-702 alignleft\" src=\"https:\/\/www.patriarcatovenezia.it\/ufficioliturgico\/wp-content\/uploads\/sites\/3\/2020\/01\/Dom_PdD_VerboeternodelPadre_Pagina_2-212x300.jpg\" alt=\"\" width=\"212\" height=\"300\" srcset=\"https:\/\/oldpatriarcatovenezia.glauco.it\/ufficioliturgico\/wp-content\/uploads\/sites\/3\/2020\/01\/Dom_PdD_VerboeternodelPadre_Pagina_2-212x300.jpg 212w, https:\/\/oldpatriarcatovenezia.glauco.it\/ufficioliturgico\/wp-content\/uploads\/sites\/3\/2020\/01\/Dom_PdD_VerboeternodelPadre_Pagina_2-768x1087.jpg 768w, https:\/\/oldpatriarcatovenezia.glauco.it\/ufficioliturgico\/wp-content\/uploads\/sites\/3\/2020\/01\/Dom_PdD_VerboeternodelPadre_Pagina_2-724x1024.jpg 724w, https:\/\/oldpatriarcatovenezia.glauco.it\/ufficioliturgico\/wp-content\/uploads\/sites\/3\/2020\/01\/Dom_PdD_VerboeternodelPadre_Pagina_2-198x280.jpg 198w, https:\/\/oldpatriarcatovenezia.glauco.it\/ufficioliturgico\/wp-content\/uploads\/sites\/3\/2020\/01\/Dom_PdD_VerboeternodelPadre_Pagina_2-543x768.jpg 543w, https:\/\/oldpatriarcatovenezia.glauco.it\/ufficioliturgico\/wp-content\/uploads\/sites\/3\/2020\/01\/Dom_PdD_VerboeternodelPadre_Pagina_2-1320x1868.jpg 1320w, https:\/\/oldpatriarcatovenezia.glauco.it\/ufficioliturgico\/wp-content\/uploads\/sites\/3\/2020\/01\/Dom_PdD_VerboeternodelPadre_Pagina_2.jpg 1653w\" sizes=\"(max-width: 212px) 100vw, 212px\" \/><\/a> <a href=\"https:\/\/www.patriarcatovenezia.it\/ufficioliturgico\/wp-content\/uploads\/sites\/3\/2020\/01\/Dom_PdD_VerboeternodelPadre_Pagina_3.jpg\" data-rel=\"lightbox-image-2\" data-rl_title=\"\" data-rl_caption=\"\" title=\"\"><img loading=\"lazy\" class=\"size-medium wp-image-703 alignleft\" src=\"https:\/\/www.patriarcatovenezia.it\/ufficioliturgico\/wp-content\/uploads\/sites\/3\/2020\/01\/Dom_PdD_VerboeternodelPadre_Pagina_3-212x300.jpg\" alt=\"\" width=\"212\" height=\"300\" srcset=\"https:\/\/oldpatriarcatovenezia.glauco.it\/ufficioliturgico\/wp-content\/uploads\/sites\/3\/2020\/01\/Dom_PdD_VerboeternodelPadre_Pagina_3-212x300.jpg 212w, https:\/\/oldpatriarcatovenezia.glauco.it\/ufficioliturgico\/wp-content\/uploads\/sites\/3\/2020\/01\/Dom_PdD_VerboeternodelPadre_Pagina_3-768x1087.jpg 768w, https:\/\/oldpatriarcatovenezia.glauco.it\/ufficioliturgico\/wp-content\/uploads\/sites\/3\/2020\/01\/Dom_PdD_VerboeternodelPadre_Pagina_3-724x1024.jpg 724w, https:\/\/oldpatriarcatovenezia.glauco.it\/ufficioliturgico\/wp-content\/uploads\/sites\/3\/2020\/01\/Dom_PdD_VerboeternodelPadre_Pagina_3-198x280.jpg 198w, https:\/\/oldpatriarcatovenezia.glauco.it\/ufficioliturgico\/wp-content\/uploads\/sites\/3\/2020\/01\/Dom_PdD_VerboeternodelPadre_Pagina_3-543x768.jpg 543w, https:\/\/oldpatriarcatovenezia.glauco.it\/ufficioliturgico\/wp-content\/uploads\/sites\/3\/2020\/01\/Dom_PdD_VerboeternodelPadre_Pagina_3-1320x1868.jpg 1320w, https:\/\/oldpatriarcatovenezia.glauco.it\/ufficioliturgico\/wp-content\/uploads\/sites\/3\/2020\/01\/Dom_PdD_VerboeternodelPadre_Pagina_3.jpg 1653w\" sizes=\"(max-width: 212px) 100vw, 212px\" \/><\/a>\n<p>&nbsp;<\/p>\n<p>&nbsp;<\/p>\n<p>&nbsp;<\/p>\n<p>&nbsp;<\/p>\n<p>&nbsp;<\/p>\n<p>&nbsp;<\/p>\n<p>&nbsp;<\/p>\n<p>&nbsp;<\/p>\n<a href=\"https:\/\/www.patriarcatovenezia.it\/ufficioliturgico\/wp-content\/uploads\/sites\/3\/2020\/01\/Dom_PdD_sal26_III_annoA.jpg\" data-rel=\"lightbox-image-3\" data-rl_title=\"\" data-rl_caption=\"\" title=\"\"><img loading=\"lazy\" class=\"size-medium wp-image-700 alignleft\" src=\"https:\/\/www.patriarcatovenezia.it\/ufficioliturgico\/wp-content\/uploads\/sites\/3\/2020\/01\/Dom_PdD_sal26_III_annoA-212x300.jpg\" alt=\"\" width=\"212\" height=\"300\" srcset=\"https:\/\/oldpatriarcatovenezia.glauco.it\/ufficioliturgico\/wp-content\/uploads\/sites\/3\/2020\/01\/Dom_PdD_sal26_III_annoA-212x300.jpg 212w, https:\/\/oldpatriarcatovenezia.glauco.it\/ufficioliturgico\/wp-content\/uploads\/sites\/3\/2020\/01\/Dom_PdD_sal26_III_annoA-768x1087.jpg 768w, https:\/\/oldpatriarcatovenezia.glauco.it\/ufficioliturgico\/wp-content\/uploads\/sites\/3\/2020\/01\/Dom_PdD_sal26_III_annoA-724x1024.jpg 724w, https:\/\/oldpatriarcatovenezia.glauco.it\/ufficioliturgico\/wp-content\/uploads\/sites\/3\/2020\/01\/Dom_PdD_sal26_III_annoA-198x280.jpg 198w, https:\/\/oldpatriarcatovenezia.glauco.it\/ufficioliturgico\/wp-content\/uploads\/sites\/3\/2020\/01\/Dom_PdD_sal26_III_annoA-543x768.jpg 543w, https:\/\/oldpatriarcatovenezia.glauco.it\/ufficioliturgico\/wp-content\/uploads\/sites\/3\/2020\/01\/Dom_PdD_sal26_III_annoA-1320x1868.jpg 1320w, https:\/\/oldpatriarcatovenezia.glauco.it\/ufficioliturgico\/wp-content\/uploads\/sites\/3\/2020\/01\/Dom_PdD_sal26_III_annoA.jpg 1653w\" sizes=\"(max-width: 212px) 100vw, 212px\" \/><\/a>\n<p>&nbsp;<\/p>\n<p>&nbsp;<\/p>\n<p>&nbsp;<\/p>\n<p>&nbsp;<\/p>\n<p>&nbsp;<\/p>\n<p>&nbsp;<\/p>\n<p>&nbsp;<\/p>\n<p>&nbsp;<\/p>\n<a href=\"https:\/\/www.patriarcatovenezia.it\/ufficioliturgico\/wp-content\/uploads\/sites\/3\/2020\/01\/depliant_domenica_della_parola_Pagina_1.jpg\" data-rel=\"lightbox-image-4\" data-rl_title=\"\" data-rl_caption=\"\" title=\"\"><img loading=\"lazy\" class=\"size-medium wp-image-715 alignleft\" src=\"https:\/\/www.patriarcatovenezia.it\/ufficioliturgico\/wp-content\/uploads\/sites\/3\/2020\/01\/depliant_domenica_della_parola_Pagina_1-286x300.jpg\" alt=\"\" width=\"286\" height=\"300\" srcset=\"https:\/\/oldpatriarcatovenezia.glauco.it\/ufficioliturgico\/wp-content\/uploads\/sites\/3\/2020\/01\/depliant_domenica_della_parola_Pagina_1-286x300.jpg 286w, https:\/\/oldpatriarcatovenezia.glauco.it\/ufficioliturgico\/wp-content\/uploads\/sites\/3\/2020\/01\/depliant_domenica_della_parola_Pagina_1-768x807.jpg 768w, https:\/\/oldpatriarcatovenezia.glauco.it\/ufficioliturgico\/wp-content\/uploads\/sites\/3\/2020\/01\/depliant_domenica_della_parola_Pagina_1-975x1024.jpg 975w, https:\/\/oldpatriarcatovenezia.glauco.it\/ufficioliturgico\/wp-content\/uploads\/sites\/3\/2020\/01\/depliant_domenica_della_parola_Pagina_1-267x280.jpg 267w, https:\/\/oldpatriarcatovenezia.glauco.it\/ufficioliturgico\/wp-content\/uploads\/sites\/3\/2020\/01\/depliant_domenica_della_parola_Pagina_1-731x768.jpg 731w, https:\/\/oldpatriarcatovenezia.glauco.it\/ufficioliturgico\/wp-content\/uploads\/sites\/3\/2020\/01\/depliant_domenica_della_parola_Pagina_1-1320x1386.jpg 1320w, https:\/\/oldpatriarcatovenezia.glauco.it\/ufficioliturgico\/wp-content\/uploads\/sites\/3\/2020\/01\/depliant_domenica_della_parola_Pagina_1.jpg 1575w\" sizes=\"(max-width: 286px) 100vw, 286px\" \/><\/a> <a href=\"https:\/\/www.patriarcatovenezia.it\/ufficioliturgico\/wp-content\/uploads\/sites\/3\/2020\/01\/depliant_domenica_della_parola_Pagina_2.jpg\" data-rel=\"lightbox-image-5\" data-rl_title=\"\" data-rl_caption=\"\" title=\"\"><img loading=\"lazy\" class=\"size-medium wp-image-716 alignleft\" src=\"https:\/\/www.patriarcatovenezia.it\/ufficioliturgico\/wp-content\/uploads\/sites\/3\/2020\/01\/depliant_domenica_della_parola_Pagina_2-286x300.jpg\" alt=\"\" width=\"286\" height=\"300\" srcset=\"https:\/\/oldpatriarcatovenezia.glauco.it\/ufficioliturgico\/wp-content\/uploads\/sites\/3\/2020\/01\/depliant_domenica_della_parola_Pagina_2-286x300.jpg 286w, https:\/\/oldpatriarcatovenezia.glauco.it\/ufficioliturgico\/wp-content\/uploads\/sites\/3\/2020\/01\/depliant_domenica_della_parola_Pagina_2-768x807.jpg 768w, https:\/\/oldpatriarcatovenezia.glauco.it\/ufficioliturgico\/wp-content\/uploads\/sites\/3\/2020\/01\/depliant_domenica_della_parola_Pagina_2-975x1024.jpg 975w, https:\/\/oldpatriarcatovenezia.glauco.it\/ufficioliturgico\/wp-content\/uploads\/sites\/3\/2020\/01\/depliant_domenica_della_parola_Pagina_2-267x280.jpg 267w, https:\/\/oldpatriarcatovenezia.glauco.it\/ufficioliturgico\/wp-content\/uploads\/sites\/3\/2020\/01\/depliant_domenica_della_parola_Pagina_2-731x768.jpg 731w, https:\/\/oldpatriarcatovenezia.glauco.it\/ufficioliturgico\/wp-content\/uploads\/sites\/3\/2020\/01\/depliant_domenica_della_parola_Pagina_2-1320x1386.jpg 1320w, https:\/\/oldpatriarcatovenezia.glauco.it\/ufficioliturgico\/wp-content\/uploads\/sites\/3\/2020\/01\/depliant_domenica_della_parola_Pagina_2.jpg 1575w\" sizes=\"(max-width: 286px) 100vw, 286px\" \/><\/a>\n","protected":false},"excerpt":{"rendered":"<p>La I Domenica della Parola di Dio, voluta da Papa Francesco, si celebrer\u00e0 il prossimo\u00a026 gennaio.\u00a0Nella\u00a0Lettera apostolica in forma di Motu proprio \u201cAperuit illis\u201d\u00a0(30 settembre 2019) il Papa, infatti, ha stabilito che: &#8220;la III Domenica del Tempo ordinario sia dedicata alla celebrazione, riflessione e divulgazione della Parola di Dio&#8221;.\u00a0 &#8220;Dedicare in modo particolare una domenica&#8230;  <a class=\"excerpt-read-more\" href=\"https:\/\/oldpatriarcatovenezia.glauco.it\/ufficioliturgico\/2020\/01\/10\/materiale-per-la-domenica-della-parola-di-dio-26-gennaio\/\" title=\"Leggi Materiale per la Domenica della Parola di Dio (26 gennaio)\">&raquo; continua<\/a><\/p>\n","protected":false},"author":10,"featured_media":715,"comment_status":"closed","ping_status":"closed","sticky":false,"template":"","format":"standard","meta":{"ip_address":"","user_agent":"","level":"","revision":"","cookie_id":"","page_referer":"","html_form":""},"categories":[90,91,87,98],"tags":[108,105,103,109,106,111,104,107,110],"acf":[],"_links":{"self":[{"href":"https:\/\/oldpatriarcatovenezia.glauco.it\/ufficioliturgico\/wp-json\/wp\/v2\/posts\/697"}],"collection":[{"href":"https:\/\/oldpatriarcatovenezia.glauco.it\/ufficioliturgico\/wp-json\/wp\/v2\/posts"}],"about":[{"href":"https:\/\/oldpatriarcatovenezia.glauco.it\/ufficioliturgico\/wp-json\/wp\/v2\/types\/post"}],"author":[{"embeddable":true,"href":"https:\/\/oldpatriarcatovenezia.glauco.it\/ufficioliturgico\/wp-json\/wp\/v2\/users\/10"}],"replies":[{"embeddable":true,"href":"https:\/\/oldpatriarcatovenezia.glauco.it\/ufficioliturgico\/wp-json\/wp\/v2\/comments?post=697"}],"version-history":[{"count":15,"href":"https:\/\/oldpatriarcatovenezia.glauco.it\/ufficioliturgico\/wp-json\/wp\/v2\/posts\/697\/revisions"}],"predecessor-version":[{"id":726,"href":"https:\/\/oldpatriarcatovenezia.glauco.it\/ufficioliturgico\/wp-json\/wp\/v2\/posts\/697\/revisions\/726"}],"wp:featuredmedia":[{"embeddable":true,"href":"https:\/\/oldpatriarcatovenezia.glauco.it\/ufficioliturgico\/wp-json\/wp\/v2\/media\/715"}],"wp:attachment":[{"href":"https:\/\/oldpatriarcatovenezia.glauco.it\/ufficioliturgico\/wp-json\/wp\/v2\/media?parent=697"}],"wp:term":[{"taxonomy":"category","embeddable":true,"href":"https:\/\/oldpatriarcatovenezia.glauco.it\/ufficioliturgico\/wp-json\/wp\/v2\/categories?post=697"},{"taxonomy":"post_tag","embeddable":true,"href":"https:\/\/oldpatriarcatovenezia.glauco.it\/ufficioliturgico\/wp-json\/wp\/v2\/tags?post=697"}],"curies":[{"name":"wp","href":"https:\/\/api.w.org\/{rel}","templated":true}]}}