{"id":679,"date":"2019-12-04T12:13:33","date_gmt":"2019-12-04T11:13:33","guid":{"rendered":"https:\/\/www.patriarcatovenezia.it\/ufficioliturgico\/?p=679"},"modified":"2019-12-04T12:13:33","modified_gmt":"2019-12-04T11:13:33","slug":"quando-venne-la-pienezza-del-tempo-sussidio-avvento-e-natale-2019","status":"publish","type":"post","link":"https:\/\/oldpatriarcatovenezia.glauco.it\/ufficioliturgico\/2019\/12\/04\/quando-venne-la-pienezza-del-tempo-sussidio-avvento-e-natale-2019\/","title":{"rendered":"\u00abQuando venne la pienezza del Tempo \u2026\u00bb &#8211; Sussidio Avvento e Natale 2019"},"content":{"rendered":"<div id=\"pgc-w577e0ca66d7f6-1-1\" class=\"panel-grid-cell\">\n<div class=\"col-lg-9 cci-content-tbt-page-wrapper-content panel-cell-style panel-cell-style-for-w577e0ca66d7f6-1-1\">\n<div id=\"panel-w577e0ca66d7f6-1-1-0\" class=\"so-panel widget widget_text panel-first-child panel-last-child\">\n<div class=\"textwidget\">\n<p>Il tempo \u00e8 un dono. Fin dal principio sono gli interventi di Dio a ordinare il tempo, a scandirne il ritmo e a determinarne la qualit\u00e0. La sua trama misteriosa \u00e8 l\u2019amore. Il tempo pu\u00f2 essere vissuto come grazia liberante perch\u00e9 amorevolmente iniziato da una Voce che pone fine al\u00a0<em>caos<\/em>\u00a0e crea un\u00a0<em>cosmo<\/em>\u00a0armonioso, bello e buono (Cfr.\u00a0<em>Gen<\/em>\u00a01).<\/p>\n<p>La sapienza della Chiesa ha predisposto i giorni dell\u2019Avvento come singolare tempo di grazia scandito da figure profetiche, da gesti e parole, che ci consentono di entrare, a poco a poco, nel mistero della salvezza.<\/p>\n<p>Un succedersi di giorni che \u2013 con un crescendo di intensit\u00e0 \u2013 ci predispongono ad accogliere il Dono, a noi fatto nel tempo, della nascita del Figlio di Dio fatto uomo.<\/p>\n<p>A noi che spesso soffriamo l\u2019inquietudine del tempo o viviamo i nostri giorni assillati dalla mancanza di tempo, \u00e8 donata la grazia di interrompere i nostri ritmi frenetici e di sostare, di ascoltare e di invocare, di accogliere e ringraziare. Il dono del Verbo, che nella pienezza del tempo si fa carne nel grembo della Vergine Maria (Cfr.\u00a0<em>Gal\u00a0<\/em>4,4), crea nel tempo lo spazio per la libert\u00e0 dell\u2019uomo. \u00c8 questa la lieta notizia dell\u2019Avvento e del Natale.<\/p>\n<p>L\u2019auspicio \u00e8 che il presente sussidio per l\u2019animazione liturgico-pastorale del tempo di Avvento-Natale 2019, possa configurarsi come strumento umile ma prezioso a sostegno delle celebrazioni che scandiscono il cammino di fede delle nostre comunit\u00e0 cristiane, perch\u00e9 il tempo possa essere gustato come dono di libert\u00e0 e di grazia.<\/p>\n<p>&nbsp;<\/p>\n<p style=\"text-align: right\"><strong>+ Stefano Russo<br \/>\n<\/strong>Segretario Generale<br \/>\ndella Conferenza Episcopale Italiana<\/p>\n<p>&nbsp;<\/p>\n<p>&nbsp;<\/p>\n<p><a href=\"https:\/\/liturgico.chiesacattolica.it\/wp-content\/uploads\/sites\/8\/2019\/11\/25\/Sussidio-AVVENTO-e-NATALE-2019.pdf\" target=\"_blank\" rel=\"noopener noreferrer\">Download:\u00a0<strong>Sussidio Avvento Natale 2019<\/strong><\/a><\/p>\n<p><a href=\"https:\/\/liturgico.chiesacattolica.it\/wp-content\/uploads\/sites\/8\/2019\/11\/25\/Liturgia-delle-Ore-Avvento-e-Immacolata-Accompagnamenti-organistici-2.pdf\" target=\"_blank\" rel=\"noopener noreferrer\">Download:\u00a0<strong>Liturgia delle Ore &#8211; Avvento e Immacolata &#8211; Accompagnamenti organistici<\/strong><\/a><\/p>\n<p><a href=\"https:\/\/liturgico.chiesacattolica.it\/solennita-dellimmacolata-2019\/\" target=\"_blank\" rel=\"noopener noreferrer\">Link:\u00a0<strong>Solennit\u00e0 dell&#8217;Immacolata &#8211; 8 Dicembre 2019<\/strong><\/a><\/p>\n<p>&nbsp;<\/p>\n<\/div>\n<\/div>\n<\/div>\n<\/div>\n<div id=\"pgc-w577e0ca66d7f6-1-2\" class=\"panel-grid-cell\">\n<div class=\"col-lg-12 seed_content_tbt_single_attachments panel-cell-style panel-cell-style-for-w577e0ca66d7f6-1-2\">\n<div id=\"panel-w577e0ca66d7f6-1-2-0\" class=\"so-panel widget widget_text panel-first-child panel-last-child\">\n<div class=\"textwidget\">\n<h3 class=\"wpba_attachment_list_title\">ALLEGATI<\/h3>\n<div id=\"wpba_attachment_list\" class=\"wpba wpba-wrap\">\n<ul class=\"seed_content_tbt_single_attachments_list\">\n<li id=\"wpba_attachment_list_7617\" class=\"wpba-list-item\"><a class=\"wpba-link pull-left\" title=\"Sussidio AVVENTO e NATALE 2019\" href=\"https:\/\/liturgico.chiesacattolica.it\/wp-content\/uploads\/sites\/8\/2019\/11\/25\/Sussidio-AVVENTO-e-NATALE-2019.pdf\" target=\"_blank\" rel=\"noopener noreferrer\">SUSSIDIO AVVENTO E NATALE 2019<\/a><\/li>\n<li id=\"wpba_attachment_list_7574\" class=\"wpba-list-item\"><a class=\"wpba-link pull-left\" title=\"Liturgia delle Ore - Avvento e Immacolata - Accompagnamenti organistici\" href=\"https:\/\/liturgico.chiesacattolica.it\/wp-content\/uploads\/sites\/8\/2019\/11\/25\/Liturgia-delle-Ore-Avvento-e-Immacolata-Accompagnamenti-organistici-2.pdf\" target=\"_blank\" rel=\"noopener noreferrer\">LITURGIA DELLE ORE &#8211; AVVENTO E IMMACOLATA &#8211; ACCOMPAGNAMENTI ORGANISTICI<\/a><\/li>\n<\/ul>\n<\/div>\n<p style=\"text-align: right\">[Tratto da <a href=\"https:\/\/liturgico.chiesacattolica.it\/sussidio-avvento-2019\/\">liturgico.chiesacattolica.it<\/a>]<\/p>\n<\/div>\n<\/div>\n<\/div>\n<\/div>\n","protected":false},"excerpt":{"rendered":"<p>Il tempo \u00e8 un dono. Fin dal principio sono gli interventi di Dio a ordinare il tempo, a scandirne il ritmo e a determinarne la qualit\u00e0. La sua trama misteriosa \u00e8 l\u2019amore. Il tempo pu\u00f2 essere vissuto come grazia liberante perch\u00e9 amorevolmente iniziato da una Voce che pone fine al\u00a0caos\u00a0e crea un\u00a0cosmo\u00a0armonioso, bello e buono&#8230;  <a class=\"excerpt-read-more\" href=\"https:\/\/oldpatriarcatovenezia.glauco.it\/ufficioliturgico\/2019\/12\/04\/quando-venne-la-pienezza-del-tempo-sussidio-avvento-e-natale-2019\/\" title=\"Leggi \u00abQuando venne la pienezza del Tempo \u2026\u00bb &#8211; Sussidio Avvento e Natale 2019\">&raquo; continua<\/a><\/p>\n","protected":false},"author":10,"featured_media":680,"comment_status":"closed","ping_status":"closed","sticky":false,"template":"","format":"standard","meta":{"ip_address":"","user_agent":"","level":"","revision":"","cookie_id":"","page_referer":"","html_form":""},"categories":[1,90,87],"tags":[102,100,101,99],"acf":[],"_links":{"self":[{"href":"https:\/\/oldpatriarcatovenezia.glauco.it\/ufficioliturgico\/wp-json\/wp\/v2\/posts\/679"}],"collection":[{"href":"https:\/\/oldpatriarcatovenezia.glauco.it\/ufficioliturgico\/wp-json\/wp\/v2\/posts"}],"about":[{"href":"https:\/\/oldpatriarcatovenezia.glauco.it\/ufficioliturgico\/wp-json\/wp\/v2\/types\/post"}],"author":[{"embeddable":true,"href":"https:\/\/oldpatriarcatovenezia.glauco.it\/ufficioliturgico\/wp-json\/wp\/v2\/users\/10"}],"replies":[{"embeddable":true,"href":"https:\/\/oldpatriarcatovenezia.glauco.it\/ufficioliturgico\/wp-json\/wp\/v2\/comments?post=679"}],"version-history":[{"count":1,"href":"https:\/\/oldpatriarcatovenezia.glauco.it\/ufficioliturgico\/wp-json\/wp\/v2\/posts\/679\/revisions"}],"predecessor-version":[{"id":681,"href":"https:\/\/oldpatriarcatovenezia.glauco.it\/ufficioliturgico\/wp-json\/wp\/v2\/posts\/679\/revisions\/681"}],"wp:featuredmedia":[{"embeddable":true,"href":"https:\/\/oldpatriarcatovenezia.glauco.it\/ufficioliturgico\/wp-json\/wp\/v2\/media\/680"}],"wp:attachment":[{"href":"https:\/\/oldpatriarcatovenezia.glauco.it\/ufficioliturgico\/wp-json\/wp\/v2\/media?parent=679"}],"wp:term":[{"taxonomy":"category","embeddable":true,"href":"https:\/\/oldpatriarcatovenezia.glauco.it\/ufficioliturgico\/wp-json\/wp\/v2\/categories?post=679"},{"taxonomy":"post_tag","embeddable":true,"href":"https:\/\/oldpatriarcatovenezia.glauco.it\/ufficioliturgico\/wp-json\/wp\/v2\/tags?post=679"}],"curies":[{"name":"wp","href":"https:\/\/api.w.org\/{rel}","templated":true}]}}