{"id":569,"date":"2019-09-12T15:26:20","date_gmt":"2019-09-12T13:26:20","guid":{"rendered":"https:\/\/www.patriarcatovenezia.it\/ufficioliturgico\/?p=569"},"modified":"2019-12-02T11:32:07","modified_gmt":"2019-12-02T10:32:07","slug":"chi-non-ama-non-canta","status":"publish","type":"post","link":"https:\/\/oldpatriarcatovenezia.glauco.it\/ufficioliturgico\/2019\/09\/12\/chi-non-ama-non-canta\/","title":{"rendered":"Chi non ama non canta"},"content":{"rendered":"<hr \/>\n<p>Mons. Frisina nella parrocchia di Jesolo Paese ha parlato del canto nella liturgia e si \u00e8 espresso cos\u00ec:<\/p>\n<blockquote><p>&#8220;La musica nasce sempre per amore, e si canta solo per amore; \u00e8 un modo per vivere pi\u00f9 profondamente l&#8217;amore. [&#8230;] Quando si alza il livello della comunicazione si canta, perci\u00f2 quando entro in relazione con Dio lo faccio con il canto&#8221;.<\/p><\/blockquote>\n<p>In allegato il resoconto dell&#8217;incontro e dell&#8217;intervista.<\/p>\n<p>&nbsp;<\/p>\n<a href=\"https:\/\/www.patriarcatovenezia.it\/ufficioliturgico\/wp-content\/uploads\/sites\/3\/2019\/09\/GV_MonsFrisina_Jesolo_05set2019-e1568293642748.jpg\" data-rel=\"lightbox-image-0\" data-rl_title=\"\" data-rl_caption=\"\" title=\"\"><img loading=\"lazy\" class=\"aligncenter wp-image-572 size-large\" src=\"https:\/\/www.patriarcatovenezia.it\/ufficioliturgico\/wp-content\/uploads\/sites\/3\/2019\/09\/GV_MonsFrisina_Jesolo_05set2019-e1568294737623-1024x724.jpg\" alt=\"\" width=\"1024\" height=\"724\" srcset=\"https:\/\/oldpatriarcatovenezia.glauco.it\/ufficioliturgico\/wp-content\/uploads\/sites\/3\/2019\/09\/GV_MonsFrisina_Jesolo_05set2019-e1568294737623-1024x724.jpg 1024w, https:\/\/oldpatriarcatovenezia.glauco.it\/ufficioliturgico\/wp-content\/uploads\/sites\/3\/2019\/09\/GV_MonsFrisina_Jesolo_05set2019-e1568294737623-300x212.jpg 300w, https:\/\/oldpatriarcatovenezia.glauco.it\/ufficioliturgico\/wp-content\/uploads\/sites\/3\/2019\/09\/GV_MonsFrisina_Jesolo_05set2019-e1568294737623-768x543.jpg 768w, https:\/\/oldpatriarcatovenezia.glauco.it\/ufficioliturgico\/wp-content\/uploads\/sites\/3\/2019\/09\/GV_MonsFrisina_Jesolo_05set2019-e1568294737623-360x255.jpg 360w, https:\/\/oldpatriarcatovenezia.glauco.it\/ufficioliturgico\/wp-content\/uploads\/sites\/3\/2019\/09\/GV_MonsFrisina_Jesolo_05set2019-e1568294737623-1320x933.jpg 1320w\" sizes=\"(max-width: 1024px) 100vw, 1024px\" \/><\/a>\n<a href=\"https:\/\/www.patriarcatovenezia.it\/ufficioliturgico\/wp-content\/uploads\/sites\/3\/2019\/09\/GV_MonsFrisina_intervista-e1568293699582.jpg\" data-rel=\"lightbox-image-1\" data-rl_title=\"\" data-rl_caption=\"\" title=\"\"><img loading=\"lazy\" class=\"aligncenter wp-image-570 size-large\" src=\"https:\/\/www.patriarcatovenezia.it\/ufficioliturgico\/wp-content\/uploads\/sites\/3\/2019\/09\/GV_MonsFrisina_intervista-e1568293668538-724x1024.jpg\" alt=\"\" width=\"724\" height=\"1024\" \/><\/a>\n","protected":false},"excerpt":{"rendered":"<p>Mons. Frisina nella parrocchia di Jesolo Paese ha parlato del canto nella liturgia e si \u00e8 espresso cos\u00ec: &#8220;La musica nasce sempre per amore, e si canta solo per amore; \u00e8 un modo per vivere pi\u00f9 profondamente l&#8217;amore. [&#8230;] Quando si alza il livello della comunicazione si canta, perci\u00f2 quando entro in relazione con Dio&#8230;  <a class=\"excerpt-read-more\" href=\"https:\/\/oldpatriarcatovenezia.glauco.it\/ufficioliturgico\/2019\/09\/12\/chi-non-ama-non-canta\/\" title=\"Leggi Chi non ama non canta\">&raquo; continua<\/a><\/p>\n","protected":false},"author":10,"featured_media":572,"comment_status":"closed","ping_status":"closed","sticky":false,"template":"","format":"standard","meta":{"ip_address":"","user_agent":"","level":"","revision":"","cookie_id":"","page_referer":"","html_form":""},"categories":[90,91,87,98],"tags":[],"acf":[],"_links":{"self":[{"href":"https:\/\/oldpatriarcatovenezia.glauco.it\/ufficioliturgico\/wp-json\/wp\/v2\/posts\/569"}],"collection":[{"href":"https:\/\/oldpatriarcatovenezia.glauco.it\/ufficioliturgico\/wp-json\/wp\/v2\/posts"}],"about":[{"href":"https:\/\/oldpatriarcatovenezia.glauco.it\/ufficioliturgico\/wp-json\/wp\/v2\/types\/post"}],"author":[{"embeddable":true,"href":"https:\/\/oldpatriarcatovenezia.glauco.it\/ufficioliturgico\/wp-json\/wp\/v2\/users\/10"}],"replies":[{"embeddable":true,"href":"https:\/\/oldpatriarcatovenezia.glauco.it\/ufficioliturgico\/wp-json\/wp\/v2\/comments?post=569"}],"version-history":[{"count":3,"href":"https:\/\/oldpatriarcatovenezia.glauco.it\/ufficioliturgico\/wp-json\/wp\/v2\/posts\/569\/revisions"}],"predecessor-version":[{"id":578,"href":"https:\/\/oldpatriarcatovenezia.glauco.it\/ufficioliturgico\/wp-json\/wp\/v2\/posts\/569\/revisions\/578"}],"wp:featuredmedia":[{"embeddable":true,"href":"https:\/\/oldpatriarcatovenezia.glauco.it\/ufficioliturgico\/wp-json\/wp\/v2\/media\/572"}],"wp:attachment":[{"href":"https:\/\/oldpatriarcatovenezia.glauco.it\/ufficioliturgico\/wp-json\/wp\/v2\/media?parent=569"}],"wp:term":[{"taxonomy":"category","embeddable":true,"href":"https:\/\/oldpatriarcatovenezia.glauco.it\/ufficioliturgico\/wp-json\/wp\/v2\/categories?post=569"},{"taxonomy":"post_tag","embeddable":true,"href":"https:\/\/oldpatriarcatovenezia.glauco.it\/ufficioliturgico\/wp-json\/wp\/v2\/tags?post=569"}],"curies":[{"name":"wp","href":"https:\/\/api.w.org\/{rel}","templated":true}]}}