{"id":436,"date":"2018-11-20T10:47:27","date_gmt":"2018-11-20T09:47:27","guid":{"rendered":"https:\/\/www.patriarcatovenezia.it\/ufficioliturgico\/?p=436"},"modified":"2018-12-19T10:52:45","modified_gmt":"2018-12-19T09:52:45","slug":"sussidio-di-avvento-e-natale-2018","status":"publish","type":"post","link":"https:\/\/oldpatriarcatovenezia.glauco.it\/ufficioliturgico\/2018\/11\/20\/sussidio-di-avvento-e-natale-2018\/","title":{"rendered":"Sussidio di Avvento e Natale 2018"},"content":{"rendered":"<hr \/>\n<div id=\"pg-w577e0ca66d7f6-1\" class=\"panel-grid panel-has-style\">\n<div class=\"row seed_content_tbt_single_article_wrapper panel-row-style panel-row-style-for-w577e0ca66d7f6-1\">\n<div id=\"pgc-w577e0ca66d7f6-1-1\" class=\"panel-grid-cell\">\n<div class=\"col-lg-9 cci-content-tbt-page-wrapper-content panel-cell-style panel-cell-style-for-w577e0ca66d7f6-1-1\">\n<div id=\"panel-w577e0ca66d7f6-1-1-0\" class=\"so-panel widget widget_text panel-first-child panel-last-child\">\n<div class=\"textwidget\">\n<p><a href=\"https:\/\/avventonatale2018.chiesacattolica.it\/\" target=\"_blank\" rel=\"noopener\">\u00c8 on line il Sussidio di Avvento e Natale 2018.<\/a><\/p>\n<p>Il sussidio si compone di due parti: una dedicata al tempo di Avvento e una al tempo di Natale.<\/p>\n<p>Offre per ciascuna Domenica\/Solennit\u00e0\/Festa i commenti alla Liturgia della Parola, le indicazioni liturgiche, i formulari per la preghiera dei fedeli, i suggerimenti musicali. Una particolare attenzione \u00e8 rivolta ai ministranti.<\/p>\n<a href=\"https:\/\/avventonatale2018.chiesacattolica.it\/\" target=\"_blank\" rel=\"noopener\"><img loading=\"lazy\" class=\"alignnone size-full wp-image-6998\" src=\"https:\/\/liturgico.chiesacattolica.it\/wp-content\/uploads\/sites\/8\/2018\/11\/06\/Bannerino.png\" alt=\"\" width=\"286\" height=\"150\" \/><\/a>\n<p>&nbsp;<\/p>\n<p><a href=\"https:\/\/avventonatale2018.chiesacattolica.it\/wp-content\/uploads\/sites\/44\/Sussidio-AVVENTO-NATALE-2018.pdf\" target=\"_blank\" rel=\"noopener\">PDF del Sussidio di\u00a0 AVVENTO &#8211; NATALE 2018<\/a><\/p>\n<p><a href=\"http:\/\/avventonatale2018.chiesacattolica.it\/wp-content\/uploads\/sites\/44\/Liturgia-delle-ore-Avvento-Natale-2018.pdf\" target=\"_blank\" rel=\"noopener\">PDF &#8211; Accompagnamenti organistici della Liturgia delle Ore &#8211; Tempo AVVENTO &#8211; NATALE<\/a><\/p>\n<p>&nbsp;<\/p>\n<hr \/>\n<h4><a href=\"https:\/\/avventonatale2018.chiesacattolica.it\/2018\/10\/30\/presentazione\/\" target=\"_blank\" rel=\"noopener\"><em>Presentazione di S.E. Mons. Stefano Russo<\/em><\/a><\/h4>\n<p>All\u2019inizio del primo sussidio dell\u2019Anno liturgico 2018-2019, con le parole del prefazio I dell\u2019Avvento \u00e8 posta in evidenza la duplice prospettiva in cui \u00e8 incluso questo tratto di tempo salvifico. Facciamo memoria, infatti, della venuta del Verbo incarnato\u00a0<em>\u00abnell\u2019umilt\u00e0 della nostra natura umana\u00bb<\/em>\u00a0certi che egli\u00a0<em>\u00abverr\u00e0 di nuovo nello splendore della gloria\u00bb.<\/em>\u00a0Questo tempo di salvezza permea l\u2019esistenza del singolo credente e della Chiesa tutta. Entrambi desiderano affrancarsi dalle pesantezze della vita quotidiana, entrambi anelano a recuperare una serenit\u00e0 di fondo che sembra dissolta dalla diffusa precariet\u00e0 sociale. Tuttavia, le nebbie dell\u2019autunno dell\u2019anima non manifestano soltanto opacit\u00e0 e confusione. Esse annunciano, pur velatamente, l\u2019avvicinarsi del Sole invitto, Cristo Ges\u00f9, che a Natale rinasce nel cuore di ciascuna persona pronta ad aderire alla volont\u00e0 del Padre.<\/p>\n<p>\u00c8 trascorso ormai un anno durante il quale molti hanno attraversato prati ridenti e paesaggi incantevoli. Il panorama non \u00e8 stato per\u00f2 sempre idilliaco. Sentieri impervi ci hanno messo in difficolt\u00e0, ci hanno costretto a prendere coscienza dei nostri limiti. I successi non sempre bilanciano i fallimenti, i dolori talora insidiano la gioia e il piacere di vivere. Immersi e quasi schiacciati da una folla anonima, rischiamo di non trovare il porto della pace nell\u2019ambito familiare e nel contesto del lavoro quotidiano. Non c\u2019\u00e8, tuttavia, condizione di vita che sia destinata a durare per sempre. Solo Cristo \u00e8 stato ieri, \u00e8 oggi e sar\u00e0 domani. \u00c8 il nostro Salvatore, la via da percorrere, la verit\u00e0 da assorbire totalmente, la vita da riscoprire ogni giorno e condividere\u00a0<em>nello splendore della gloria<\/em>\u00a0perch\u00e9 in Lui anche noi siamo figli di Dio.<\/p>\n<p>Il sussidio aiuta clero e fedeli a prendere coscienza dell\u2019agire liturgico. Siamo chiamati a vivere, in ogni celebrazione, nella duplice dimensione storica e insieme escatologica. Il cammino dell\u2019Avvento si compie sotto la guida di Isaia e di Giovanni il Battista, della vergine Maria e del suo sposo san Giuseppe. Preziosa come perla del Regno \u00e8 poi la testimonianza degli evangelisti Luca e Matteo.<\/p>\n<p>Nell\u2019avvicinarci alla vetta natalizia, l\u2019Avvento esige un impegno solidale in tutte le comunit\u00e0. Si sceglieranno, come prima di una salita in montagna, gli attrezzi pi\u00f9 idonei, si potranno sperimentare innovazioni gi\u00e0 collaudate in esperienze positive. \u00c8 in quest\u2019ottica che possono risultare preziose le indicazioni del presente sussidio, che, a partire dalla proclamazione, ascolto e venerazione della Parola di Dio, ci invita a valorizzare con sapienza i \u201csanti segni\u201d della liturgia della Chiesa. Vivere l\u2019Avvento \u00e8 farne emergere la ricchezza nelle molteplici e differenti manifestazioni del\u00a0 quotidiano, tra il gi\u00e0 e il non ancora, profondamente radicati nella concretezza del presente umano e totalmente aperti alla presenza di Dio. In quest\u2019ultima esperienza troveremo il nostro futuro.<\/p>\n<p>&nbsp;<\/p>\n<p><img src=\"https:\/\/banchedati.chiesacattolica.it\/cci_new_v3\/images\/croce.gif\" alt=\"\" \/>\u00a0Stefano Russo<br \/>\nSegretario Generale della CEI<\/p>\n<\/div>\n<\/div>\n<\/div>\n<\/div>\n<div id=\"pgc-w577e0ca66d7f6-1-2\" class=\"panel-grid-cell\">\n<div class=\"col-lg-12 seed_content_tbt_single_attachments panel-cell-style panel-cell-style-for-w577e0ca66d7f6-1-2\">\n<div id=\"panel-w577e0ca66d7f6-1-2-0\" class=\"so-panel widget widget_text panel-first-child panel-last-child\">\n<div class=\"textwidget\"><\/div>\n<\/div>\n<\/div>\n<\/div>\n<\/div>\n<\/div>\n<div id=\"pg-w577e0ca66d7f6-2\" class=\"panel-grid panel-has-style\">\n<div class=\"row panel-row-style panel-row-style-for-w577e0ca66d7f6-2\">\n<div id=\"pgc-w577e0ca66d7f6-2-0\" class=\"panel-grid-cell\">\n<div id=\"panel-w577e0ca66d7f6-2-0-0\" class=\"so-panel widget widget_text panel-first-child panel-last-child\">\n<div class=\"textwidget\">\n<div class=\"row seed-single-footer-tema-cci-row\"><\/div>\n<\/div>\n<\/div>\n<\/div>\n<\/div>\n<\/div>\n","protected":false},"excerpt":{"rendered":"<p>\u00c8 on line il Sussidio di Avvento e Natale 2018. Il sussidio si compone di due parti: una dedicata al tempo di Avvento e una al tempo di Natale. Offre per ciascuna Domenica\/Solennit\u00e0\/Festa i commenti alla Liturgia della Parola, le indicazioni liturgiche, i formulari per la preghiera dei fedeli, i suggerimenti musicali. Una particolare attenzione&#8230;  <a class=\"excerpt-read-more\" href=\"https:\/\/oldpatriarcatovenezia.glauco.it\/ufficioliturgico\/2018\/11\/20\/sussidio-di-avvento-e-natale-2018\/\" title=\"Leggi Sussidio di Avvento e Natale 2018\">&raquo; continua<\/a><\/p>\n","protected":false},"author":10,"featured_media":437,"comment_status":"closed","ping_status":"closed","sticky":false,"template":"","format":"standard","meta":{"ip_address":"","user_agent":"","level":"","revision":"","cookie_id":"","page_referer":"","html_form":""},"categories":[90,87],"tags":[],"acf":[],"_links":{"self":[{"href":"https:\/\/oldpatriarcatovenezia.glauco.it\/ufficioliturgico\/wp-json\/wp\/v2\/posts\/436"}],"collection":[{"href":"https:\/\/oldpatriarcatovenezia.glauco.it\/ufficioliturgico\/wp-json\/wp\/v2\/posts"}],"about":[{"href":"https:\/\/oldpatriarcatovenezia.glauco.it\/ufficioliturgico\/wp-json\/wp\/v2\/types\/post"}],"author":[{"embeddable":true,"href":"https:\/\/oldpatriarcatovenezia.glauco.it\/ufficioliturgico\/wp-json\/wp\/v2\/users\/10"}],"replies":[{"embeddable":true,"href":"https:\/\/oldpatriarcatovenezia.glauco.it\/ufficioliturgico\/wp-json\/wp\/v2\/comments?post=436"}],"version-history":[{"count":1,"href":"https:\/\/oldpatriarcatovenezia.glauco.it\/ufficioliturgico\/wp-json\/wp\/v2\/posts\/436\/revisions"}],"predecessor-version":[{"id":438,"href":"https:\/\/oldpatriarcatovenezia.glauco.it\/ufficioliturgico\/wp-json\/wp\/v2\/posts\/436\/revisions\/438"}],"wp:featuredmedia":[{"embeddable":true,"href":"https:\/\/oldpatriarcatovenezia.glauco.it\/ufficioliturgico\/wp-json\/wp\/v2\/media\/437"}],"wp:attachment":[{"href":"https:\/\/oldpatriarcatovenezia.glauco.it\/ufficioliturgico\/wp-json\/wp\/v2\/media?parent=436"}],"wp:term":[{"taxonomy":"category","embeddable":true,"href":"https:\/\/oldpatriarcatovenezia.glauco.it\/ufficioliturgico\/wp-json\/wp\/v2\/categories?post=436"},{"taxonomy":"post_tag","embeddable":true,"href":"https:\/\/oldpatriarcatovenezia.glauco.it\/ufficioliturgico\/wp-json\/wp\/v2\/tags?post=436"}],"curies":[{"name":"wp","href":"https:\/\/api.w.org\/{rel}","templated":true}]}}