{"id":337,"date":"2017-11-27T14:03:44","date_gmt":"2017-11-27T13:03:44","guid":{"rendered":"https:\/\/www.patriarcatovenezia.it\/ufficioliturgico\/?p=337"},"modified":"2017-11-27T14:03:44","modified_gmt":"2017-11-27T13:03:44","slug":"calendario-liturgico-201718","status":"publish","type":"post","link":"https:\/\/oldpatriarcatovenezia.glauco.it\/ufficioliturgico\/2017\/11\/27\/calendario-liturgico-201718\/","title":{"rendered":"Calendario liturgico 2017\/18"},"content":{"rendered":"<hr \/>\n<p>Vi comunichiamo che da oggi sono disponibili i <strong>calendari per l\u2019anno liturgico 2017-2018<\/strong>:<\/p>\n<p><strong>Venezia e isole<\/strong><br \/>\nPortineria del palazzo Patriarcale<br \/>\ndal luned\u00ec al venerd\u00ec dalle ore 8:00 alle 18:30, il sabato dalle 8:00 alle 12:30<\/p>\n<p><strong>Mestre, terraferma e litorale<\/strong><br \/>\nCentro Urbani di Zelarino<br \/>\nda luned\u00ec a venerd\u00ec dalle 9:30 alle 12:00 (c\/o ufficio don Fabio Mattiuzzi); il venerd\u00ec anche dalle 15:30 alle 19:00 (c\/o Ufficio Matrimoni-Associazione NOI)<\/p>\n<hr \/>\n<p>INDICAZIONI PER LA DISTRIBUZIONE<\/p>\n<p>Negli scatoloni troverete i calendari etichettati per:<\/p>\n<ul>\n<li>PARROCCHIE (N.B. Il sacerdote parroco non avr\u00e0 un calendario a proprio nome, bens\u00ec a nome della parrocchia e se, ad esempio, \u00e8 parroco di 2 comunit\u00e0, trover\u00e0 i 2 corrispondenti calendari)<\/li>\n<li>SACERDOTI NON PARROCI<\/li>\n<li>DIACONI<\/li>\n<li>ISTITUTI RELIGIOSI FEMMINILI<\/li>\n<li>ISTITUTI RELIGIOSI MASCHILI<\/li>\n<\/ul>\n<p>\u00c8 possibile prendere ulteriori copie tra i calendari non etichettati, se presenti, lasciando un\u2019offerta.<\/p>\n","protected":false},"excerpt":{"rendered":"<p>Vi comunichiamo che da oggi sono disponibili i calendari per l\u2019anno liturgico 2017-2018: Venezia e isole Portineria del palazzo Patriarcale dal luned\u00ec al venerd\u00ec dalle ore 8:00 alle 18:30, il sabato dalle 8:00 alle 12:30 Mestre, terraferma e litorale Centro Urbani di Zelarino da luned\u00ec a venerd\u00ec dalle 9:30 alle 12:00 (c\/o ufficio don Fabio&#8230;  <a class=\"excerpt-read-more\" href=\"https:\/\/oldpatriarcatovenezia.glauco.it\/ufficioliturgico\/2017\/11\/27\/calendario-liturgico-201718\/\" title=\"Leggi Calendario liturgico 2017\/18\">&raquo; continua<\/a><\/p>\n","protected":false},"author":10,"featured_media":339,"comment_status":"closed","ping_status":"closed","sticky":false,"template":"","format":"standard","meta":{"ip_address":"","user_agent":"","level":"","revision":"","cookie_id":"","page_referer":"","html_form":""},"categories":[90,87],"tags":[],"acf":[],"_links":{"self":[{"href":"https:\/\/oldpatriarcatovenezia.glauco.it\/ufficioliturgico\/wp-json\/wp\/v2\/posts\/337"}],"collection":[{"href":"https:\/\/oldpatriarcatovenezia.glauco.it\/ufficioliturgico\/wp-json\/wp\/v2\/posts"}],"about":[{"href":"https:\/\/oldpatriarcatovenezia.glauco.it\/ufficioliturgico\/wp-json\/wp\/v2\/types\/post"}],"author":[{"embeddable":true,"href":"https:\/\/oldpatriarcatovenezia.glauco.it\/ufficioliturgico\/wp-json\/wp\/v2\/users\/10"}],"replies":[{"embeddable":true,"href":"https:\/\/oldpatriarcatovenezia.glauco.it\/ufficioliturgico\/wp-json\/wp\/v2\/comments?post=337"}],"version-history":[{"count":2,"href":"https:\/\/oldpatriarcatovenezia.glauco.it\/ufficioliturgico\/wp-json\/wp\/v2\/posts\/337\/revisions"}],"predecessor-version":[{"id":340,"href":"https:\/\/oldpatriarcatovenezia.glauco.it\/ufficioliturgico\/wp-json\/wp\/v2\/posts\/337\/revisions\/340"}],"wp:featuredmedia":[{"embeddable":true,"href":"https:\/\/oldpatriarcatovenezia.glauco.it\/ufficioliturgico\/wp-json\/wp\/v2\/media\/339"}],"wp:attachment":[{"href":"https:\/\/oldpatriarcatovenezia.glauco.it\/ufficioliturgico\/wp-json\/wp\/v2\/media?parent=337"}],"wp:term":[{"taxonomy":"category","embeddable":true,"href":"https:\/\/oldpatriarcatovenezia.glauco.it\/ufficioliturgico\/wp-json\/wp\/v2\/categories?post=337"},{"taxonomy":"post_tag","embeddable":true,"href":"https:\/\/oldpatriarcatovenezia.glauco.it\/ufficioliturgico\/wp-json\/wp\/v2\/tags?post=337"}],"curies":[{"name":"wp","href":"https:\/\/api.w.org\/{rel}","templated":true}]}}