{"id":333,"date":"2017-11-27T13:55:41","date_gmt":"2017-11-27T12:55:41","guid":{"rendered":"https:\/\/www.patriarcatovenezia.it\/ufficioliturgico\/?p=333"},"modified":"2017-11-27T13:55:41","modified_gmt":"2017-11-27T12:55:41","slug":"sussidio-avvento-natale-2017","status":"publish","type":"post","link":"https:\/\/oldpatriarcatovenezia.glauco.it\/ufficioliturgico\/2017\/11\/27\/sussidio-avvento-natale-2017\/","title":{"rendered":"Sussidio Avvento Natale 2017"},"content":{"rendered":"<hr \/>\n<p><em><strong>A questo <a href=\"http:\/\/avventonatale2017.chiesacattolica.it\/#main\">link<\/a> \u00e8 possibile consultare e scaricare il sussidio 2017 per Avvento e Natale dell&#8217;Ufficio Liturgico nazionale<\/strong><\/em><\/p>\n<hr \/>\n<header class=\"entry-header\">\n<p class=\"entry-title\" style=\"text-align: center\"><strong>PRESENTAZIONE<\/strong><\/p>\n<\/header>\n<p>\u00abIl Signore annuncia la pace\u00bb: le parole del Salmo 85 illuminano la nostra preparazione al tempo di Avvento, che apre il nuovo anno liturgico. Ci appaiono la migliore preparazione alla solennit\u00e0 del Natale, che si prolunga fino alla festa del Battesimo del Signore. Si tratta di una parola carica di speranza, ma anche capace di correggere e chiamare a conversione.<\/p>\n<p>Di fronte a coloro che covano progetti di guerra, \u00abil Signore annuncia la pace\u00bb; di fronte a coloro che pronunciano parole cariche di risentimento, animosit\u00e0, o addirittura disprezzo, \u00abil Signore annuncia la pace\u00bb. Anche per noi credenti, che troppo spesso siamo tentati di essere i protagonisti della missione, le parole del salmo costituiscono una delicata ammonizione: \u00e8 il Signore che per primo annuncia. \u00a0Papa Francesco ci ricorda che la vera pace non possiamo fabbricarla noi, perch\u00e9 non sarebbe duratura: \u00abLa pace che d\u00e0 Ges\u00f9 \u00e8 un regalo: \u00e8 un dono dello Spirito Santo\u00bb (<em>Omelia<\/em>, 16 maggio 2017). Possiamo diventare evangelizzatori autentici e lieti solo ascoltando la sua parola, mettendoci sulle orme di Cristo, lasciandoci guidare dallo Spirito: come dice il salmo, il lieto messaggio riguarda innanzitutto \u00abil suo popolo, i suoi fedeli\u00bb, non in senso esclusivo, ma nel senso di una responsabilit\u00e0 originaria. Se davvero a partire dall\u2019ascolto diventeremo \u00abil suo popolo\u00bb, se davvero saremo fedeli alla sua chiamata, allora potremo ripetere parole di pace per i poveri, per i disprezzati e gli scartati della storia, e anche per coloro che \u2013 con maggiore o minore responsabilit\u00e0 \u2013 si rivelano ingiusti e oppressori.<\/p>\n<p>Partendo dalle parole del salmo, si \u00e8 dunque tracciato il dinamismo fondamentale del tempo di Avvento-Natale: un ascolto profondo dell\u2019annuncio di pace, l\u2019accoglienza autentica del Verbo incarnato, per rafforzare e confermare sempre pi\u00f9 la nostra identit\u00e0 di popolo in cui egli ha voluto mettere la sua tenda, e questo popolo, mentre custodisce la sua memoria e la sua presenza, ne fa dono al mondo, \u00abper chi ritorna a lui con fiducia\u00bb (Sal 85,9).<\/p>\n<p>Il sussidio per il tempo di Avvento-Natale risponde pienamente a questo dinamismo, riproponendo con forza le linee essenziali della liturgia: gesti, parole e canti che introducono a un ascolto intenso e coinvolgente, che mettendoci al riparo da un facile protagonismo individualistico e dalla spettacolarizzazione emotiva, rendono possibile una comunione spirituale profonda e consentono di celebrare e vivere una festa piena e gioiosa, aliena dall\u2019evasione deresponsabilizzante. Lo segnaliamo all\u2019attenzione delle Chiese che sono in Italia, perch\u00e9 il cammino di ogni diocesi e parrocchia possa diventare davvero il cammino di un popolo che segue nella storia le tracce di pace segnate da Dio.<\/p>\n<p style=\"text-align: right\"><em><strong>+<\/strong>\u00a0Nunzio Galantino<\/em><br \/>\n<em>Segretario Generale<\/em><br \/>\n<em>della Conferenza Episcopale Italiana<\/em><\/p>\n","protected":false},"excerpt":{"rendered":"<p>A questo link \u00e8 possibile consultare e scaricare il sussidio 2017 per Avvento e Natale dell&#8217;Ufficio Liturgico nazionale PRESENTAZIONE \u00abIl Signore annuncia la pace\u00bb: le parole del Salmo 85 illuminano la nostra preparazione al tempo di Avvento, che apre il nuovo anno liturgico. Ci appaiono la migliore preparazione alla solennit\u00e0 del Natale, che si prolunga&#8230;  <a class=\"excerpt-read-more\" href=\"https:\/\/oldpatriarcatovenezia.glauco.it\/ufficioliturgico\/2017\/11\/27\/sussidio-avvento-natale-2017\/\" title=\"Leggi Sussidio Avvento Natale 2017\">&raquo; continua<\/a><\/p>\n","protected":false},"author":10,"featured_media":334,"comment_status":"closed","ping_status":"closed","sticky":false,"template":"","format":"standard","meta":{"ip_address":"","user_agent":"","level":"","revision":"","cookie_id":"","page_referer":"","html_form":""},"categories":[90,87],"tags":[],"acf":[],"_links":{"self":[{"href":"https:\/\/oldpatriarcatovenezia.glauco.it\/ufficioliturgico\/wp-json\/wp\/v2\/posts\/333"}],"collection":[{"href":"https:\/\/oldpatriarcatovenezia.glauco.it\/ufficioliturgico\/wp-json\/wp\/v2\/posts"}],"about":[{"href":"https:\/\/oldpatriarcatovenezia.glauco.it\/ufficioliturgico\/wp-json\/wp\/v2\/types\/post"}],"author":[{"embeddable":true,"href":"https:\/\/oldpatriarcatovenezia.glauco.it\/ufficioliturgico\/wp-json\/wp\/v2\/users\/10"}],"replies":[{"embeddable":true,"href":"https:\/\/oldpatriarcatovenezia.glauco.it\/ufficioliturgico\/wp-json\/wp\/v2\/comments?post=333"}],"version-history":[{"count":2,"href":"https:\/\/oldpatriarcatovenezia.glauco.it\/ufficioliturgico\/wp-json\/wp\/v2\/posts\/333\/revisions"}],"predecessor-version":[{"id":336,"href":"https:\/\/oldpatriarcatovenezia.glauco.it\/ufficioliturgico\/wp-json\/wp\/v2\/posts\/333\/revisions\/336"}],"wp:featuredmedia":[{"embeddable":true,"href":"https:\/\/oldpatriarcatovenezia.glauco.it\/ufficioliturgico\/wp-json\/wp\/v2\/media\/334"}],"wp:attachment":[{"href":"https:\/\/oldpatriarcatovenezia.glauco.it\/ufficioliturgico\/wp-json\/wp\/v2\/media?parent=333"}],"wp:term":[{"taxonomy":"category","embeddable":true,"href":"https:\/\/oldpatriarcatovenezia.glauco.it\/ufficioliturgico\/wp-json\/wp\/v2\/categories?post=333"},{"taxonomy":"post_tag","embeddable":true,"href":"https:\/\/oldpatriarcatovenezia.glauco.it\/ufficioliturgico\/wp-json\/wp\/v2\/tags?post=333"}],"curies":[{"name":"wp","href":"https:\/\/api.w.org\/{rel}","templated":true}]}}