{"id":2106,"date":"2024-11-11T12:19:07","date_gmt":"2024-11-11T11:19:07","guid":{"rendered":"https:\/\/www.patriarcatovenezia.it\/ufficioliturgico\/?p=2106"},"modified":"2024-11-11T12:19:07","modified_gmt":"2024-11-11T11:19:07","slug":"sussidio-avvento-e-natale-2024","status":"publish","type":"post","link":"https:\/\/oldpatriarcatovenezia.glauco.it\/ufficioliturgico\/2024\/11\/11\/sussidio-avvento-e-natale-2024\/","title":{"rendered":"Sussidio Avvento e Natale 2024"},"content":{"rendered":"<hr \/>\n<p>Si tratta di strumenti utili e agili che aiuteranno ministri e operatori della liturgia ad affinare l\u2019uso sapiente del Messale Romano, a scoprire la ricchezza del Lezionario, a valorizzare il canto, a favorire la partecipazione di quanti vivono la disabilit\u00e0 e a tradurre i gesti liturgici in gesti di vita.<\/p>\n<p>[Dal sito dell&#8217;Ufficio Liturgico Nazionale]<\/p>\n<h3>Sussidi per il Tempo di Avvento 2024<\/h3>\n<ul>\n<li><a href=\"https:\/\/liturgico.chiesacattolica.it\/wp-content\/uploads\/sites\/8\/2024\/10\/30\/INTRODUZIONE-AL-TEMPO-DI-AVVENTO-2024.pdf\" target=\"_blank\" rel=\"noopener\">Introduzione al Tempo di Avvento<\/a><\/li>\n<li><a href=\"https:\/\/liturgico.chiesacattolica.it\/wp-content\/uploads\/sites\/8\/2024\/10\/30\/SUSSIDIO-I-DOMENICA-DI-AVVENTO-2024.pdf\" target=\"_blank\" rel=\"noopener\">I Domenica di Avvento<\/a><\/li>\n<li><a href=\"https:\/\/liturgico.chiesacattolica.it\/wp-content\/uploads\/sites\/8\/2024\/10\/30\/SUSSIDIO-II-DOMENICA-DI-AVVENTO-2024.pdf\" target=\"_blank\" rel=\"noopener\">II Domenica di Avvento &#8211; Immacolata<\/a><\/li>\n<li><a href=\"https:\/\/liturgico.chiesacattolica.it\/wp-content\/uploads\/sites\/8\/2024\/10\/30\/SUSSIDIO-III-DOMENICA-DI-AVVENTO-2024.pdf\" target=\"_blank\" rel=\"noopener\">III Domenica di Avvento<\/a><\/li>\n<li><a href=\"https:\/\/liturgico.chiesacattolica.it\/wp-content\/uploads\/sites\/8\/2024\/10\/30\/SUSSIDIO-IV-DOMENICA-DI-AVVENTO-2024.pdf\" target=\"_blank\" rel=\"noopener\">IV Domenica di Avvento<\/a><\/li>\n<\/ul>\n<p><a href=\"https:\/\/liturgico.chiesacattolica.it\/wp-content\/uploads\/sites\/8\/2024\/10\/27\/Salmi-responsoriali-di-Avvento-Alberto-Miggiano.zip\">Salmi responsoriali di Avvento (novit\u00e0)<\/a><br \/>\n<a href=\"https:\/\/liturgico.chiesacattolica.it\/wp-content\/uploads\/sites\/8\/2024\/10\/31\/Salmi-CEI-Avvento-2024-polifonia.pdf\">Salmi responsoriali di Avvento polifonia (novit\u00e0)<\/a><\/p>\n<p>Musica: don Alberto Miggiano<\/p>\n<p>Registrazione audio<br \/>\nVoce:\u00a0<em>dom<\/em>\u00a0<em>Antonio di Marco OSB<br \/>\n<\/em>Organo:\u00a0<em>dom Antonio di Marco OSB<\/em><\/p>\n<p>Editing audio:\u00a0<em>Carlo Panicci\u00e0<\/em><\/p>\n<p><a href=\"https:\/\/liturgico.chiesacattolica.it\/wp-content\/uploads\/sites\/8\/2023\/11\/23\/Melodie-Prefazi-Avvento-Natale-1.pdf\">Melodie Prefazi Avvento &#8211; Natale pdf<\/a><\/p>\n<p><a href=\"https:\/\/liturgico.chiesacattolica.it\/wp-content\/uploads\/sites\/8\/2023\/11\/15\/Melodie-Prefazi-del-tempo-di-Avvento-e-Natale.-mp3.zip\">Melodie Prefazi del tempo di Avvento &#8211; Natale mp3<\/a><\/p>\n<p>Registrazione audio<br \/>\nVoce:\u00a0<em>dom<\/em>\u00a0<em>Antonio di Marco OSB\u00a0<\/em><\/p>\n<p>Editing audio:\u00a0<em>Carlo Panicci\u00e0<\/em><\/p>\n<p>&nbsp;<\/p>\n<p>\u00abA te, Signore, elevo l\u2019anima mia, Dio mio, in te confido: che io non sia confuso. Non trionfino su di me i miei nemici. Chiunque spera in te non resti deluso. (<em>Sal<\/em>\u00a024,1-3). La supplica confidente e fiduciosa del salmista, proposta dalla liturgia come antifona d\u2019ingresso della prima domenica di Avvento, apre il nuovo anno liturgico e introduce la Chiesa in un clima spirituale di memoria del Messia atteso per lunghi secoli, di contemplazione del Cristo presente nel frammento della storia e di vigile speranza del ritorno glorioso del Risorto alla fine dei tempi.<\/p>\n<p>Il tempo dell\u2019Avvento, che tiene insieme la fede nel \u201cgi\u00e0\u201d della prima venuta del Salvatore e l\u2019attesa del \u201cnon ancora\u201d dell\u2019ultima venuta del Signore, nell\u2019imminenza del Giubileo ordinario del 2025, \u00e8 un\u2019occasione propizia per riscoprire il senso vero della speranza cristiana, che \u00abnon illude e non delude, perch\u00e9 \u00e8 fondata sulla certezza che niente e nessuno potr\u00e0 mai separarci dall\u2019amore divino\u00bb (Francesco,\u00a0<em>Spes non confundit<\/em>, n. 3). L\u2019Avvento, infatti, \u00e8 pervaso dalla consolante evidenza che Dio, che ricorda le sue promesse e dimentica le nostre colpe, \u00e8 sempre pronto a ricominciare e a portare avanti il suo disegno di salvezza.<\/p>\n<p>Rinvigorisce la nostra speranza anche il mistero del Natale del Signore: Dio si manifesta nell\u2019umilt\u00e0 di un bimbo nato per noi. Il suo nome \u00e8 \u00abConsigliere mirabile, Dio potente, Padre per sempre, Principe della pace. Grande sar\u00e0 il suo potere e la pace non avr\u00e0 fine\u00bb (<em>Is<\/em>\u00a09,5). In un tempo lacerato da lotte e discordie, il segno della nascita di Ges\u00f9 \u00e8 un germoglio di speranza per l\u2019umanit\u00e0, desiderosa di essere la terra accogliente e feconda in cui far fiorire la carit\u00e0 perfetta e la gioia piena, la fraternit\u00e0 autentica e la solidariet\u00e0 operosa, la pace stabile e la vita buona.<\/p>\n<p>Per vivere in pienezza l\u2019itinerario spirituale che nell\u2019Avvento e nel Natale ci viene proposto dalla Liturgia, pu\u00f2 essere utile avvalersi del sussidio predisposto dai diversi Uffici della Segreteria Generale della Conferenza Episcopale Italiana. Si tratta di strumenti utili e agili che aiuteranno ministri e operatori della liturgia ad affinare l\u2019uso sapiente del Messale Romano, a scoprire la ricchezza del Lezionario, a valorizzare il canto, a favorire la partecipazione di quanti vivono la disabilit\u00e0 e a tradurre i gesti liturgici in gesti di vita. Quest\u2019anno, inoltre, le attenzioni ai temi dell\u2019Anno Santo vogliono contribuire a rinnovare la speranza, per imparare a guardare con lo sguardo di Dio la storia che ci ha plasmati, la realt\u00e0 che ci circonda e il futuro che ci attende.<\/p>\n<p><del><img src=\"https:\/\/banchedati.chiesacattolica.it\/cci_new_v3\/images\/croce.gif\" alt=\"\" \/><\/del>\u00a0Giuseppe Baturi<br \/>\n<em>Segretario Generale della CEI<\/em><\/p>\n","protected":false},"excerpt":{"rendered":"<p>Si tratta di strumenti utili e agili che aiuteranno ministri e operatori della liturgia ad affinare l\u2019uso sapiente del Messale Romano, a scoprire la ricchezza del Lezionario, a valorizzare il canto, a favorire la partecipazione di quanti vivono la disabilit\u00e0 e a tradurre i gesti liturgici in gesti di vita. [Dal sito dell&#8217;Ufficio Liturgico Nazionale]&#8230;  <a class=\"excerpt-read-more\" href=\"https:\/\/oldpatriarcatovenezia.glauco.it\/ufficioliturgico\/2024\/11\/11\/sussidio-avvento-e-natale-2024\/\" title=\"Leggi Sussidio Avvento e Natale 2024\">&raquo; continua<\/a><\/p>\n","protected":false},"author":10,"featured_media":2109,"comment_status":"closed","ping_status":"closed","sticky":false,"template":"","format":"standard","meta":{"ip_address":"","user_agent":"","level":"","revision":"","cookie_id":"","page_referer":"","html_form":""},"categories":[1,90,91,87],"tags":[100,108,134,101],"acf":[],"_links":{"self":[{"href":"https:\/\/oldpatriarcatovenezia.glauco.it\/ufficioliturgico\/wp-json\/wp\/v2\/posts\/2106"}],"collection":[{"href":"https:\/\/oldpatriarcatovenezia.glauco.it\/ufficioliturgico\/wp-json\/wp\/v2\/posts"}],"about":[{"href":"https:\/\/oldpatriarcatovenezia.glauco.it\/ufficioliturgico\/wp-json\/wp\/v2\/types\/post"}],"author":[{"embeddable":true,"href":"https:\/\/oldpatriarcatovenezia.glauco.it\/ufficioliturgico\/wp-json\/wp\/v2\/users\/10"}],"replies":[{"embeddable":true,"href":"https:\/\/oldpatriarcatovenezia.glauco.it\/ufficioliturgico\/wp-json\/wp\/v2\/comments?post=2106"}],"version-history":[{"count":1,"href":"https:\/\/oldpatriarcatovenezia.glauco.it\/ufficioliturgico\/wp-json\/wp\/v2\/posts\/2106\/revisions"}],"predecessor-version":[{"id":2110,"href":"https:\/\/oldpatriarcatovenezia.glauco.it\/ufficioliturgico\/wp-json\/wp\/v2\/posts\/2106\/revisions\/2110"}],"wp:featuredmedia":[{"embeddable":true,"href":"https:\/\/oldpatriarcatovenezia.glauco.it\/ufficioliturgico\/wp-json\/wp\/v2\/media\/2109"}],"wp:attachment":[{"href":"https:\/\/oldpatriarcatovenezia.glauco.it\/ufficioliturgico\/wp-json\/wp\/v2\/media?parent=2106"}],"wp:term":[{"taxonomy":"category","embeddable":true,"href":"https:\/\/oldpatriarcatovenezia.glauco.it\/ufficioliturgico\/wp-json\/wp\/v2\/categories?post=2106"},{"taxonomy":"post_tag","embeddable":true,"href":"https:\/\/oldpatriarcatovenezia.glauco.it\/ufficioliturgico\/wp-json\/wp\/v2\/tags?post=2106"}],"curies":[{"name":"wp","href":"https:\/\/api.w.org\/{rel}","templated":true}]}}