{"id":1226,"date":"2024-02-06T11:37:55","date_gmt":"2024-02-06T10:37:55","guid":{"rendered":"https:\/\/www.patriarcatovenezia.it\/ufficioliturgico\/?p=1226"},"modified":"2024-02-06T11:38:19","modified_gmt":"2024-02-06T10:38:19","slug":"sussidi-liturgici-per-il-tempo-di-quaresima-e-pasqua","status":"publish","type":"post","link":"https:\/\/oldpatriarcatovenezia.glauco.it\/ufficioliturgico\/2024\/02\/06\/sussidi-liturgici-per-il-tempo-di-quaresima-e-pasqua\/","title":{"rendered":"Sussidi liturgici per il Tempo di Quaresima e Pasqua"},"content":{"rendered":"<div id=\"pg-w5775387f2b5ac-0\" class=\"panel-grid panel-no-style\">\n<div id=\"pgc-w5775387f2b5ac-0-0\" class=\"panel-grid-cell\">\n<div id=\"panel-w5775387f2b5ac-0-0-2\" class=\"so-panel widget widget_text panel-last-child\" data-index=\"2\">\n<div class=\"textwidget\">\n<div class=\"seed_content_tbt_single_article_excerpt\">\n<hr \/>\n<p>La carit\u00e0, che accorcia le distanze tra i fratelli e rende attenti alle necessit\u00e0 dei poveri; la preghiera, che nel frastuono ritaglia spazi di silenzio e irriga l\u2019esistenza dell\u2019uomo; il digiuno, che ordina i sensi e contribuisce a dare il giusto valore alle cose.<\/p><\/div>\n<\/div>\n<\/div>\n<\/div>\n<\/div>\n<div id=\"pg-w5775387f2b5ac-1\" class=\"panel-grid panel-has-style\">\n<div class=\"row seed_content_tbt_single_article_wrapper panel-row-style panel-row-style-for-w5775387f2b5ac-1\">\n<div id=\"pgc-w5775387f2b5ac-1-0\" class=\"panel-grid-cell\">\n<div class=\"col-lg-3 panel-cell-style panel-cell-style-for-w5775387f2b5ac-1-0\">\n<div id=\"panel-w5775387f2b5ac-1-0-0\" class=\"so-panel widget widget_text panel-first-child panel-last-child\" data-index=\"3\">\n<div class=\"textwidget\">\n<div><\/div>\n<div class=\"seed_content_tbt_single_article_data\">[<a href=\"https:\/\/liturgico.chiesacattolica.it\/sussidi-liturgici-per-il-tempo-di-quaresima-e-pasqua\/\">Dal sito dell&#8217;Ufficio liturgico nazionale<\/a>, 5 Febbraio 2024]<\/div>\n<\/div>\n<\/div>\n<\/div>\n<\/div>\n<div id=\"pgc-w5775387f2b5ac-1-1\" class=\"panel-grid-cell\">\n<div class=\"col-lg-12 cci-content-tbt-page-wrapper-content panel-cell-style panel-cell-style-for-w5775387f2b5ac-1-1\">\n<div id=\"panel-w5775387f2b5ac-1-1-0\" class=\"so-panel widget widget_text panel-first-child panel-last-child\" data-index=\"4\">\n<div class=\"textwidget\">\n<p>Le nostre comunit\u00e0 si apprestano a intraprendere il cammino della Quaresima, itinerario spirituale che ci invita a riscoprire la bellezza del nostro battesimo, per rinnovare la scelta di seguire Cristo sulla via della croce e prendere parte alla vittoria pasquale.<\/p>\n<p>Per vivere con seriet\u00e0 l\u2019ascesi quaresimale, siamo invitati ad assumere tre impegni: la carit\u00e0, che accorcia le distanze tra i fratelli e rende attenti alle necessit\u00e0 dei poveri; la preghiera, che nel frastuono ritaglia spazi di silenzio e irriga l\u2019esistenza dell\u2019uomo; il digiuno, che ordina i sensi e contribuisce a dare il giusto valore alle cose.<\/p>\n<p>L\u2019amore operoso verso il prossimo, l\u2019intimo dialogo con Dio e l\u2019autentico digiuno quaresimale mirano alla trasfigurazione dei desideri e alla purificazione del cuore, per abbandonare il lievito vecchio, intriso di malizia e di perversit\u00e0, e per celebrare la Pasqua del Signore con azzimi di sincerit\u00e0 e di verit\u00e0.<\/p>\n<p>I cinquanta giorni di Pasqua celebrano, nell\u2019esultanza e nella gioia, la Risurrezione del Signore, che, come un tempo con i viandanti verso Emmaus, prende sul serio le nostre delusioni, aiuta a discernere la storia alla luce della Parola di Dio, ci lascia pieni di meraviglia dinanzi al Pane spezzato e sostiene la missione di annunciare la gioia del Vangelo.<\/p>\n<p>Anche quest\u2019anno, i tempi di Quaresima e di Pasqua saranno accompagnati dal sussidio frutto del lavoro d\u2019insieme di alcuni uffici e servizi della Segreteria Generale della Conferenza Episcopale Italiana, coordinati dall\u2019Ufficio Liturgico Nazionale. I suggerimenti e le proposte di questo strumento pastorale possano essere accolti per crescere nell\u2019arte del celebrare e per tradurre nella vita quanto nella liturgia abbiamo veduto e udito.<\/p>\n<p style=\"text-align: right\"><del><img src=\"https:\/\/banchedati.chiesacattolica.it\/cci_new_v3\/images\/croce.gif\" alt=\"\" \/><\/del>\u00a0Giuseppe Baturi<br \/>\n<em>Segretario Generale della CEI<\/em><\/p>\n<p>&nbsp;<\/p>\n<hr \/>\n<h3>Sussidi del Tempo di Quaresima (pdf)<\/h3>\n<ul>\n<li><strong><a href=\"https:\/\/liturgico.chiesacattolica.it\/wp-content\/uploads\/sites\/8\/2024\/02\/05\/Guida-al-Tempo-di-Quaresima-2024.pdf\" target=\"_blank\" rel=\"noopener\">Guida al Tempo di Quaresima<\/a><\/strong><\/li>\n<li><strong><a href=\"https:\/\/liturgico.chiesacattolica.it\/wp-content\/uploads\/sites\/8\/2024\/02\/05\/Mercoledi-delle-ceneri-2024.pdf\">Mercoled\u00ec delle Ceneri &#8211; 14 febbraio 2024<\/a><\/strong><\/li>\n<li><strong><a href=\"https:\/\/liturgico.chiesacattolica.it\/wp-content\/uploads\/sites\/8\/2024\/02\/05\/Salmi-reponsoriali-Quaresima-Settimana-Santa.mp3-1.zip\">Melodie per i Salmi responsoriali per il Tempo di Quaresima e per la Settimana Santa. mp3<\/a><\/strong><\/li>\n<li><strong><a href=\"https:\/\/liturgico.chiesacattolica.it\/melodie-per-il-triduo-pasquale\/\">Melodie per il Triduo Pasquale<\/a><\/strong><\/li>\n<li><strong><a href=\"https:\/\/liturgico.chiesacattolica.it\/wp-content\/uploads\/sites\/8\/2024\/02\/05\/Prefazi-Quaresima-Settimana-Santa.-mp3-2.zip\">Melodie per i Prefazi del Tempo di Quaresima e della Settimana Santa. mp3<\/a><\/strong><\/li>\n<\/ul>\n<p>Voce:\u00a0<em>Antonio di Marco<\/em><\/p>\n<p>Editing audio:\u00a0<em>Carlo Panicci\u00e0<\/em><\/p>\n<hr \/>\n<p>&nbsp;<\/p>\n<\/div>\n<\/div>\n<\/div>\n<\/div>\n<\/div>\n<\/div>\n","protected":false},"excerpt":{"rendered":"<p>La carit\u00e0, che accorcia le distanze tra i fratelli e rende attenti alle necessit\u00e0 dei poveri; la preghiera, che nel frastuono ritaglia spazi di silenzio e irriga l\u2019esistenza dell\u2019uomo; il digiuno, che ordina i sensi e contribuisce a dare il giusto valore alle cose. [Dal sito dell&#8217;Ufficio liturgico nazionale, 5 Febbraio 2024] Le nostre comunit\u00e0&#8230;  <a class=\"excerpt-read-more\" href=\"https:\/\/oldpatriarcatovenezia.glauco.it\/ufficioliturgico\/2024\/02\/06\/sussidi-liturgici-per-il-tempo-di-quaresima-e-pasqua\/\" title=\"Leggi Sussidi liturgici per il Tempo di Quaresima e Pasqua\">&raquo; continua<\/a><\/p>\n","protected":false},"author":10,"featured_media":1227,"comment_status":"closed","ping_status":"closed","sticky":false,"template":"","format":"standard","meta":{"ip_address":"","user_agent":"","level":"","revision":"","cookie_id":"","page_referer":"","html_form":""},"categories":[1,90,87],"tags":[179,115,99],"acf":[],"_links":{"self":[{"href":"https:\/\/oldpatriarcatovenezia.glauco.it\/ufficioliturgico\/wp-json\/wp\/v2\/posts\/1226"}],"collection":[{"href":"https:\/\/oldpatriarcatovenezia.glauco.it\/ufficioliturgico\/wp-json\/wp\/v2\/posts"}],"about":[{"href":"https:\/\/oldpatriarcatovenezia.glauco.it\/ufficioliturgico\/wp-json\/wp\/v2\/types\/post"}],"author":[{"embeddable":true,"href":"https:\/\/oldpatriarcatovenezia.glauco.it\/ufficioliturgico\/wp-json\/wp\/v2\/users\/10"}],"replies":[{"embeddable":true,"href":"https:\/\/oldpatriarcatovenezia.glauco.it\/ufficioliturgico\/wp-json\/wp\/v2\/comments?post=1226"}],"version-history":[{"count":1,"href":"https:\/\/oldpatriarcatovenezia.glauco.it\/ufficioliturgico\/wp-json\/wp\/v2\/posts\/1226\/revisions"}],"predecessor-version":[{"id":1228,"href":"https:\/\/oldpatriarcatovenezia.glauco.it\/ufficioliturgico\/wp-json\/wp\/v2\/posts\/1226\/revisions\/1228"}],"wp:featuredmedia":[{"embeddable":true,"href":"https:\/\/oldpatriarcatovenezia.glauco.it\/ufficioliturgico\/wp-json\/wp\/v2\/media\/1227"}],"wp:attachment":[{"href":"https:\/\/oldpatriarcatovenezia.glauco.it\/ufficioliturgico\/wp-json\/wp\/v2\/media?parent=1226"}],"wp:term":[{"taxonomy":"category","embeddable":true,"href":"https:\/\/oldpatriarcatovenezia.glauco.it\/ufficioliturgico\/wp-json\/wp\/v2\/categories?post=1226"},{"taxonomy":"post_tag","embeddable":true,"href":"https:\/\/oldpatriarcatovenezia.glauco.it\/ufficioliturgico\/wp-json\/wp\/v2\/tags?post=1226"}],"curies":[{"name":"wp","href":"https:\/\/api.w.org\/{rel}","templated":true}]}}