{"id":1214,"date":"2024-01-15T12:34:16","date_gmt":"2024-01-15T11:34:16","guid":{"rendered":"https:\/\/www.patriarcatovenezia.it\/ufficioliturgico\/?p=1214"},"modified":"2024-01-15T12:34:16","modified_gmt":"2024-01-15T11:34:16","slug":"domenica-della-parola-di-dio-2024","status":"publish","type":"post","link":"https:\/\/oldpatriarcatovenezia.glauco.it\/ufficioliturgico\/2024\/01\/15\/domenica-della-parola-di-dio-2024\/","title":{"rendered":"Domenica della Parola di Dio 2024"},"content":{"rendered":"<hr \/>\n<p>Si celebra il <strong>21 gennaio<\/strong> la <strong>V Domenica della Parola di Dio<\/strong>, il cui motto scelto \u00e8 ripreso dal Vangelo di Giovanni: \u00abRimanete nella mia Parola\u00bb (Gv 8,31).<\/p>\n<p>Mettiamo a disposizione due sussidi per la preparazione.<\/p>\n<p>&nbsp;<\/p>\n<p><strong><a href=\"http:\/\/www.evangelizatio.va\/content\/dam\/pcpne\/image\/DomenicadellaParola\/2024\/IT%20V%20DOMENICA-SUSSIDIO.pdf\">Sussidio Liturgico-Pastorale<\/a><\/strong>a cura del <strong>Dicastero per l&#8217;evangelizzazione<\/strong><\/p>\n<p>La Domenica della Parola di Dio \u00e8 una iniziativa profondamente pastorale con cui papa Francesco vuole far comprendere quanto sia importante nella vita quotidiana della Chiesa e delle nostre comunit\u00e0 il riferimento alla Parola di Dio, una Parola non confinata in un libro, ma che resta sempre viva e si fa segno concreto e tangibile. Ogni realt\u00e0 locale potr\u00e0 trovare le forme pi\u00f9 adatte ed efficaci per vivere al meglio questa Domenica, facendo \u00abcrescere nel popolo di Dio la religiosa e assidua familiarit\u00e0 con le Sacre Scritture\u00bb (<i>Aperuit illis<\/i>, 15). Questo Sussidio pastorale si propone come un aiuto che si vuole offrire alle comunit\u00e0 parrocchiali e a quanti si raccolgono per la celebrazione della santa Eucarestia domenicale, perch\u00e9 questa Domenica sia vissuta intensamente. [S.E.R. Mons. Rino Fisichella]<\/p>\n<p>&nbsp;<\/p>\n<p><strong><a href=\"https:\/\/www.chiesacattolica.it\/wp-content\/uploads\/sites\/31\/2024\/01\/08\/DomenicaParola-2024-WEB.pdf\">Sussidio per la celebrazione &#8220;Kerygma&#8221;<\/a><\/strong>a cura della<strong>\u00a0Conferenza Episcopale Italiana<\/strong><\/p>\n<p>In vista della Domenica della Parola di Dio, l\u2019Ufficio Catechistico, l\u2019Ufficio Liturgico, l\u2019Ufficio per l\u2019ecumenismo e il dialogo interreligioso e l\u2019Ufficio per i beni culturali ecclesiastici e l\u2019edilizia di culto hanno preparato un Sussidio con alcune proposte per la preghiera e la meditazione centrate sul \u201c<em>Kerygma\u201d.<\/em>\u00a0Questo termine, spiega nella presentazione Mons. Giuseppe Baturi, Segretario Generale della CEI, indica \u201cil contenuto fondamentale dell\u2019annuncio cristiano: Ges\u00f9 Cristo morto e risorto. Alle donne e agli uomini di oggi, che non si accontentano di vivere ma desiderano una qualit\u00e0 alta della vita, la fede cristiana propone la vita del Crocifisso-Risorto. \u00c8 lui, che ha dato se stesso per gli altri passando anche attraverso la morte, che il cristiano testimonia senza paura\u201d. Ecco allora che, osserva Mons. Baturi, \u201cil\u00a0<em>kerygma<\/em>\u00a0cristiano non \u00e8 una nozione o una affermazione appresa a memoria: \u00e8 una relazione, una esperienza concreta condotta insieme e mantenuta nel tempo con tenacia\u201d. Le Sacre Scritture, ricorda il Segretario Generale, \u201cospitano questo\u00a0<em>kerygma<\/em>, il racconto di quello che i nostri padri nella fede hanno sperimentato e si sono impegnati a trasmettere alle generazioni future\u201d. \u201cGrazie all\u2019azione dello Spirito \u2013 aggiunge \u2013 le Scritture colmano il divario temporale tra la comunit\u00e0 ecclesiale di oggi e la Chiesa primitiva e preparano il cuore a fare la stessa esperien\u00adza, la stessa sequela di Cristo, la stessa figliolanza del Padre celeste\u201d. In quest\u2019ottica, il Sussidio \u2013 che contiene testi, musiche, commenti e immagini \u2013 vuole essere uno \u201cstrumento per la preghiera e la meditazione personale e comunitaria\u201d.<\/p>\n","protected":false},"excerpt":{"rendered":"<p>Si celebra il 21 gennaio la V Domenica della Parola di Dio, il cui motto scelto \u00e8 ripreso dal Vangelo di Giovanni: \u00abRimanete nella mia Parola\u00bb (Gv 8,31). Mettiamo a disposizione due sussidi per la preparazione. &nbsp; Sussidio Liturgico-Pastoralea cura del Dicastero per l&#8217;evangelizzazione La Domenica della Parola di Dio \u00e8 una iniziativa profondamente pastorale&#8230;  <a class=\"excerpt-read-more\" href=\"https:\/\/oldpatriarcatovenezia.glauco.it\/ufficioliturgico\/2024\/01\/15\/domenica-della-parola-di-dio-2024\/\" title=\"Leggi Domenica della Parola di Dio 2024\">&raquo; continua<\/a><\/p>\n","protected":false},"author":10,"featured_media":1215,"comment_status":"closed","ping_status":"closed","sticky":false,"template":"","format":"standard","meta":{"ip_address":"","user_agent":"","level":"","revision":"","cookie_id":"","page_referer":"","html_form":""},"categories":[1,90,87],"tags":[103,104],"acf":[],"_links":{"self":[{"href":"https:\/\/oldpatriarcatovenezia.glauco.it\/ufficioliturgico\/wp-json\/wp\/v2\/posts\/1214"}],"collection":[{"href":"https:\/\/oldpatriarcatovenezia.glauco.it\/ufficioliturgico\/wp-json\/wp\/v2\/posts"}],"about":[{"href":"https:\/\/oldpatriarcatovenezia.glauco.it\/ufficioliturgico\/wp-json\/wp\/v2\/types\/post"}],"author":[{"embeddable":true,"href":"https:\/\/oldpatriarcatovenezia.glauco.it\/ufficioliturgico\/wp-json\/wp\/v2\/users\/10"}],"replies":[{"embeddable":true,"href":"https:\/\/oldpatriarcatovenezia.glauco.it\/ufficioliturgico\/wp-json\/wp\/v2\/comments?post=1214"}],"version-history":[{"count":4,"href":"https:\/\/oldpatriarcatovenezia.glauco.it\/ufficioliturgico\/wp-json\/wp\/v2\/posts\/1214\/revisions"}],"predecessor-version":[{"id":1219,"href":"https:\/\/oldpatriarcatovenezia.glauco.it\/ufficioliturgico\/wp-json\/wp\/v2\/posts\/1214\/revisions\/1219"}],"wp:featuredmedia":[{"embeddable":true,"href":"https:\/\/oldpatriarcatovenezia.glauco.it\/ufficioliturgico\/wp-json\/wp\/v2\/media\/1215"}],"wp:attachment":[{"href":"https:\/\/oldpatriarcatovenezia.glauco.it\/ufficioliturgico\/wp-json\/wp\/v2\/media?parent=1214"}],"wp:term":[{"taxonomy":"category","embeddable":true,"href":"https:\/\/oldpatriarcatovenezia.glauco.it\/ufficioliturgico\/wp-json\/wp\/v2\/categories?post=1214"},{"taxonomy":"post_tag","embeddable":true,"href":"https:\/\/oldpatriarcatovenezia.glauco.it\/ufficioliturgico\/wp-json\/wp\/v2\/tags?post=1214"}],"curies":[{"name":"wp","href":"https:\/\/api.w.org\/{rel}","templated":true}]}}