{"id":1192,"date":"2023-11-24T11:09:05","date_gmt":"2023-11-24T10:09:05","guid":{"rendered":"https:\/\/www.patriarcatovenezia.it\/ufficioliturgico\/?p=1192"},"modified":"2023-11-24T11:10:31","modified_gmt":"2023-11-24T10:10:31","slug":"sussidio-di-avvento-e-natale-2023-e-melodie-per-i-prefazi","status":"publish","type":"post","link":"https:\/\/oldpatriarcatovenezia.glauco.it\/ufficioliturgico\/2023\/11\/24\/sussidio-di-avvento-e-natale-2023-e-melodie-per-i-prefazi\/","title":{"rendered":"Sussidio di Avvento e Natale 2023 e melodie per i Prefazi"},"content":{"rendered":"<hr \/>\n<div id=\"pgc-w5775387f2b5ac-1-1\" class=\"panel-grid-cell\">\n<div class=\"col-lg-12 cci-content-tbt-page-wrapper-content panel-cell-style panel-cell-style-for-w5775387f2b5ac-1-1\">\n<div id=\"panel-w5775387f2b5ac-1-1-0\" class=\"so-panel widget widget_text panel-first-child panel-last-child\" data-index=\"4\">\n<p><strong><em>Dal sito dell&#8217;Ufficio Liturgico Nazionale<\/em><\/strong><\/p>\n<p>Con la prima domenica di Avvento la Chiesa, pellegrina nel tempo, intraprende il cammino di un nuovo anno liturgico, durante il quale, a partire dalla novit\u00e0 generativa della Pasqua, fa memoria dell\u2019opera della salvezza di Cristo.<\/p>\n<p>La prima tappa di questo itinerario della celebrazione annuale del Mistero di Cristo \u00e8 connotata dalla nostalgia. Questa tensione spirituale non \u00e8 alimentata da un vacuo sentimentalismo. Essa, piuttosto, nasce dal desiderio di Dio, presente nel cuore di ogni uomo e di ogni donna, e dalla speranza del ritorno del Signore glorioso.<\/p>\n<p>Se l\u2019Avvento \u00e8 il tempo dell\u2019attesa piena di speranza, il Natale \u00e8 quello dello stupore, della gioia e della gratitudine, perch\u00e9 il nostro Redentore, entrando nella frammentariet\u00e0 della storia e assumendo la debolezza della carne, ha aperto il tempo all\u2019eternit\u00e0 e ha innalzato la natura umana alla dignit\u00e0 divina.<\/p>\n<p>Il sussidio che vi consegniamo, frutto della collaborazione di diversi uffici della Segreteria Generale della Conferenza Episcopale Italiana, desidera essere uno strumento utile per le nostre comunit\u00e0 cristiane, affinch\u00e9 gustino la spiritualit\u00e0 dell\u2019Avvento e del Natale, si lascino trasformare dalla liturgia e crescano nell\u2019arte del celebrare.<\/p>\n<p>In questo frangente della storia, in cui l\u2019odio sembra pi\u00f9 forte dell\u2019amore, ci impegniamo a vivere l\u2019Avvento e il Natale chiedendo a Cristo Ges\u00f9, Principe della pace, di spezzare i vincoli di morte dei tanti fronti bellici attualmente aperti, perch\u00e9 nel mondo intero si realizzi quella convivenza \u2013 pacifica e riconciliata \u2013 che Isaia profetizza:<\/p>\n<p>\u00abIl lupo dimorer\u00e0 insieme con l&#8217;agnello;<br \/>\nil leopardo si sdraier\u00e0 accanto al capretto;<br \/>\nil vitello e il leoncello pascoleranno insieme e un piccolo fanciullo li guider\u00e0.<br \/>\nLa mucca e l\u2019orsa pascoleranno insieme;<br \/>\ni loro piccoli si sdraieranno insieme.<br \/>\nIl leone si ciber\u00e0 di paglia, come il bue.<br \/>\nIl lattante si trastuller\u00e0 sulla buca della vipera;<br \/>\nil bambino metter\u00e0 la mano nel covo del serpente velenoso\u00bb (<em>Is<\/em>\u00a011,6-8)<\/p>\n<p>&nbsp;<\/p>\n<p><del><img src=\"https:\/\/banchedati.chiesacattolica.it\/cci_new_v3\/images\/croce.gif\" alt=\"\" \/><\/del>\u00a0Giuseppe Baturi<br \/>\n<em>Segretario Generale della CEI<\/em><\/p>\n<hr \/>\n<p class=\"textwidget\"><a href=\"https:\/\/liturgico.chiesacattolica.it\/wp-content\/uploads\/sites\/8\/2023\/11\/14\/Guida-al-Tempo-di-Avvento.pdf\" target=\"_blank\" rel=\"noopener\">Guida al Tempo di Avvento 2023<\/a><\/p>\n<p class=\"textwidget\"><a href=\"https:\/\/liturgico.chiesacattolica.it\/wp-content\/uploads\/sites\/8\/2023\/11\/15\/sussidio-CEIprefazi-avvento-natale-definitivo.pdf\">Melodie Prefazi del tempo di Avvento e Natale<\/a><\/p>\n<p class=\"textwidget\"><a href=\"https:\/\/liturgico.chiesacattolica.it\/wp-content\/uploads\/sites\/8\/2023\/11\/15\/Melodie-Prefazi-del-tempo-di-Avvento-e-Natale.-mp3.zip\">Melodie Prefazi del tempo di Avvento e Natale. mp3<\/a><\/p>\n<p class=\"textwidget\"><a href=\"https:\/\/liturgico.chiesacattolica.it\/wp-content\/uploads\/sites\/8\/2023\/11\/23\/A-Prima-Domenica-di-Avvento-2023-2024.pdf\" target=\"_blank\" rel=\"noopener\">Sussidio per la Prima Domenica di AVVENTO &#8211; 3 dicembre 2023<\/a><\/p>\n<p class=\"textwidget\"><a href=\"https:\/\/liturgico.chiesacattolica.it\/wp-content\/uploads\/sites\/8\/2023\/11\/23\/B-IMMACOLATA-CONCEZIONE-8-Dicembre-2023-2024.pdf\" target=\"_blank\" rel=\"noopener\">Sussidio per l&#8217;Immacolata Concezione della beata Vergine Maria &#8211; 8 dicembre 2023<\/a><\/p>\n<\/div>\n<\/div>\n<\/div>\n<div id=\"pgc-w5775387f2b5ac-1-2\" class=\"panel-grid-cell\">\n<div class=\"col-lg-12 seed_content_tbt_single_attachments panel-cell-style panel-cell-style-for-w5775387f2b5ac-1-2\">\n<div id=\"wpba_attachment_list\" class=\"wpba wpba-wrap\">\n<hr \/>\n<p>&nbsp;<\/p>\n<\/div>\n<\/div>\n<\/div>\n","protected":false},"excerpt":{"rendered":"<p>Dal sito dell&#8217;Ufficio Liturgico Nazionale Con la prima domenica di Avvento la Chiesa, pellegrina nel tempo, intraprende il cammino di un nuovo anno liturgico, durante il quale, a partire dalla novit\u00e0 generativa della Pasqua, fa memoria dell\u2019opera della salvezza di Cristo. La prima tappa di questo itinerario della celebrazione annuale del Mistero di Cristo \u00e8&#8230;  <a class=\"excerpt-read-more\" href=\"https:\/\/oldpatriarcatovenezia.glauco.it\/ufficioliturgico\/2023\/11\/24\/sussidio-di-avvento-e-natale-2023-e-melodie-per-i-prefazi\/\" title=\"Leggi Sussidio di Avvento e Natale 2023 e melodie per i Prefazi\">&raquo; continua<\/a><\/p>\n","protected":false},"author":10,"featured_media":1193,"comment_status":"closed","ping_status":"closed","sticky":false,"template":"","format":"standard","meta":{"ip_address":"","user_agent":"","level":"","revision":"","cookie_id":"","page_referer":"","html_form":""},"categories":[90,91,87],"tags":[100,101,269,99],"acf":[],"_links":{"self":[{"href":"https:\/\/oldpatriarcatovenezia.glauco.it\/ufficioliturgico\/wp-json\/wp\/v2\/posts\/1192"}],"collection":[{"href":"https:\/\/oldpatriarcatovenezia.glauco.it\/ufficioliturgico\/wp-json\/wp\/v2\/posts"}],"about":[{"href":"https:\/\/oldpatriarcatovenezia.glauco.it\/ufficioliturgico\/wp-json\/wp\/v2\/types\/post"}],"author":[{"embeddable":true,"href":"https:\/\/oldpatriarcatovenezia.glauco.it\/ufficioliturgico\/wp-json\/wp\/v2\/users\/10"}],"replies":[{"embeddable":true,"href":"https:\/\/oldpatriarcatovenezia.glauco.it\/ufficioliturgico\/wp-json\/wp\/v2\/comments?post=1192"}],"version-history":[{"count":6,"href":"https:\/\/oldpatriarcatovenezia.glauco.it\/ufficioliturgico\/wp-json\/wp\/v2\/posts\/1192\/revisions"}],"predecessor-version":[{"id":1199,"href":"https:\/\/oldpatriarcatovenezia.glauco.it\/ufficioliturgico\/wp-json\/wp\/v2\/posts\/1192\/revisions\/1199"}],"wp:featuredmedia":[{"embeddable":true,"href":"https:\/\/oldpatriarcatovenezia.glauco.it\/ufficioliturgico\/wp-json\/wp\/v2\/media\/1193"}],"wp:attachment":[{"href":"https:\/\/oldpatriarcatovenezia.glauco.it\/ufficioliturgico\/wp-json\/wp\/v2\/media?parent=1192"}],"wp:term":[{"taxonomy":"category","embeddable":true,"href":"https:\/\/oldpatriarcatovenezia.glauco.it\/ufficioliturgico\/wp-json\/wp\/v2\/categories?post=1192"},{"taxonomy":"post_tag","embeddable":true,"href":"https:\/\/oldpatriarcatovenezia.glauco.it\/ufficioliturgico\/wp-json\/wp\/v2\/tags?post=1192"}],"curies":[{"name":"wp","href":"https:\/\/api.w.org\/{rel}","templated":true}]}}