{"id":1033,"date":"2023-01-10T10:44:08","date_gmt":"2023-01-10T09:44:08","guid":{"rendered":"https:\/\/www.patriarcatovenezia.it\/ufficioliturgico\/?p=1033"},"modified":"2023-01-17T08:48:21","modified_gmt":"2023-01-17T07:48:21","slug":"domenica-della-parola-2023","status":"publish","type":"post","link":"https:\/\/oldpatriarcatovenezia.glauco.it\/ufficioliturgico\/2023\/01\/10\/domenica-della-parola-2023\/","title":{"rendered":"DOMENICA della PAROLA 2023"},"content":{"rendered":"<p>Per chi fosse alla ricerca di qualche suggerimento o di un organico\u00a0<strong><a href=\"https:\/\/www.patriarcatovenezia.it\/ufficioliturgico\/wp-content\/uploads\/sites\/3\/2023\/01\/SussidioDdP23_Web.pdf\">SUSSIDIO PASTORALE<\/a><\/strong>\u00a0che aiuti la comunit\u00e0 cristiana a vivere la domenica della Parola di Dio, si segnala ci\u00f2 che si trova a disposizione on-line.\u00a0<strong>Domenica 22 gennaio 2023<\/strong>\u00a0saremo, infatti, chiamati a riflettere comunitariamente attraverso il versetto scelto:\u00a0<strong>\u00abVi annunciamo ci\u00f2 che abbiamo veduto\u00bb<\/strong>\u00a0(1Gv 1,3), invitando ogni fedele a riscoprire il valore dell&#8217;ascolto, dello studio, della preghiera con la Parola di Dio.<\/p>\n<ul>\n<li>in quello delle<strong> Edizioni San Paolo<\/strong> leggiamo nella presentazione:<\/li>\n<\/ul>\n<blockquote><p><em>&#8220;La prima parte del Sussidio si soffermer\u00e0 sulla Liturgia della Parola, offrendo una lectio alle letture del giorno e alcuni materiali che possono essere utili per caratterizzare anche \u201cvisivamente\u201d l\u2019attenzione alla Parola. Come indicato da Papa Francesco, in questa domenica sarebbe bene collocare il Rito di Istituzione dei Lettori e dei Catechisti. La seconda parte sosta sulla Liturgia eucaristica, partendo dal racconto di vocazione propostoci dal Vangelo del giorno. Una delle risposte pi\u00f9 limpide alla chiamata di Dio \u00e8 la consegna di s\u00e9, espressione di un \u201ceccomi\u201d che si fa sequela fiduciosa e aperta.&#8221;<\/em><\/p>\n<p>Il sussidio offre anche una catechesi con la &#8220;lettura&#8221; di tre tele di Caravaggio dedicate alla vita di San Matteo, il cui Vangelo viene letto durante tutto l&#8217;anno liturgico<\/p><\/blockquote>\n<ul>\n<li>nel <a href=\"https:\/\/www.chiesacattolica.it\/wp-content\/uploads\/sites\/31\/2023\/01\/11\/DomenicaParola2023s.pdf\"><strong>SUSSIDIO<\/strong><\/a> prodotto dai vari Uffici della <strong>CEI<\/strong> viene ribadito:<\/li>\n<\/ul>\n<blockquote><p><em>&#8220;La Chiesa in ascolto \u00e8 la Chiesa missionaria: proiettata verso il mondo, desiderosa di crescere nella fede, interessata a ogni uomo e donna, attenta soprattutto a quanti abitano loro malgrado le periferie esistenziali.&#8221; (&#8230;)\u00a0Come \u00e8 ormai consuetudine, il Sussidio vede la collaborazione stretta tra vari Uffici della CEI. Anzi, proprio il tema della missione ha consentito quest\u2019anno la partecipazione per la prima volta dell\u2019Ufficio Nazionale per la Cooperazione Missionaria tra le Chiese, insieme con gli ormai tradizionali Ufficio Catechistico Nazionale, Ufficio Liturgico nazionale, Ufficio Nazionale per l\u2019Ecumenismo e il Dialogo Interreligioso e Ufficio Nazionale per i Beni Culturali Ecclesiastici e l\u2019Edilizia di Culto.&#8221;\u00a0<\/em><\/p><\/blockquote>\n","protected":false},"excerpt":{"rendered":"<p>Per chi fosse alla ricerca di qualche suggerimento o di un organico\u00a0SUSSIDIO PASTORALE\u00a0che aiuti la comunit\u00e0 cristiana a vivere la domenica della Parola di Dio, si segnala ci\u00f2 che si trova a disposizione on-line.\u00a0Domenica 22 gennaio 2023\u00a0saremo, infatti, chiamati a riflettere comunitariamente attraverso il versetto scelto:\u00a0\u00abVi annunciamo ci\u00f2 che abbiamo veduto\u00bb\u00a0(1Gv 1,3), invitando ogni fedele&#8230;  <a class=\"excerpt-read-more\" href=\"https:\/\/oldpatriarcatovenezia.glauco.it\/ufficioliturgico\/2023\/01\/10\/domenica-della-parola-2023\/\" title=\"Leggi DOMENICA della PAROLA 2023\">&raquo; continua<\/a><\/p>\n","protected":false},"author":9,"featured_media":1039,"comment_status":"closed","ping_status":"closed","sticky":false,"template":"","format":"standard","meta":{"ip_address":"","user_agent":"","level":"","revision":"","cookie_id":"","page_referer":"","html_form":""},"categories":[1,90,87],"tags":[],"acf":[],"_links":{"self":[{"href":"https:\/\/oldpatriarcatovenezia.glauco.it\/ufficioliturgico\/wp-json\/wp\/v2\/posts\/1033"}],"collection":[{"href":"https:\/\/oldpatriarcatovenezia.glauco.it\/ufficioliturgico\/wp-json\/wp\/v2\/posts"}],"about":[{"href":"https:\/\/oldpatriarcatovenezia.glauco.it\/ufficioliturgico\/wp-json\/wp\/v2\/types\/post"}],"author":[{"embeddable":true,"href":"https:\/\/oldpatriarcatovenezia.glauco.it\/ufficioliturgico\/wp-json\/wp\/v2\/users\/9"}],"replies":[{"embeddable":true,"href":"https:\/\/oldpatriarcatovenezia.glauco.it\/ufficioliturgico\/wp-json\/wp\/v2\/comments?post=1033"}],"version-history":[{"count":7,"href":"https:\/\/oldpatriarcatovenezia.glauco.it\/ufficioliturgico\/wp-json\/wp\/v2\/posts\/1033\/revisions"}],"predecessor-version":[{"id":1043,"href":"https:\/\/oldpatriarcatovenezia.glauco.it\/ufficioliturgico\/wp-json\/wp\/v2\/posts\/1033\/revisions\/1043"}],"wp:featuredmedia":[{"embeddable":true,"href":"https:\/\/oldpatriarcatovenezia.glauco.it\/ufficioliturgico\/wp-json\/wp\/v2\/media\/1039"}],"wp:attachment":[{"href":"https:\/\/oldpatriarcatovenezia.glauco.it\/ufficioliturgico\/wp-json\/wp\/v2\/media?parent=1033"}],"wp:term":[{"taxonomy":"category","embeddable":true,"href":"https:\/\/oldpatriarcatovenezia.glauco.it\/ufficioliturgico\/wp-json\/wp\/v2\/categories?post=1033"},{"taxonomy":"post_tag","embeddable":true,"href":"https:\/\/oldpatriarcatovenezia.glauco.it\/ufficioliturgico\/wp-json\/wp\/v2\/tags?post=1033"}],"curies":[{"name":"wp","href":"https:\/\/api.w.org\/{rel}","templated":true}]}}