{"id":925,"date":"2017-12-22T10:20:35","date_gmt":"2017-12-22T09:20:35","guid":{"rendered":"https:\/\/www.patriarcatovenezia.it\/pastorale-sposi-famiglia\/?p=925"},"modified":"2017-12-22T10:20:35","modified_gmt":"2017-12-22T09:20:35","slug":"corso-per-formatori-di-pastorale-familiare","status":"publish","type":"post","link":"https:\/\/oldpatriarcatovenezia.glauco.it\/pastorale-sposi-famiglia\/corso-per-formatori-di-pastorale-familiare\/","title":{"rendered":"Corso per formatori di Pastorale familiare"},"content":{"rendered":"<hr \/>\n<p>Inizieranno a marzo degli <strong>incontri di formazione<\/strong> per formatori, ovvero per chi \u00e8 impegnato nei gruppi sposi e famiglie parrocchiali o zonali e nei corsi di preparazione al matrimonio.<\/p>\n<p>Sono proposte 3 serate (7 marzo, 4 aprile\u00a0 e 9 maggio 2018), a cura dell&#8217;<a href=\"http:\/\/www.ineritalia.org\/\">INER<\/a> (Istituto per l&#8217;educazione alla sessualit\u00e0 e alla fertilit\u00e0) di Verona, sul tema: <strong>sessualit\u00e0 e famiglia<\/strong>.\u00a0<em>Nell&#8217;allegato maggiori dettagli<\/em>.<\/p>\n<p>Il corso \u00e8 gratuito ma, per motivi organizzativi, \u00e8 necessario iscriversi, essendo i posti limitati.<\/p>\n<p>Il percorso intende approfondire il significato e la bellezza della sessualit\u00e0 sponsale per la persona, la coppia e la societ\u00e0, anche in relazioni alle grandi sfide della nostra epoca.<\/p>\n<p>\u00c8 aperto anche a coppie che desiderano iniziare a impegnarsi nella pastorale familiare.<\/p>\n","protected":false},"excerpt":{"rendered":"<p>Inizieranno a marzo degli incontri di formazione per formatori, ovvero per chi \u00e8 impegnato nei gruppi sposi e famiglie parrocchiali o zonali e nei corsi di preparazione al matrimonio. Sono proposte 3 serate (7 marzo, 4 aprile\u00a0 e 9 maggio 2018), a cura dell&#8217;INER (Istituto per l&#8217;educazione alla sessualit\u00e0 e alla fertilit\u00e0) di Verona, sul&#8230;  <a class=\"excerpt-read-more\" href=\"https:\/\/oldpatriarcatovenezia.glauco.it\/pastorale-sposi-famiglia\/corso-per-formatori-di-pastorale-familiare\/\" title=\"Leggi Corso per formatori di Pastorale familiare\">&raquo; continua<\/a><\/p>\n","protected":false},"author":10,"featured_media":927,"comment_status":"closed","ping_status":"closed","sticky":false,"template":"","format":"standard","meta":{"ip_address":"","user_agent":"","level":"","revision":"","cookie_id":"","page_referer":"","html_form":""},"categories":[1,93],"tags":[],"acf":[],"_links":{"self":[{"href":"https:\/\/oldpatriarcatovenezia.glauco.it\/pastorale-sposi-famiglia\/wp-json\/wp\/v2\/posts\/925"}],"collection":[{"href":"https:\/\/oldpatriarcatovenezia.glauco.it\/pastorale-sposi-famiglia\/wp-json\/wp\/v2\/posts"}],"about":[{"href":"https:\/\/oldpatriarcatovenezia.glauco.it\/pastorale-sposi-famiglia\/wp-json\/wp\/v2\/types\/post"}],"author":[{"embeddable":true,"href":"https:\/\/oldpatriarcatovenezia.glauco.it\/pastorale-sposi-famiglia\/wp-json\/wp\/v2\/users\/10"}],"replies":[{"embeddable":true,"href":"https:\/\/oldpatriarcatovenezia.glauco.it\/pastorale-sposi-famiglia\/wp-json\/wp\/v2\/comments?post=925"}],"version-history":[{"count":2,"href":"https:\/\/oldpatriarcatovenezia.glauco.it\/pastorale-sposi-famiglia\/wp-json\/wp\/v2\/posts\/925\/revisions"}],"predecessor-version":[{"id":929,"href":"https:\/\/oldpatriarcatovenezia.glauco.it\/pastorale-sposi-famiglia\/wp-json\/wp\/v2\/posts\/925\/revisions\/929"}],"wp:featuredmedia":[{"embeddable":true,"href":"https:\/\/oldpatriarcatovenezia.glauco.it\/pastorale-sposi-famiglia\/wp-json\/wp\/v2\/media\/927"}],"wp:attachment":[{"href":"https:\/\/oldpatriarcatovenezia.glauco.it\/pastorale-sposi-famiglia\/wp-json\/wp\/v2\/media?parent=925"}],"wp:term":[{"taxonomy":"category","embeddable":true,"href":"https:\/\/oldpatriarcatovenezia.glauco.it\/pastorale-sposi-famiglia\/wp-json\/wp\/v2\/categories?post=925"},{"taxonomy":"post_tag","embeddable":true,"href":"https:\/\/oldpatriarcatovenezia.glauco.it\/pastorale-sposi-famiglia\/wp-json\/wp\/v2\/tags?post=925"}],"curies":[{"name":"wp","href":"https:\/\/api.w.org\/{rel}","templated":true}]}}