{"id":769,"date":"2017-09-13T13:53:15","date_gmt":"2017-09-13T11:53:15","guid":{"rendered":"https:\/\/www.patriarcatovenezia.it\/pastorale-sposi-famiglia\/?p=769"},"modified":"2017-09-13T13:53:15","modified_gmt":"2017-09-13T11:53:15","slug":"papa-francesco-a-venezia-nel-2018","status":"publish","type":"post","link":"https:\/\/oldpatriarcatovenezia.glauco.it\/pastorale-sposi-famiglia\/papa-francesco-a-venezia-nel-2018\/","title":{"rendered":"Papa Francesco a Venezia nel 2018"},"content":{"rendered":"<p>Papa Francesco ha accolto l&#8217;invito di\u00a0venire a Venezia ed incontrare le Chiese del Nordest, rispondendo cos\u00ec positivamente all\u2019invito gi\u00e0 da qualche tempo rivolto al Santo Padre dal Patriarca Francesco anche a nome degli altri Vescovi della nostra regione ecclesiastica (che riunisce il Veneto, il Trentino Alto-Adige e il Friuli Venezia-Giulia).<\/p>\n<p>Tale visita si svolger\u00e0 nel corso dell\u2019anno 2018 ed avr\u00e0 la durata prevista di una giornata, avendo per meta Venezia dove, oltre alla celebrazione eucaristica, si terr\u00e0 un evento comune che coinvolger\u00e0 tutte le Diocesi del Nordest (i giovani in particolare, a cui sar\u00e0 dedicato il prossimo Sinodo dei Vescovi).<\/p>\n","protected":false},"excerpt":{"rendered":"<p>Papa Francesco ha accolto l&#8217;invito di\u00a0venire a Venezia ed incontrare le Chiese del Nordest, rispondendo cos\u00ec positivamente all\u2019invito gi\u00e0 da qualche tempo rivolto al Santo Padre dal Patriarca Francesco anche a nome degli altri Vescovi della nostra regione ecclesiastica (che riunisce il Veneto, il Trentino Alto-Adige e il Friuli Venezia-Giulia). Tale visita si svolger\u00e0 nel&#8230;  <a class=\"excerpt-read-more\" href=\"https:\/\/oldpatriarcatovenezia.glauco.it\/pastorale-sposi-famiglia\/papa-francesco-a-venezia-nel-2018\/\" title=\"Leggi Papa Francesco a Venezia nel 2018\">&raquo; continua<\/a><\/p>\n","protected":false},"author":10,"featured_media":770,"comment_status":"closed","ping_status":"closed","sticky":false,"template":"","format":"standard","meta":{"ip_address":"","user_agent":"","level":"","revision":"","cookie_id":"","page_referer":"","html_form":""},"categories":[1],"tags":[],"acf":[],"_links":{"self":[{"href":"https:\/\/oldpatriarcatovenezia.glauco.it\/pastorale-sposi-famiglia\/wp-json\/wp\/v2\/posts\/769"}],"collection":[{"href":"https:\/\/oldpatriarcatovenezia.glauco.it\/pastorale-sposi-famiglia\/wp-json\/wp\/v2\/posts"}],"about":[{"href":"https:\/\/oldpatriarcatovenezia.glauco.it\/pastorale-sposi-famiglia\/wp-json\/wp\/v2\/types\/post"}],"author":[{"embeddable":true,"href":"https:\/\/oldpatriarcatovenezia.glauco.it\/pastorale-sposi-famiglia\/wp-json\/wp\/v2\/users\/10"}],"replies":[{"embeddable":true,"href":"https:\/\/oldpatriarcatovenezia.glauco.it\/pastorale-sposi-famiglia\/wp-json\/wp\/v2\/comments?post=769"}],"version-history":[{"count":1,"href":"https:\/\/oldpatriarcatovenezia.glauco.it\/pastorale-sposi-famiglia\/wp-json\/wp\/v2\/posts\/769\/revisions"}],"predecessor-version":[{"id":771,"href":"https:\/\/oldpatriarcatovenezia.glauco.it\/pastorale-sposi-famiglia\/wp-json\/wp\/v2\/posts\/769\/revisions\/771"}],"wp:featuredmedia":[{"embeddable":true,"href":"https:\/\/oldpatriarcatovenezia.glauco.it\/pastorale-sposi-famiglia\/wp-json\/wp\/v2\/media\/770"}],"wp:attachment":[{"href":"https:\/\/oldpatriarcatovenezia.glauco.it\/pastorale-sposi-famiglia\/wp-json\/wp\/v2\/media?parent=769"}],"wp:term":[{"taxonomy":"category","embeddable":true,"href":"https:\/\/oldpatriarcatovenezia.glauco.it\/pastorale-sposi-famiglia\/wp-json\/wp\/v2\/categories?post=769"},{"taxonomy":"post_tag","embeddable":true,"href":"https:\/\/oldpatriarcatovenezia.glauco.it\/pastorale-sposi-famiglia\/wp-json\/wp\/v2\/tags?post=769"}],"curies":[{"name":"wp","href":"https:\/\/api.w.org\/{rel}","templated":true}]}}