{"id":731,"date":"2017-07-27T15:16:43","date_gmt":"2017-07-27T13:16:43","guid":{"rendered":"https:\/\/www.patriarcatovenezia.it\/pastorale-sposi-famiglia\/?p=731"},"modified":"2017-08-24T12:10:58","modified_gmt":"2017-08-24T10:10:58","slug":"731","status":"publish","type":"post","link":"https:\/\/oldpatriarcatovenezia.glauco.it\/pastorale-sposi-famiglia\/731\/","title":{"rendered":"Giornata di formazione: &#8220;Il significato dell&#8217;amore&#8221;"},"content":{"rendered":"<p style=\"text-align: right\"><strong>PATRIARCATO di VENEZIA<\/strong><\/p>\n<p>&nbsp;<\/p>\n<blockquote><p><em>\u201cTutti siamo invitati a guardare, con impegno, alle nascenti Collaborazioni tra le parrocchie: lo scopo \u00e8 sostenerle e aiutarle proprio quando le scopriamo pi\u00f9 fragili, condividendo innanzitutto le pastorali che stentano gi\u00e0 a realizzarsi, ossia la pastorale della famiglia, della cura dei giovani \u2013 con la sfida educativa e la maturazione della loro affettivit\u00e0.\u201d<\/em><\/p>\n<p style=\"text-align: center\">mons. Francesco Moraglia, lettera pastorale <em>\u201cIncontro al risorto\u201d, <\/em>2017<\/p>\n<\/blockquote>\n<p>&nbsp;<\/p>\n<p>Dentro questo orizzonte tracciato dal nostro Patriarca Francesco gli uffici diocesani\u00a0<em>Evangelizzazione e catechesi, Pastorale degli sposi e della famiglia, Pastorale giovanile, Pastorale dei ragazzi, Pastorale scolastica, Ufficio IRC, Pastorale universitaria, ODERS\u00a0<\/em>ti invitano ad una<\/p>\n<p>&nbsp;<\/p>\n<p style=\"text-align: center\"><strong>GIORNATA DI FORMAZIONE DIOCESANA <\/strong><\/p>\n<p style=\"text-align: center\"><strong><em>per catechisti, educatori, genitori e insegnanti<\/em><\/strong><\/p>\n<p style=\"text-align: center\"><strong>Domenica 24 settembre 2017<\/strong><\/p>\n<p style=\"text-align: center\">Presso la palestra dell\u2019Istituto \u201cSan Marco\u201d &#8211;\u00a0 via dei Salesiani, 15 \u2013 localit\u00e0 Gazzera<\/p>\n<h4 style=\"text-align: center\"><strong>IL SIGNIFICATO DELL\u2019AMORE<\/strong><br \/>\n<strong> Come accompagnare le giovani generazioni<\/strong><br \/>\n<strong> nella maturazione affettiva e sessuale<\/strong><\/h4>\n<p style=\"text-align: center\"><strong>\u00a0<a href=\"https:\/\/www.patriarcatovenezia.it\/pastorale-sposi-famiglia\/wp-content\/uploads\/sites\/7\/2017\/07\/locandina24.09.17.png\" data-rel=\"lightbox-image-0\" data-rl_title=\"\" data-rl_caption=\"\" title=\"\"><img loading=\"lazy\" class=\"alignright size-medium wp-image-721\" src=\"https:\/\/www.patriarcatovenezia.it\/pastorale-sposi-famiglia\/wp-content\/uploads\/sites\/7\/2017\/07\/locandina24.09.17-209x300.png\" alt=\"\" width=\"209\" height=\"300\" srcset=\"https:\/\/oldpatriarcatovenezia.glauco.it\/pastorale-sposi-famiglia\/wp-content\/uploads\/sites\/7\/2017\/07\/locandina24.09.17-209x300.png 209w, https:\/\/oldpatriarcatovenezia.glauco.it\/pastorale-sposi-famiglia\/wp-content\/uploads\/sites\/7\/2017\/07\/locandina24.09.17-195x280.png 195w, https:\/\/oldpatriarcatovenezia.glauco.it\/pastorale-sposi-famiglia\/wp-content\/uploads\/sites\/7\/2017\/07\/locandina24.09.17-535x768.png 535w, https:\/\/oldpatriarcatovenezia.glauco.it\/pastorale-sposi-famiglia\/wp-content\/uploads\/sites\/7\/2017\/07\/locandina24.09.17.png 567w\" sizes=\"(max-width: 209px) 100vw, 209px\" \/><\/a><\/strong><\/p>\n<p><strong>PROGRAMMA di massima<\/strong><\/p>\n<p>ore 9.00\u00a0\u00a0\u00a0\u00a0\u00a0\u00a0\u00a0\u00a0\u00a0 preghiera iniziale e lancio della giornata<\/p>\n<p>ore 9.30\u00a0\u00a0\u00a0\u00a0\u00a0\u00a0\u00a0\u00a0\u00a0 relazione della <strong>prof.ssa<\/strong> <strong>E. Confalonieri<\/strong><\/p>\n<p><em>discussione per gruppi di lavoro<\/em><\/p>\n<p>ore 12.30 \u00a0\u00a0\u00a0\u00a0\u00a0\u00a0 pranzo al sacco<\/p>\n<p>ore 14.00 \u00a0\u00a0\u00a0\u00a0\u00a0\u00a0 presentazione di alcune esperienze di accompagnamento, in particolare del progetto \u201cTeen STAR\u201d\u00a0 a cura della <strong>dott.ssa<\/strong> <strong>M. G. Olivari<\/strong><\/p>\n<p>ore 15.00\u00a0\u00a0\u00a0\u00a0\u00a0\u00a0\u00a0 dibattito in assemblea e indicazioni conclusive a cura della prof.ssa E. Confalonieri<\/p>\n<p>ore 16.30 \u00a0\u00a0\u00a0\u00a0\u00a0\u00a0 Santa Messa con il <strong>Patriarca Francesco<\/strong><\/p>\n<p><em>(all\u2019interno della quale ci sar\u00e0 il <u>Mandato agli evangelizzatori e ai catechisti<\/u> presenti)<\/em><\/p>\n<p>ore 18.00\u00a0\u00a0\u00a0\u00a0\u00a0\u00a0\u00a0 conclusione<\/p>\n<p><strong>\u00a0<\/strong><\/p>\n<p><strong>Emanuela Confalonieri, <\/strong>psicologa, \u00e8 Professore associato presso la Facolt\u00e0 di Psicologia dell\u2019Universit\u00e0 Cattolica del Sacro Cuore. Esperta di adolescenza nei suoi aspetti tipici e atipici, si occupa di formazione agli insegnanti e ai genitori. Partecipa attivamente alla vita della sua parrocchia di appartenenza e fa parte del Consiglio Pastorale.<\/p>\n<p><strong>Maria Giulia Olivari, <\/strong>psicologa e psicoterapeuta, \u00e8 assegnista di ricerca presso la Facolt\u00e0 di Psicologia dell\u2019Universit\u00e0 Cattolica del Sacro Cuore. Conduce gruppi psico-educativi con genitori di adolescenti. Partecipa attivamente alla vita della sua parrocchia di appartenenza, collaborando all\u2019organizzazione di attivit\u00e0 ricreative.<\/p>\n<hr \/>\n<p><strong>MATERIALE FORMATO PDF:<\/strong><\/p>\n<ul>\n<li><a href=\"https:\/\/www.patriarcatovenezia.it\/pastorale-sposi-famiglia\/wp-content\/uploads\/sites\/7\/2017\/07\/Testo-INVITO-al-24.09.17.pdf\">INVITO_TESTO<\/a><\/li>\n<li><a href=\"https:\/\/www.patriarcatovenezia.it\/pastorale-sposi-famiglia\/wp-content\/uploads\/sites\/7\/2017\/07\/loc24sett.pdf\">LOCANDINA<\/a><\/li>\n<li><a href=\"https:\/\/www.patriarcatovenezia.it\/pastorale-sposi-famiglia\/wp-content\/uploads\/sites\/7\/2017\/07\/invito24sett_piegato.pdf\">INVITO_PIEGATO<\/a><\/li>\n<li><a href=\"https:\/\/www.patriarcatovenezia.it\/pastorale-sposi-famiglia\/wp-content\/uploads\/sites\/7\/2017\/07\/invito24sett_lungo.pdf\">INVITO_LUNGO<\/a><\/li>\n<\/ul>\n<p><strong>MATERIALE FORMATO IMMAGINE PNG:<\/strong><\/p>\n","protected":false},"excerpt":{"rendered":"<p>PATRIARCATO di VENEZIA &nbsp; \u201cTutti siamo invitati a guardare, con impegno, alle nascenti Collaborazioni tra le parrocchie: lo scopo \u00e8 sostenerle e aiutarle proprio quando le scopriamo pi\u00f9 fragili, condividendo innanzitutto le pastorali che stentano gi\u00e0 a realizzarsi, ossia la pastorale della famiglia, della cura dei giovani \u2013 con la sfida educativa e la maturazione&#8230;  <a class=\"excerpt-read-more\" href=\"https:\/\/oldpatriarcatovenezia.glauco.it\/pastorale-sposi-famiglia\/731\/\" title=\"Leggi Giornata di formazione: &#8220;Il significato dell&#8217;amore&#8221;\">&raquo; continua<\/a><\/p>\n","protected":false},"author":10,"featured_media":722,"comment_status":"closed","ping_status":"closed","sticky":false,"template":"","format":"standard","meta":{"ip_address":"","user_agent":"","level":"","revision":"","cookie_id":"","page_referer":"","html_form":""},"categories":[1,93],"tags":[],"acf":[],"_links":{"self":[{"href":"https:\/\/oldpatriarcatovenezia.glauco.it\/pastorale-sposi-famiglia\/wp-json\/wp\/v2\/posts\/731"}],"collection":[{"href":"https:\/\/oldpatriarcatovenezia.glauco.it\/pastorale-sposi-famiglia\/wp-json\/wp\/v2\/posts"}],"about":[{"href":"https:\/\/oldpatriarcatovenezia.glauco.it\/pastorale-sposi-famiglia\/wp-json\/wp\/v2\/types\/post"}],"author":[{"embeddable":true,"href":"https:\/\/oldpatriarcatovenezia.glauco.it\/pastorale-sposi-famiglia\/wp-json\/wp\/v2\/users\/10"}],"replies":[{"embeddable":true,"href":"https:\/\/oldpatriarcatovenezia.glauco.it\/pastorale-sposi-famiglia\/wp-json\/wp\/v2\/comments?post=731"}],"version-history":[{"count":3,"href":"https:\/\/oldpatriarcatovenezia.glauco.it\/pastorale-sposi-famiglia\/wp-json\/wp\/v2\/posts\/731\/revisions"}],"predecessor-version":[{"id":744,"href":"https:\/\/oldpatriarcatovenezia.glauco.it\/pastorale-sposi-famiglia\/wp-json\/wp\/v2\/posts\/731\/revisions\/744"}],"wp:featuredmedia":[{"embeddable":true,"href":"https:\/\/oldpatriarcatovenezia.glauco.it\/pastorale-sposi-famiglia\/wp-json\/wp\/v2\/media\/722"}],"wp:attachment":[{"href":"https:\/\/oldpatriarcatovenezia.glauco.it\/pastorale-sposi-famiglia\/wp-json\/wp\/v2\/media?parent=731"}],"wp:term":[{"taxonomy":"category","embeddable":true,"href":"https:\/\/oldpatriarcatovenezia.glauco.it\/pastorale-sposi-famiglia\/wp-json\/wp\/v2\/categories?post=731"},{"taxonomy":"post_tag","embeddable":true,"href":"https:\/\/oldpatriarcatovenezia.glauco.it\/pastorale-sposi-famiglia\/wp-json\/wp\/v2\/tags?post=731"}],"curies":[{"name":"wp","href":"https:\/\/api.w.org\/{rel}","templated":true}]}}