{"id":719,"date":"2017-07-27T15:07:00","date_gmt":"2017-07-27T13:07:00","guid":{"rendered":"https:\/\/www.patriarcatovenezia.it\/pastorale-sposi-famiglia\/?p=719"},"modified":"2017-08-28T08:26:22","modified_gmt":"2017-08-28T06:26:22","slug":"chiusura-ufficio","status":"publish","type":"post","link":"https:\/\/oldpatriarcatovenezia.glauco.it\/pastorale-sposi-famiglia\/chiusura-ufficio\/","title":{"rendered":"Chiusura Ufficio"},"content":{"rendered":"<h3><strong><em><a href=\"https:\/\/www.patriarcatovenezia.it\/pastorale-sposi-famiglia\/wp-content\/uploads\/sites\/7\/2017\/07\/vacanze-per-famiglia.png\" data-rel=\"lightbox-image-0\" data-rl_title=\"\" data-rl_caption=\"\" title=\"\"><img loading=\"lazy\" class=\"size-medium wp-image-729 alignleft\" src=\"https:\/\/www.patriarcatovenezia.it\/pastorale-sposi-famiglia\/wp-content\/uploads\/sites\/7\/2017\/07\/vacanze-per-famiglia-300x248.png\" alt=\"\" width=\"300\" height=\"248\" srcset=\"https:\/\/oldpatriarcatovenezia.glauco.it\/pastorale-sposi-famiglia\/wp-content\/uploads\/sites\/7\/2017\/07\/vacanze-per-famiglia-300x248.png 300w, https:\/\/oldpatriarcatovenezia.glauco.it\/pastorale-sposi-famiglia\/wp-content\/uploads\/sites\/7\/2017\/07\/vacanze-per-famiglia.png 302w\" sizes=\"(max-width: 300px) 100vw, 300px\" \/><\/a>Gli Uffici della Curia Patriarcale di Venezia saranno chiusi al pubblico, per la consueta pausa estiva,\u00a0da gioved\u00ec 3 a mercoled\u00ec 23 agosto\u00a0pp.vv. compresi. Le attivit\u00e0 dei vari Uffici riprenderanno, pertanto, la loro regolare attivit\u00e0 a partire da gioved\u00ec 24 agosto 2017 <\/em>[<a href=\"http:\/\/www.genteveneta.it\/events\/chiusura-estiva-degli-uffici-della-curia-patriarcale-venezia-giovedi-3-mercoledi-23-agosto-le-attivita-riprenderanno-regolarmente-partire-dal-24-agosto\/\">genteveneta.it<\/a>]<\/strong><\/h3>\n<h3 style=\"text-align: right\"><span style=\"color: #ff9900\">Buone vacanze a tutti!<\/span><\/h3>\n<p style=\"text-align: center\">\n","protected":false},"excerpt":{"rendered":"<p>Gli Uffici della Curia Patriarcale di Venezia saranno chiusi al pubblico, per la consueta pausa estiva,\u00a0da gioved\u00ec 3 a mercoled\u00ec 23 agosto\u00a0pp.vv. compresi. Le attivit\u00e0 dei vari Uffici riprenderanno, pertanto, la loro regolare attivit\u00e0 a partire da gioved\u00ec 24 agosto 2017 [genteveneta.it] Buone vacanze a tutti!<\/p>\n","protected":false},"author":10,"featured_media":728,"comment_status":"closed","ping_status":"closed","sticky":false,"template":"","format":"standard","meta":{"ip_address":"","user_agent":"","level":"","revision":"","cookie_id":"","page_referer":"","html_form":""},"categories":[1],"tags":[],"acf":[],"_links":{"self":[{"href":"https:\/\/oldpatriarcatovenezia.glauco.it\/pastorale-sposi-famiglia\/wp-json\/wp\/v2\/posts\/719"}],"collection":[{"href":"https:\/\/oldpatriarcatovenezia.glauco.it\/pastorale-sposi-famiglia\/wp-json\/wp\/v2\/posts"}],"about":[{"href":"https:\/\/oldpatriarcatovenezia.glauco.it\/pastorale-sposi-famiglia\/wp-json\/wp\/v2\/types\/post"}],"author":[{"embeddable":true,"href":"https:\/\/oldpatriarcatovenezia.glauco.it\/pastorale-sposi-famiglia\/wp-json\/wp\/v2\/users\/10"}],"replies":[{"embeddable":true,"href":"https:\/\/oldpatriarcatovenezia.glauco.it\/pastorale-sposi-famiglia\/wp-json\/wp\/v2\/comments?post=719"}],"version-history":[{"count":1,"href":"https:\/\/oldpatriarcatovenezia.glauco.it\/pastorale-sposi-famiglia\/wp-json\/wp\/v2\/posts\/719\/revisions"}],"predecessor-version":[{"id":730,"href":"https:\/\/oldpatriarcatovenezia.glauco.it\/pastorale-sposi-famiglia\/wp-json\/wp\/v2\/posts\/719\/revisions\/730"}],"wp:featuredmedia":[{"embeddable":true,"href":"https:\/\/oldpatriarcatovenezia.glauco.it\/pastorale-sposi-famiglia\/wp-json\/wp\/v2\/media\/728"}],"wp:attachment":[{"href":"https:\/\/oldpatriarcatovenezia.glauco.it\/pastorale-sposi-famiglia\/wp-json\/wp\/v2\/media?parent=719"}],"wp:term":[{"taxonomy":"category","embeddable":true,"href":"https:\/\/oldpatriarcatovenezia.glauco.it\/pastorale-sposi-famiglia\/wp-json\/wp\/v2\/categories?post=719"},{"taxonomy":"post_tag","embeddable":true,"href":"https:\/\/oldpatriarcatovenezia.glauco.it\/pastorale-sposi-famiglia\/wp-json\/wp\/v2\/tags?post=719"}],"curies":[{"name":"wp","href":"https:\/\/api.w.org\/{rel}","templated":true}]}}