{"id":2331,"date":"2022-01-24T12:03:58","date_gmt":"2022-01-24T11:03:58","guid":{"rendered":"https:\/\/www.patriarcatovenezia.it\/pastorale-sposi-famiglia\/?p=2331"},"modified":"2022-01-24T12:03:58","modified_gmt":"2022-01-24T11:03:58","slug":"giornata-mondiale-per-la-vita","status":"publish","type":"post","link":"https:\/\/oldpatriarcatovenezia.glauco.it\/pastorale-sposi-famiglia\/giornata-mondiale-per-la-vita\/","title":{"rendered":"Giornata Mondiale per la Vita"},"content":{"rendered":"<p>Si celebrer\u00e0 il\u00a0<strong>6 febbraio 2022<\/strong>\u00a0la\u00a0<strong>44a Giornata Nazionale per la Vita<\/strong>\u00a0ed avr\u00e0 per tema titolo \u00abCustodire ogni vita. \u201cIl Signore Dio prese l\u2019uomo e lo pose nel giardino di Eden, perch\u00e9 lo coltivasse e lo custodisse\u201d (Gen 2,15)\u00bb.<\/p>\n<p>Il\u00a0Messaggio\u00a0che il Consiglio Episcopale Permanente della CEI ha preparato \u00e8 incentrato sui temi delle ripercussioni della pandemia, sulla custodia della vita nascente e terminale, sulle fragilit\u00e0, sul sistema sanitario e sulle responsabilit\u00e0 individuali.<\/p>\n<p>\u00c8 assai importante che nelle nostre comunit\u00e0, nei gruppi e nelle famiglie si preghi il Signore della vita perch\u00e9 ci aiuti a custodirla con coraggio e amore. Vi proponiamo una preghiera dei fedeli per la celebrazione eucaristica di domenica 6 febbraio:<\/p>\n<p style=\"text-align: center\">\nPer la vita, affinch\u00e9 sia rispettata e custodita<br \/>\ndal suo inizio alla sua fine naturale;<br \/>\nogni persona non si sottragga al fondamentale compito<br \/>\ndi aver cura con amore della vita dell&#8217;altro<br \/>\nspecialmente dei bambini, degli anziani,<br \/>\ndi coloro che sono i pi\u00f9 fragili<br \/>\ne che spesso sono nella periferia del cuore,<br \/>\ne perch\u00e9 la nostra societ\u00e0 sappia sostenere ogni donna<br \/>\nnel portare avanti la gravidanza.<br \/>\nPreghiamo.<\/p>\n","protected":false},"excerpt":{"rendered":"<p>Si celebrer\u00e0 il\u00a06 febbraio 2022\u00a0la\u00a044a Giornata Nazionale per la Vita\u00a0ed avr\u00e0 per tema titolo \u00abCustodire ogni vita. \u201cIl Signore Dio prese l\u2019uomo e lo pose nel giardino di Eden, perch\u00e9 lo coltivasse e lo custodisse\u201d (Gen 2,15)\u00bb. Il\u00a0Messaggio\u00a0che il Consiglio Episcopale Permanente della CEI ha preparato \u00e8 incentrato sui temi delle ripercussioni della pandemia, sulla&#8230;  <a class=\"excerpt-read-more\" href=\"https:\/\/oldpatriarcatovenezia.glauco.it\/pastorale-sposi-famiglia\/giornata-mondiale-per-la-vita\/\" title=\"Leggi Giornata Mondiale per la Vita\">&raquo; continua<\/a><\/p>\n","protected":false},"author":10,"featured_media":2325,"comment_status":"closed","ping_status":"closed","sticky":false,"template":"","format":"standard","meta":{"ip_address":"","user_agent":"","level":"","revision":"","cookie_id":"","page_referer":"","html_form":""},"categories":[1],"tags":[331,169,171],"acf":[],"_links":{"self":[{"href":"https:\/\/oldpatriarcatovenezia.glauco.it\/pastorale-sposi-famiglia\/wp-json\/wp\/v2\/posts\/2331"}],"collection":[{"href":"https:\/\/oldpatriarcatovenezia.glauco.it\/pastorale-sposi-famiglia\/wp-json\/wp\/v2\/posts"}],"about":[{"href":"https:\/\/oldpatriarcatovenezia.glauco.it\/pastorale-sposi-famiglia\/wp-json\/wp\/v2\/types\/post"}],"author":[{"embeddable":true,"href":"https:\/\/oldpatriarcatovenezia.glauco.it\/pastorale-sposi-famiglia\/wp-json\/wp\/v2\/users\/10"}],"replies":[{"embeddable":true,"href":"https:\/\/oldpatriarcatovenezia.glauco.it\/pastorale-sposi-famiglia\/wp-json\/wp\/v2\/comments?post=2331"}],"version-history":[{"count":1,"href":"https:\/\/oldpatriarcatovenezia.glauco.it\/pastorale-sposi-famiglia\/wp-json\/wp\/v2\/posts\/2331\/revisions"}],"predecessor-version":[{"id":2333,"href":"https:\/\/oldpatriarcatovenezia.glauco.it\/pastorale-sposi-famiglia\/wp-json\/wp\/v2\/posts\/2331\/revisions\/2333"}],"wp:featuredmedia":[{"embeddable":true,"href":"https:\/\/oldpatriarcatovenezia.glauco.it\/pastorale-sposi-famiglia\/wp-json\/wp\/v2\/media\/2325"}],"wp:attachment":[{"href":"https:\/\/oldpatriarcatovenezia.glauco.it\/pastorale-sposi-famiglia\/wp-json\/wp\/v2\/media?parent=2331"}],"wp:term":[{"taxonomy":"category","embeddable":true,"href":"https:\/\/oldpatriarcatovenezia.glauco.it\/pastorale-sposi-famiglia\/wp-json\/wp\/v2\/categories?post=2331"},{"taxonomy":"post_tag","embeddable":true,"href":"https:\/\/oldpatriarcatovenezia.glauco.it\/pastorale-sposi-famiglia\/wp-json\/wp\/v2\/tags?post=2331"}],"curies":[{"name":"wp","href":"https:\/\/api.w.org\/{rel}","templated":true}]}}