{"id":2139,"date":"2021-03-31T11:36:27","date_gmt":"2021-03-31T09:36:27","guid":{"rendered":"https:\/\/www.patriarcatovenezia.it\/pastorale-sposi-famiglia\/?p=2139"},"modified":"2021-03-31T11:36:27","modified_gmt":"2021-03-31T09:36:27","slug":"10-video-amoris-laetitia","status":"publish","type":"post","link":"https:\/\/oldpatriarcatovenezia.glauco.it\/pastorale-sposi-famiglia\/10-video-amoris-laetitia\/","title":{"rendered":"10 video Amoris Laetitia"},"content":{"rendered":"<p>Il Dicastero per i Laici, la Famiglia e la Vita, in collaborazione con il Dicastero per la Comunicazione, offre una risorsa pastorale per scandire il cammino nell\u2019Anno \u201cFamiglia Amoris Laetitia\u201d.<\/p>\n<p>Si tratta di un percorso composto da\u00a010 video, uno al mese, per raccontare la bellezza dell\u2019essere famiglia a partire dai capitoli dell\u2019Esortazione Apostolica\u00a0Amoris Laetitia. Protagonista Papa Francesco in dialogo con famiglie di diverse parti del mondo, che invita tutti a &#8220;prendersi cura con amore della vita delle famiglie, perch\u00e9 esse non sono un problema, sono sempre un dono e nel guardare avanti sono un\u2019opportunit\u00e0\u201d.<\/p>\n<p>Ogni video \u00e8 corredato da un sussidio, che si presta ad essere utilizzato in maniera flessibile sia dalle famiglie, sia dalle varie realt\u00e0 ecclesiali (diocesi, parrocchie, comunit\u00e0). Ogni sussidio poi \u00e8 suddiviso in 4 parti, ciascuna delle quali pu\u00f2 essere utilizzata per l\u2019approfondimento in famiglia o in comunit\u00e0, anche in momenti distinti.<\/p>\n<p>Tale strumento intende essere di aiuto alla pastorale familiare, con proposte e suggerimenti che possono essere adattati al contesto locale. Lo scopo \u00e8 di alimentare la riflessione, il dialogo e la prassi pastorale e, al tempo stesso, arrecare coraggio, stimolo e aiuto alle famiglie nella loro vita spirituale e concreta di tutti i giorni.<\/p>\n<p><strong>Guarda il video:\u00a0<a href=\"https:\/\/youtu.be\/uZdvCgeIVow\" data-rel=\"lightbox-video-0\">CAMMINARE INSIEME &#8211; VIDEO N. 1<\/a><\/strong><\/p>\n<p><strong>Scarica il sussidio:\u00a0<a href=\"http:\/\/www.laityfamilylife.va\/content\/dam\/laityfamilylife\/amoris-laetitia\/10videoamorislaetitia\/Sussidi\/AMORIS%20LAETITIA_01%20It%20Def.pdf\">CAMMINARE INSIEME &#8211; SUSSIDIO N.1<\/a><\/strong><\/p>\n<p><strong><a href=\"http:\/\/www.laityfamilylife.va\/content\/laityfamilylife\/it\/amoris-laetitia.html\">Scopri il SITO dedicato<\/a><\/strong><\/p>\n<p>&nbsp;<\/p>\n","protected":false},"excerpt":{"rendered":"<p>Il Dicastero per i Laici, la Famiglia e la Vita, in collaborazione con il Dicastero per la Comunicazione, offre una risorsa pastorale per scandire il cammino nell\u2019Anno \u201cFamiglia Amoris Laetitia\u201d. Si tratta di un percorso composto da\u00a010 video, uno al mese, per raccontare la bellezza dell\u2019essere famiglia a partire dai capitoli dell\u2019Esortazione Apostolica\u00a0Amoris Laetitia. Protagonista&#8230;  <a class=\"excerpt-read-more\" href=\"https:\/\/oldpatriarcatovenezia.glauco.it\/pastorale-sposi-famiglia\/10-video-amoris-laetitia\/\" title=\"Leggi 10 video Amoris Laetitia\">&raquo; continua<\/a><\/p>\n","protected":false},"author":10,"featured_media":2033,"comment_status":"closed","ping_status":"closed","sticky":false,"template":"","format":"standard","meta":{"ip_address":"","user_agent":"","level":"","revision":"","cookie_id":"","page_referer":"","html_form":""},"categories":[1,126,93,163,88],"tags":[227,286,117,228,306],"acf":[],"_links":{"self":[{"href":"https:\/\/oldpatriarcatovenezia.glauco.it\/pastorale-sposi-famiglia\/wp-json\/wp\/v2\/posts\/2139"}],"collection":[{"href":"https:\/\/oldpatriarcatovenezia.glauco.it\/pastorale-sposi-famiglia\/wp-json\/wp\/v2\/posts"}],"about":[{"href":"https:\/\/oldpatriarcatovenezia.glauco.it\/pastorale-sposi-famiglia\/wp-json\/wp\/v2\/types\/post"}],"author":[{"embeddable":true,"href":"https:\/\/oldpatriarcatovenezia.glauco.it\/pastorale-sposi-famiglia\/wp-json\/wp\/v2\/users\/10"}],"replies":[{"embeddable":true,"href":"https:\/\/oldpatriarcatovenezia.glauco.it\/pastorale-sposi-famiglia\/wp-json\/wp\/v2\/comments?post=2139"}],"version-history":[{"count":1,"href":"https:\/\/oldpatriarcatovenezia.glauco.it\/pastorale-sposi-famiglia\/wp-json\/wp\/v2\/posts\/2139\/revisions"}],"predecessor-version":[{"id":2140,"href":"https:\/\/oldpatriarcatovenezia.glauco.it\/pastorale-sposi-famiglia\/wp-json\/wp\/v2\/posts\/2139\/revisions\/2140"}],"wp:featuredmedia":[{"embeddable":true,"href":"https:\/\/oldpatriarcatovenezia.glauco.it\/pastorale-sposi-famiglia\/wp-json\/wp\/v2\/media\/2033"}],"wp:attachment":[{"href":"https:\/\/oldpatriarcatovenezia.glauco.it\/pastorale-sposi-famiglia\/wp-json\/wp\/v2\/media?parent=2139"}],"wp:term":[{"taxonomy":"category","embeddable":true,"href":"https:\/\/oldpatriarcatovenezia.glauco.it\/pastorale-sposi-famiglia\/wp-json\/wp\/v2\/categories?post=2139"},{"taxonomy":"post_tag","embeddable":true,"href":"https:\/\/oldpatriarcatovenezia.glauco.it\/pastorale-sposi-famiglia\/wp-json\/wp\/v2\/tags?post=2139"}],"curies":[{"name":"wp","href":"https:\/\/api.w.org\/{rel}","templated":true}]}}