{"id":1936,"date":"2020-03-04T15:09:54","date_gmt":"2020-03-04T14:09:54","guid":{"rendered":"https:\/\/www.patriarcatovenezia.it\/pastorale-sposi-famiglia\/?p=1936"},"modified":"2020-03-04T15:09:54","modified_gmt":"2020-03-04T14:09:54","slug":"festa-annullata","status":"publish","type":"post","link":"https:\/\/oldpatriarcatovenezia.glauco.it\/pastorale-sposi-famiglia\/festa-annullata\/","title":{"rendered":"Festa annullata&#8230;"},"content":{"rendered":"<p>La Festa diocesana dei ragazzi delle medie non si far\u00e0&#8230;sigh&#8230;<br \/>\nEcco il testo della lettera che \u00e8 stata inviata alle comunit\u00e0 parrocchiali.<\/p>\n<blockquote><p>Carissimi,<br \/>\na nome del Patriarca Francesco, vi raggiungo per comunicarvi ufficialmente che la Festa dei Ragazzi 2020 \u201cIN ONDA\u201d, in programma al PalaInvent di Jesolo il prossimo 22 marzo, \u00e8 stata annullata.<span class=\"text_exposed_show\"><br \/>\nPurtroppo, il clima di incertezza che regna in questo momento non ci permette di organizzare al meglio la Festa.<br \/>\nAnche se in fondo nutrivamo il desiderio di dare uno stimolo di rinascita attraverso la gioia dei nostri ragazzi, esigenze tecniche che dovevano essere gi\u00e0 risolte, unite alle restrizioni in vigore, non ci consentono di affrontare un evento con oltre 2000 persone.<br \/>\nIl Patriarca chiede di far s\u00ec che, attraverso il nostro entusiasmo, appena riprenderanno le normali attivit\u00e0 in parrocchia ci sia veramente una nuova ondata di voglia di vivere.<br \/>\nAugurandovi un buon servizio con i vostri\/nostri ragazzi e sperando di poter collaborare con tutti voi al pi\u00f9 presto, proseguiamo con fede il cammino quaresimale verso una \u201cfantastica\u201d Pasqua di Resurrezione.<\/span><\/p><\/blockquote>\n<div class=\"text_exposed_show\">\n<blockquote><p><em>don Fabio Mattiuzzi<\/em><\/p><\/blockquote>\n<\/div>\n","protected":false},"excerpt":{"rendered":"<p>La Festa diocesana dei ragazzi delle medie non si far\u00e0&#8230;sigh&#8230; Ecco il testo della lettera che \u00e8 stata inviata alle comunit\u00e0 parrocchiali. Carissimi, a nome del Patriarca Francesco, vi raggiungo per comunicarvi ufficialmente che la Festa dei Ragazzi 2020 \u201cIN ONDA\u201d, in programma al PalaInvent di Jesolo il prossimo 22 marzo, \u00e8 stata annullata. Purtroppo,&#8230;  <a class=\"excerpt-read-more\" href=\"https:\/\/oldpatriarcatovenezia.glauco.it\/pastorale-sposi-famiglia\/festa-annullata\/\" title=\"Leggi Festa annullata&#8230;\">&raquo; continua<\/a><\/p>\n","protected":false},"author":10,"featured_media":1937,"comment_status":"closed","ping_status":"closed","sticky":false,"template":"","format":"standard","meta":{"ip_address":"","user_agent":"","level":"","revision":"","cookie_id":"","page_referer":"","html_form":""},"categories":[1],"tags":[258,255,116,257,256],"acf":[],"_links":{"self":[{"href":"https:\/\/oldpatriarcatovenezia.glauco.it\/pastorale-sposi-famiglia\/wp-json\/wp\/v2\/posts\/1936"}],"collection":[{"href":"https:\/\/oldpatriarcatovenezia.glauco.it\/pastorale-sposi-famiglia\/wp-json\/wp\/v2\/posts"}],"about":[{"href":"https:\/\/oldpatriarcatovenezia.glauco.it\/pastorale-sposi-famiglia\/wp-json\/wp\/v2\/types\/post"}],"author":[{"embeddable":true,"href":"https:\/\/oldpatriarcatovenezia.glauco.it\/pastorale-sposi-famiglia\/wp-json\/wp\/v2\/users\/10"}],"replies":[{"embeddable":true,"href":"https:\/\/oldpatriarcatovenezia.glauco.it\/pastorale-sposi-famiglia\/wp-json\/wp\/v2\/comments?post=1936"}],"version-history":[{"count":1,"href":"https:\/\/oldpatriarcatovenezia.glauco.it\/pastorale-sposi-famiglia\/wp-json\/wp\/v2\/posts\/1936\/revisions"}],"predecessor-version":[{"id":1938,"href":"https:\/\/oldpatriarcatovenezia.glauco.it\/pastorale-sposi-famiglia\/wp-json\/wp\/v2\/posts\/1936\/revisions\/1938"}],"wp:featuredmedia":[{"embeddable":true,"href":"https:\/\/oldpatriarcatovenezia.glauco.it\/pastorale-sposi-famiglia\/wp-json\/wp\/v2\/media\/1937"}],"wp:attachment":[{"href":"https:\/\/oldpatriarcatovenezia.glauco.it\/pastorale-sposi-famiglia\/wp-json\/wp\/v2\/media?parent=1936"}],"wp:term":[{"taxonomy":"category","embeddable":true,"href":"https:\/\/oldpatriarcatovenezia.glauco.it\/pastorale-sposi-famiglia\/wp-json\/wp\/v2\/categories?post=1936"},{"taxonomy":"post_tag","embeddable":true,"href":"https:\/\/oldpatriarcatovenezia.glauco.it\/pastorale-sposi-famiglia\/wp-json\/wp\/v2\/tags?post=1936"}],"curies":[{"name":"wp","href":"https:\/\/api.w.org\/{rel}","templated":true}]}}