{"id":1891,"date":"2020-02-11T14:25:37","date_gmt":"2020-02-11T13:25:37","guid":{"rendered":"https:\/\/www.patriarcatovenezia.it\/pastorale-sposi-famiglia\/?p=1891"},"modified":"2020-02-11T14:25:52","modified_gmt":"2020-02-11T13:25:52","slug":"convegno-amore-e-giustizia-voglio-cantare","status":"publish","type":"post","link":"https:\/\/oldpatriarcatovenezia.glauco.it\/pastorale-sposi-famiglia\/convegno-amore-e-giustizia-voglio-cantare\/","title":{"rendered":"Convegno \u201cAmore e giustizia voglio cantare\u201d"},"content":{"rendered":"<h3 style=\"text-align: center\"><strong>CONVEGNO INTER-FACOLT\u00c0<\/strong><\/h3>\n<h3 style=\"text-align: center\"><strong>\u201cAmore e giustizia voglio cantare\u201d: la giustizia profezia della chiesa.<\/strong><br \/>\n<strong>Il nesso del rapporto tra teologia e diritto alla luce dei dibattiti suscitati da Amoris laetitia<\/strong><\/h3>\n<h3 style=\"text-align: center\"><strong>gioved\u00ec 12 marzo 2020 ore 9-17<\/strong><\/h3>\n<h3 style=\"text-align: center\"><strong>Padova &#8211; Facolt\u00e0 teologica del Triveneto<\/strong><\/h3>\n<p>&nbsp;<\/p>\n<a href=\"https:\/\/www.patriarcatovenezia.it\/pastorale-sposi-famiglia\/wp-content\/uploads\/sites\/7\/2020\/02\/FTTR_FDC.jpg\" data-rel=\"lightbox-image-0\" data-rl_title=\"\" data-rl_caption=\"\" title=\"\"><img loading=\"lazy\" class=\"size-medium wp-image-1897 aligncenter\" src=\"https:\/\/www.patriarcatovenezia.it\/pastorale-sposi-famiglia\/wp-content\/uploads\/sites\/7\/2020\/02\/FTTR_FDC-300x72.jpg\" alt=\"\" width=\"300\" height=\"72\" srcset=\"https:\/\/oldpatriarcatovenezia.glauco.it\/pastorale-sposi-famiglia\/wp-content\/uploads\/sites\/7\/2020\/02\/FTTR_FDC-300x72.jpg 300w, https:\/\/oldpatriarcatovenezia.glauco.it\/pastorale-sposi-famiglia\/wp-content\/uploads\/sites\/7\/2020\/02\/FTTR_FDC-360x87.jpg 360w, https:\/\/oldpatriarcatovenezia.glauco.it\/pastorale-sposi-famiglia\/wp-content\/uploads\/sites\/7\/2020\/02\/FTTR_FDC.jpg 606w\" sizes=\"(max-width: 300px) 100vw, 300px\" \/><\/a>\n<p>&nbsp;<\/p>\n<p style=\"text-align: center\"><strong>Iscrizioni obbligatorie entro il 5 marzo<\/strong><\/p>\n<p>&nbsp;<\/p>\n<p><strong>Gioved\u00ec 12 marzo<\/strong> a <strong>Padova<\/strong>, nella sede della Facolt\u00e0 teologica del Triveneto, si terr\u00e0 il convegno inter-facolt\u00e0 <strong><em>\u201cAmore e giustizia voglio cantare\u201d: la giustizia profezia della chiesa. Il caso del rapporto tra teologia e diritto alla luce dei dibattiti suscitati da <\/em>Amoris laetitia<\/strong>.<\/p>\n<p>L\u2019appuntamento accademico mette insieme <strong>Facolt\u00e0 teologica del Triveneto<\/strong> e <strong>Facolt\u00e0 di Diritto canonico San Pio X di Venezia<\/strong> per approfondire il rapporto tra teologia morale, ecclesiologia e diritto, in relazione soprattutto alle sfide della pastorale familiare emergenti dall\u2019esortazione apostolica di papa Francesco che ha fatto seguito ai due sinodi sulla famiglia (2014 e 2015).<\/p>\n<p>Il convegno \u00e8 anche l\u2019ideale prosecuzione del percorso <em>Il servizio della chiesa verso le \u201cfamiglie ferite\u201d<\/em>, proposto dalle stesse istituzioni accademiche per due anni consecutivi, con il coinvolgimento di 140 iscritti, singoli e famiglie, provenienti da tutto il Triveneto, per lo pi\u00f9 gi\u00e0 attivi in pastorale familiare nell\u2019accompagnare coppie cristiane segnate da un legame matrimoniale spezzato.<\/p>\n<p>Il programma della giornata si aprir\u00e0, alle ore 9.15, con i saluti istituzionali dei presidi delle due Facolt\u00e0, <strong>Roberto Tommasi<\/strong> (Facolt\u00e0 teologica del Triveneto) e <strong>Benedict Ejeh <\/strong>(Facolt\u00e0 di Diritto canonico San Pio X).<\/p>\n<p>I lavori della mattinata prevedono due sessioni: la prima, di carattere teologico, approfondir\u00e0 la <strong><em>dimensione morale<\/em><\/strong> e la <strong><em>prospettiva ecclesiologica<\/em><\/strong> con gli interventi, rispettivamente, di <strong>Giuseppe Mazzocato<\/strong> (Facolt\u00e0 teologica del Triveneto) su <em>Amore e giustizia: temporalit\u00e0 e dimensione morale dell&#8217;uomo. Considerazione sul rapporto fra morale e diritto<\/em>, e di <strong>Roberto Repole<\/strong> (Facolt\u00e0 teologica dell\u2019Italia Settentrionale \u2013 Sezione di Torino), su <em>Il nuovo ruolo assunto dalle chiese locali e dai loro vescovi. Tra possibilit\u00e0 che si aprono e problemi che emergono<\/em>.<\/p>\n<p>La seconda parte della mattinata sar\u00e0 dedicata alla <strong><em>sessione canonistica<\/em><\/strong>, con le relazioni di <strong>Miguel \u00c1ngel Ortiz<\/strong> (Pontificia Universit\u00e0 della Santa Croce) che metter\u00e0 a tema <em>Le riforme ecclesiali avviate da <\/em>Amoris laetitia<em>: prospettiva canonista<\/em>, e di <strong>Giuseppe Comotti<\/strong> (Universit\u00e0 di Verona) che tratter\u00e0 la questione <em>Matrimonio canonico ed esperienza giuridica contemporanea<\/em>.<\/p>\n<p>Nel pomeriggio, dalle ore 14.30 alle 17, saranno proposti <strong>cinque laboratori<\/strong>, in cui sar\u00e0 possibile l\u2019approfondimento e il confronto in gruppi di lavoro su alcune tematiche: 1. <em>Le situazioni familiari ferite nella sacra Scrittura<\/em> (laboratorio teologico-biblico) \u2013 modera Roberta Ronchiato (Facolt\u00e0 teologica del Triveneto). 2. <em>La preparazione al matrimonio come catecumenato <\/em>(laboratorio canonistico-pastorale) \u2013 moderano Benedict Ejeh (Facolt\u00e0 di Diritto canonico San Pio X) e Assunta Steccanella (Facolt\u00e0 teologica del Triveneto). 3. <em>L\u2019applicazione del motu proprio <\/em>Mitis iudex (laboratorio canonistico) \u2013 modera Juan Ignacio Arrieta (Pontificio Consiglio per i Testi legislativi). 4. <em>\u201cCaso per caso\u201d, la logica del discernere, l\u2019incontro uomo-donna <\/em>(laboratorio teologico-canonistico) \u2013 modera Giorgio Zannoni (Facolt\u00e0 di Diritto canonico San Pio X). 5. <em>La valutazione della situazione particolare <\/em>(laboratorio teologico-morale) \u2013 modera Giampaolo Dianin (Facolt\u00e0 teologica del Triveneto).<\/p>\n<p><strong>Progetto e coordinamento scientifico<\/strong> sono a cura di Giuliano Brugnotto, Giuseppe Comotti, Benedict Ejeh, Giuseppe Mazzocato, Roberto Tommasi.<\/p>\n<p>&nbsp;<\/p>\n<p><strong>SEDE DEL CONVEGNO<\/strong><\/p>\n<p>Facolt\u00e0 Teologica del Triveneto, via del Seminario 7 &#8211; Padova<\/p>\n<p>tel. 049-664116 &#8211; <a href=\"http:\/\/www.fttr.it\">www.fttr.it<\/a><\/p>\n<p>Segreteria: tel. 049-8787588 &#8211; <a href=\"mailto:convegno.facolta@fttr.it\">convegno.facolta@fttr.it<\/a><\/p>\n<p>Ufficio stampa: tel. 049-8787589 \u2013 <a href=\"mailto:ufficiostampa@fttr.it\">ufficiostampa@fttr.it<\/a><\/p>\n<p><strong>\u00a0<\/strong><\/p>\n<p><strong>ISCRIZIONI<\/strong><\/p>\n<p><strong>La partecipazione al convegno \u00e8 gratuita.<\/strong><\/p>\n<p>L\u2019<strong>iscrizione<\/strong> \u00e8 obbligatoria <strong>entro il 5 marzo 2020<\/strong> tramite il sito <a href=\"http:\/\/www.fttr.it\">www.fttr.it<\/a> (link diretto al modulo: <a href=\"https:\/\/forms.gle\/xwiHjrizEUVHGBGs7\">https:\/\/forms.gle\/xwiHjrizEUVHGBGs7<\/a>)<\/p>\n<p>&nbsp;<\/p>\n<p><strong><u>In allegato: depliant e locandina<\/u><\/strong><\/p>\n","protected":false},"excerpt":{"rendered":"<p>CONVEGNO INTER-FACOLT\u00c0 \u201cAmore e giustizia voglio cantare\u201d: la giustizia profezia della chiesa. Il nesso del rapporto tra teologia e diritto alla luce dei dibattiti suscitati da Amoris laetitia gioved\u00ec 12 marzo 2020 ore 9-17 Padova &#8211; Facolt\u00e0 teologica del Triveneto &nbsp; &nbsp; Iscrizioni obbligatorie entro il 5 marzo &nbsp; Gioved\u00ec 12 marzo a Padova, nella&#8230;  <a class=\"excerpt-read-more\" href=\"https:\/\/oldpatriarcatovenezia.glauco.it\/pastorale-sposi-famiglia\/convegno-amore-e-giustizia-voglio-cantare\/\" title=\"Leggi Convegno \u201cAmore e giustizia voglio cantare\u201d\">&raquo; continua<\/a><\/p>\n","protected":false},"author":10,"featured_media":1894,"comment_status":"closed","ping_status":"closed","sticky":false,"template":"","format":"standard","meta":{"ip_address":"","user_agent":"","level":"","revision":"","cookie_id":"","page_referer":"","html_form":""},"categories":[1],"tags":[209,227,225,226,228],"acf":[],"_links":{"self":[{"href":"https:\/\/oldpatriarcatovenezia.glauco.it\/pastorale-sposi-famiglia\/wp-json\/wp\/v2\/posts\/1891"}],"collection":[{"href":"https:\/\/oldpatriarcatovenezia.glauco.it\/pastorale-sposi-famiglia\/wp-json\/wp\/v2\/posts"}],"about":[{"href":"https:\/\/oldpatriarcatovenezia.glauco.it\/pastorale-sposi-famiglia\/wp-json\/wp\/v2\/types\/post"}],"author":[{"embeddable":true,"href":"https:\/\/oldpatriarcatovenezia.glauco.it\/pastorale-sposi-famiglia\/wp-json\/wp\/v2\/users\/10"}],"replies":[{"embeddable":true,"href":"https:\/\/oldpatriarcatovenezia.glauco.it\/pastorale-sposi-famiglia\/wp-json\/wp\/v2\/comments?post=1891"}],"version-history":[{"count":2,"href":"https:\/\/oldpatriarcatovenezia.glauco.it\/pastorale-sposi-famiglia\/wp-json\/wp\/v2\/posts\/1891\/revisions"}],"predecessor-version":[{"id":1898,"href":"https:\/\/oldpatriarcatovenezia.glauco.it\/pastorale-sposi-famiglia\/wp-json\/wp\/v2\/posts\/1891\/revisions\/1898"}],"wp:featuredmedia":[{"embeddable":true,"href":"https:\/\/oldpatriarcatovenezia.glauco.it\/pastorale-sposi-famiglia\/wp-json\/wp\/v2\/media\/1894"}],"wp:attachment":[{"href":"https:\/\/oldpatriarcatovenezia.glauco.it\/pastorale-sposi-famiglia\/wp-json\/wp\/v2\/media?parent=1891"}],"wp:term":[{"taxonomy":"category","embeddable":true,"href":"https:\/\/oldpatriarcatovenezia.glauco.it\/pastorale-sposi-famiglia\/wp-json\/wp\/v2\/categories?post=1891"},{"taxonomy":"post_tag","embeddable":true,"href":"https:\/\/oldpatriarcatovenezia.glauco.it\/pastorale-sposi-famiglia\/wp-json\/wp\/v2\/tags?post=1891"}],"curies":[{"name":"wp","href":"https:\/\/api.w.org\/{rel}","templated":true}]}}