{"id":1658,"date":"2019-09-10T15:32:54","date_gmt":"2019-09-10T13:32:54","guid":{"rendered":"https:\/\/www.patriarcatovenezia.it\/pastorale-sposi-famiglia\/?p=1658"},"modified":"2019-09-13T15:34:26","modified_gmt":"2019-09-13T13:34:26","slug":"assemblee-operatori-pastorale-familiare","status":"publish","type":"post","link":"https:\/\/oldpatriarcatovenezia.glauco.it\/pastorale-sposi-famiglia\/assemblee-operatori-pastorale-familiare\/","title":{"rendered":"Assemblee operatori pastorale familiare"},"content":{"rendered":"<p style=\"text-align: left\">Vi aspettiamo alle\u00a0tre serate in tre zone della diocesi\u00a0alle quali sono invitati\u00a0gli animatori e gli operatori di pastorale familiare\u00a0(chi si occupa di preparazione al matrimonio, ai battesimi, chi segue i gruppi sposi, la formazione delle giovani coppie, le famiglie ferite&#8230;) compresi naturalmente i sacerdoti, i diaconi e religiosi\/e. Ci sar\u00e0 un momento iniziale insieme agli educatori di pastorale giovanile e poi una parte pi\u00f9 specifica, distinti per i due ambiti. Verranno spiegate le linee diocesane, le attivit\u00e0 del prossimo anno e raccolte le vostre osservazioni e suggerimenti.<\/p>\n<h3 style=\"text-align: center\"><span style=\"color: #008000\"><strong>LITORALE<\/strong><\/span><br \/>\n<span style=\"color: #008000\"><strong>Luned\u00ec 23 settembre\u00a0ore 20.45<\/strong><\/span><br \/>\n<span style=\"color: #008000\"><strong>Patronato di Eraclea<\/strong><\/span><\/h3>\n<h3 style=\"text-align: center\"><span style=\"color: #3366ff\"><strong>MESTRE E TERRAFERMA<\/strong><\/span><br \/>\n<span style=\"color: #3366ff\"><strong>Marted\u00ec 24 settembre ore 20.45<\/strong><\/span><br \/>\n<span style=\"color: #3366ff\"><strong>Centro Urbani di Zelarino<\/strong><\/span><\/h3>\n<h3 style=\"text-align: center\"><span style=\"color: #993366\"><strong>VENEZIA<\/strong><\/span><br \/>\n<span style=\"color: #993366\"><strong>Mercoled\u00ec 25 settembre ore 20.30<\/strong><\/span><br \/>\n<span style=\"color: #993366\"><strong>Patronato dei Frari a Venezia<\/strong><\/span><\/h3>\n","protected":false},"excerpt":{"rendered":"<p>Vi aspettiamo alle\u00a0tre serate in tre zone della diocesi\u00a0alle quali sono invitati\u00a0gli animatori e gli operatori di pastorale familiare\u00a0(chi si occupa di preparazione al matrimonio, ai battesimi, chi segue i gruppi sposi, la formazione delle giovani coppie, le famiglie ferite&#8230;) compresi naturalmente i sacerdoti, i diaconi e religiosi\/e. Ci sar\u00e0 un momento iniziale insieme agli&#8230;  <a class=\"excerpt-read-more\" href=\"https:\/\/oldpatriarcatovenezia.glauco.it\/pastorale-sposi-famiglia\/assemblee-operatori-pastorale-familiare\/\" title=\"Leggi Assemblee operatori pastorale familiare\">&raquo; continua<\/a><\/p>\n","protected":false},"author":10,"featured_media":1521,"comment_status":"closed","ping_status":"closed","sticky":false,"template":"","format":"standard","meta":{"ip_address":"","user_agent":"","level":"","revision":"","cookie_id":"","page_referer":"","html_form":""},"categories":[91,1,89,93,90,88],"tags":[],"acf":[],"_links":{"self":[{"href":"https:\/\/oldpatriarcatovenezia.glauco.it\/pastorale-sposi-famiglia\/wp-json\/wp\/v2\/posts\/1658"}],"collection":[{"href":"https:\/\/oldpatriarcatovenezia.glauco.it\/pastorale-sposi-famiglia\/wp-json\/wp\/v2\/posts"}],"about":[{"href":"https:\/\/oldpatriarcatovenezia.glauco.it\/pastorale-sposi-famiglia\/wp-json\/wp\/v2\/types\/post"}],"author":[{"embeddable":true,"href":"https:\/\/oldpatriarcatovenezia.glauco.it\/pastorale-sposi-famiglia\/wp-json\/wp\/v2\/users\/10"}],"replies":[{"embeddable":true,"href":"https:\/\/oldpatriarcatovenezia.glauco.it\/pastorale-sposi-famiglia\/wp-json\/wp\/v2\/comments?post=1658"}],"version-history":[{"count":3,"href":"https:\/\/oldpatriarcatovenezia.glauco.it\/pastorale-sposi-famiglia\/wp-json\/wp\/v2\/posts\/1658\/revisions"}],"predecessor-version":[{"id":1672,"href":"https:\/\/oldpatriarcatovenezia.glauco.it\/pastorale-sposi-famiglia\/wp-json\/wp\/v2\/posts\/1658\/revisions\/1672"}],"wp:featuredmedia":[{"embeddable":true,"href":"https:\/\/oldpatriarcatovenezia.glauco.it\/pastorale-sposi-famiglia\/wp-json\/wp\/v2\/media\/1521"}],"wp:attachment":[{"href":"https:\/\/oldpatriarcatovenezia.glauco.it\/pastorale-sposi-famiglia\/wp-json\/wp\/v2\/media?parent=1658"}],"wp:term":[{"taxonomy":"category","embeddable":true,"href":"https:\/\/oldpatriarcatovenezia.glauco.it\/pastorale-sposi-famiglia\/wp-json\/wp\/v2\/categories?post=1658"},{"taxonomy":"post_tag","embeddable":true,"href":"https:\/\/oldpatriarcatovenezia.glauco.it\/pastorale-sposi-famiglia\/wp-json\/wp\/v2\/tags?post=1658"}],"curies":[{"name":"wp","href":"https:\/\/api.w.org\/{rel}","templated":true}]}}