{"id":1505,"date":"2019-07-22T11:41:43","date_gmt":"2019-07-22T09:41:43","guid":{"rendered":"https:\/\/www.patriarcatovenezia.it\/pastorale-sposi-famiglia\/?p=1505"},"modified":"2019-07-22T11:41:43","modified_gmt":"2019-07-22T09:41:43","slug":"festa-del-creato-2019","status":"publish","type":"post","link":"https:\/\/oldpatriarcatovenezia.glauco.it\/pastorale-sposi-famiglia\/festa-del-creato-2019\/","title":{"rendered":"Festa del Creato 2019"},"content":{"rendered":"<p>Anche quest\u2019anno, domenica 29 Settembre si terr\u00e0 la Festa del Creato, giunta alla sua XVI edizione. L\u2019abbiamo pensata come un momento bello di condivisione immersi nello scenario naturale dell\u2019isola di San Francesco del Deserto.<br \/>\nA ottobre 2019 si svolger\u00e0 il Sinodo sull\u2019Amazzonia, un evento che coinvolge la Chiesa tutta.<br \/>\nQuesto appuntamento ci riguarda perch\u00e9 come uomini e donne e come cristiani vogliamo ascoltare \u201cOggi il grido che l\u2019Amazzonia eleva al Creatore [\u2026]. \u00c8 un grido che invoca la presenza di Dio, specialmente quando i popoli amazzonici, per difendere le proprie terre, si scontrano con la criminalizzazione della loro protesta [\u2026] o quando sono testimoni della distruzione della foresta tropicale, che costituisce il loro habitat millenario; o quando le acque dei loro fiumi si riempiono di elementi che producono morte anzich\u00e9 vita\u201d (Documento preparatorio N. 8).<br \/>\nPerch\u00e9 niente di questo mondo ci \u00e8 indifferente e perch\u00e9 tutto nel mondo \u00e8 intimamente connesso (rif. Laudato si\u2019 N. 16), abbiamo pensato di dedicare la prossima Festa del Creato ad ascoltare il grido dell\u2019Amazzonia, paradigmatico del grido che viene da tutto il Creato ma anche del <em>magistero<\/em> esercitato dalle cose create (terra, laguna\u2026) e dagli indigeni amazzonici, sperimentando la realt\u00e0 unitaria del Regno.<\/p>\n<p>Di seguito il programma:<\/p>\n<p>11:00 ALTINO: Eucaristia con il monaco benedettino <strong>Marcelo Barros<\/strong>.<br \/>\n13:00 Partenza in barca da PORTEGRANDI per l\u2019isola di <strong>San Francesco del Deserto<\/strong>. Durante il tragitto <strong>pranzo al sacco <\/strong>scrutando e ascoltando la laguna.<br \/>\n14:00 Arrivo a SAN FRANCESCO DEL DESERTO. Riflessione sui temi del <strong>Sinodo sull\u2019Amazzonia <\/strong>e sui nostri consumi: interventi di <strong>Lucia Capuzzi<\/strong>, giornalista di <em>Avvenire <\/em>e di <strong>Marcelo Barros<\/strong>.<br \/>\nEsperienza di ascolto e di riflessione immersi nella natura dell\u2019isola.<br \/>\n16.30 <strong>Preghiera Ecumenica <\/strong>presieduta dal Patriarca <strong>Francesco Moraglia <\/strong>e con l\u2019intervento del pastore avventista <strong>Davide Mozzato<\/strong>.<br \/>\n17.30 Partenza per PORTEGRANDI. Momento di <strong>condivisione <\/strong>sull\u2019esperienza vissuta.<\/p>\n<p>Per partecipare \u00e8 necessario iscriversi compilando <a href=\"https:\/\/docs.google.com\/forms\/d\/e\/1FAIpQLSfAXaI6jaRCql16_voGfqyzgDOgR3nMCSMjodFCZaY3mW1d8A\/viewform?vc=0&amp;c=0&amp;w=1&amp;usp=mail_form_link\">questo modulo<\/a> e versando un contributo di \u20ac 10,00 alla parrocchia di Altino.<\/p>\n<p><strong>L\u2019evento si terr\u00e0 anche in caso di maltempo.<\/strong><\/p>\n<p><em>Per info:<\/em> 3280442380<\/p>\n<ul>\n<li class=\"wp-block-file\"><a href=\"http:\/\/www.veneziastilidivita.it\/wp-content\/uploads\/2019\/06\/flyer-FESTA-CREATO-2019_ok.pdf\">flyer Festa del Creato 2019<\/a><a class=\"wp-block-file__button\" href=\"http:\/\/www.veneziastilidivita.it\/wp-content\/uploads\/2019\/06\/flyer-FESTA-CREATO-2019_ok.pdf\">Scarica<\/a><\/li>\n<li class=\"wp-block-file\"><a href=\"http:\/\/www.veneziastilidivita.it\/wp-content\/uploads\/2019\/06\/manifesto_FESTA-CREATO_2019_ok.pdf\">locandina Festa del Creato 2019<\/a><a class=\"wp-block-file__button\" href=\"http:\/\/www.veneziastilidivita.it\/wp-content\/uploads\/2019\/06\/manifesto_FESTA-CREATO_2019_ok.pdf\">Scarica<\/a><\/li>\n<li><a href=\"https:\/\/press.vatican.va\/content\/salastampa\/it\/bollettino\/pubblico\/2018\/06\/08\/0422\/00914.html#ita\">Documento preparatorio sinodo sull\u2019Amazzonia <\/a><\/li>\n<li><a href=\"https:\/\/lavoro.chiesacattolica.it\/wp-content\/uploads\/sites\/27\/2019\/06\/07\/Messaggio-Giornata-del-creato-2019.pdf\">Messaggio Cei giornata del creato <\/a><\/li>\n<li><a href=\"http:\/\/www.sinodoamazonico.va\/content\/sinodoamazonico\/it\/documenti\/l-instrumentum-laboris-per-il-sinodo-sull-amazzonia1.html\">Instrumentum Laboris per il Sinodo<\/a><\/li>\n<\/ul>\n","protected":false},"excerpt":{"rendered":"<p>Anche quest\u2019anno, domenica 29 Settembre si terr\u00e0 la Festa del Creato, giunta alla sua XVI edizione. L\u2019abbiamo pensata come un momento bello di condivisione immersi nello scenario naturale dell\u2019isola di San Francesco del Deserto. A ottobre 2019 si svolger\u00e0 il Sinodo sull\u2019Amazzonia, un evento che coinvolge la Chiesa tutta. Questo appuntamento ci riguarda perch\u00e9 come&#8230;  <a class=\"excerpt-read-more\" href=\"https:\/\/oldpatriarcatovenezia.glauco.it\/pastorale-sposi-famiglia\/festa-del-creato-2019\/\" title=\"Leggi Festa del Creato 2019\">&raquo; continua<\/a><\/p>\n","protected":false},"author":10,"featured_media":1506,"comment_status":"closed","ping_status":"closed","sticky":false,"template":"","format":"standard","meta":{"ip_address":"","user_agent":"","level":"","revision":"","cookie_id":"","page_referer":"","html_form":""},"categories":[1],"tags":[],"acf":[],"_links":{"self":[{"href":"https:\/\/oldpatriarcatovenezia.glauco.it\/pastorale-sposi-famiglia\/wp-json\/wp\/v2\/posts\/1505"}],"collection":[{"href":"https:\/\/oldpatriarcatovenezia.glauco.it\/pastorale-sposi-famiglia\/wp-json\/wp\/v2\/posts"}],"about":[{"href":"https:\/\/oldpatriarcatovenezia.glauco.it\/pastorale-sposi-famiglia\/wp-json\/wp\/v2\/types\/post"}],"author":[{"embeddable":true,"href":"https:\/\/oldpatriarcatovenezia.glauco.it\/pastorale-sposi-famiglia\/wp-json\/wp\/v2\/users\/10"}],"replies":[{"embeddable":true,"href":"https:\/\/oldpatriarcatovenezia.glauco.it\/pastorale-sposi-famiglia\/wp-json\/wp\/v2\/comments?post=1505"}],"version-history":[{"count":1,"href":"https:\/\/oldpatriarcatovenezia.glauco.it\/pastorale-sposi-famiglia\/wp-json\/wp\/v2\/posts\/1505\/revisions"}],"predecessor-version":[{"id":1507,"href":"https:\/\/oldpatriarcatovenezia.glauco.it\/pastorale-sposi-famiglia\/wp-json\/wp\/v2\/posts\/1505\/revisions\/1507"}],"wp:featuredmedia":[{"embeddable":true,"href":"https:\/\/oldpatriarcatovenezia.glauco.it\/pastorale-sposi-famiglia\/wp-json\/wp\/v2\/media\/1506"}],"wp:attachment":[{"href":"https:\/\/oldpatriarcatovenezia.glauco.it\/pastorale-sposi-famiglia\/wp-json\/wp\/v2\/media?parent=1505"}],"wp:term":[{"taxonomy":"category","embeddable":true,"href":"https:\/\/oldpatriarcatovenezia.glauco.it\/pastorale-sposi-famiglia\/wp-json\/wp\/v2\/categories?post=1505"},{"taxonomy":"post_tag","embeddable":true,"href":"https:\/\/oldpatriarcatovenezia.glauco.it\/pastorale-sposi-famiglia\/wp-json\/wp\/v2\/tags?post=1505"}],"curies":[{"name":"wp","href":"https:\/\/api.w.org\/{rel}","templated":true}]}}