{"id":1435,"date":"2019-02-27T11:25:09","date_gmt":"2019-02-27T10:25:09","guid":{"rendered":"https:\/\/www.patriarcatovenezia.it\/pastorale-sposi-famiglia\/?p=1435"},"modified":"2019-02-27T11:25:22","modified_gmt":"2019-02-27T10:25:22","slug":"xxi-settimana-nazionale-di-studi","status":"publish","type":"post","link":"https:\/\/oldpatriarcatovenezia.glauco.it\/pastorale-sposi-famiglia\/xxi-settimana-nazionale-di-studi\/","title":{"rendered":"XXI Settimana Nazionale di studi"},"content":{"rendered":"<hr \/>\n<div id=\"pgc-w577e0ca66d7f6-1-1\" class=\"panel-grid-cell\">\n<div class=\"col-lg-9 cci-content-tbt-page-wrapper-content panel-cell-style panel-cell-style-for-w577e0ca66d7f6-1-1\">\n<div id=\"panel-w577e0ca66d7f6-1-1-0\" class=\"so-panel widget widget_text panel-first-child panel-last-child\">\n<div class=\"textwidget\">\n<p>Si svolger\u00e0 ad Assisi dal 25 al 28 aprile 2019 la XXI edizione della Settimana Nazionale di studi sulla spiritualit\u00e0 coniugale e familiare e avr\u00e0 per tema: Gaudete et exultate nell&#8217;Amoris laetitia: vie di santit\u00e0 coniugale e familiare. Relatori d\u2019eccellenza accompagneranno le giornate del convegno che sar\u00e0 anche l\u2019occasione per allenarsi su nuove frontiere della pastorale familiare, attraverso 12 workshop da vivere come una vera palestra per riportare ossigeno nelle proprie Chiese locali. L&#8217;evento sar\u00e0 trasmesso in diretta streaming su questo sito.<\/p>\n<\/div>\n<\/div>\n<\/div>\n<\/div>\n<div id=\"pgc-w577e0ca66d7f6-1-2\" class=\"panel-grid-cell\">\n<div class=\"col-lg-12 seed_content_tbt_single_attachments panel-cell-style panel-cell-style-for-w577e0ca66d7f6-1-2\">\n<div id=\"panel-w577e0ca66d7f6-1-2-0\" class=\"so-panel widget widget_text panel-first-child panel-last-child\">\n<div class=\"textwidget\">\n<h3 class=\"wpba_attachment_list_title\">ALLEGATI<\/h3>\n<div id=\"wpba_attachment_list\" class=\"wpba wpba-wrap\">\n<ul class=\"seed_content_tbt_single_attachments_list\">\n<li id=\"wpba_attachment_list_2311\" class=\"wpba-list-item\"><a class=\"wpba-link pull-left\" title=\"\" href=\"https:\/\/famiglia.chiesacattolica.it\/wp-content\/uploads\/sites\/23\/2019\/02\/01\/immagine-Giotto-web.jpg\" target=\"_blank\" rel=\"noopener\" data-rel=\"lightbox-image-0\" data-rl_title=\"\" data-rl_caption=\"\">IMMAGINE GIOTTO WEB<\/a><\/li>\n<li class=\"wpba-list-item\"><a class=\"wpba-link pull-left\" title=\"Note organizzative\" href=\"https:\/\/famiglia.chiesacattolica.it\/wp-content\/uploads\/sites\/23\/2019\/02\/01\/Note-organizzative.pdf\" target=\"_blank\" rel=\"noopener\">NOTE ORGANIZZATIVE<\/a><\/li>\n<li class=\"wpba-list-item\"><a class=\"wpba-link pull-left\" title=\"XXI settimana naz studi internet\" href=\"https:\/\/famiglia.chiesacattolica.it\/wp-content\/uploads\/sites\/23\/2019\/02\/01\/XXI-settimana-naz-studi-internet.pdf\" target=\"_blank\" rel=\"noopener\">XXI SETTIMANA NAZ STUDI INTERNET<\/a><\/li>\n<\/ul>\n<hr \/>\n<\/div>\n<\/div>\n<\/div>\n<\/div>\n<\/div>\n","protected":false},"excerpt":{"rendered":"<p>Si svolger\u00e0 ad Assisi dal 25 al 28 aprile 2019 la XXI edizione della Settimana Nazionale di studi sulla spiritualit\u00e0 coniugale e familiare e avr\u00e0 per tema: Gaudete et exultate nell&#8217;Amoris laetitia: vie di santit\u00e0 coniugale e familiare. Relatori d\u2019eccellenza accompagneranno le giornate del convegno che sar\u00e0 anche l\u2019occasione per allenarsi su nuove frontiere della&#8230;  <a class=\"excerpt-read-more\" href=\"https:\/\/oldpatriarcatovenezia.glauco.it\/pastorale-sposi-famiglia\/xxi-settimana-nazionale-di-studi\/\" title=\"Leggi XXI Settimana Nazionale di studi\">&raquo; continua<\/a><\/p>\n","protected":false},"author":10,"featured_media":1436,"comment_status":"closed","ping_status":"closed","sticky":false,"template":"","format":"standard","meta":{"ip_address":"","user_agent":"","level":"","revision":"","cookie_id":"","page_referer":"","html_form":""},"categories":[1,93,88],"tags":[],"acf":[],"_links":{"self":[{"href":"https:\/\/oldpatriarcatovenezia.glauco.it\/pastorale-sposi-famiglia\/wp-json\/wp\/v2\/posts\/1435"}],"collection":[{"href":"https:\/\/oldpatriarcatovenezia.glauco.it\/pastorale-sposi-famiglia\/wp-json\/wp\/v2\/posts"}],"about":[{"href":"https:\/\/oldpatriarcatovenezia.glauco.it\/pastorale-sposi-famiglia\/wp-json\/wp\/v2\/types\/post"}],"author":[{"embeddable":true,"href":"https:\/\/oldpatriarcatovenezia.glauco.it\/pastorale-sposi-famiglia\/wp-json\/wp\/v2\/users\/10"}],"replies":[{"embeddable":true,"href":"https:\/\/oldpatriarcatovenezia.glauco.it\/pastorale-sposi-famiglia\/wp-json\/wp\/v2\/comments?post=1435"}],"version-history":[{"count":1,"href":"https:\/\/oldpatriarcatovenezia.glauco.it\/pastorale-sposi-famiglia\/wp-json\/wp\/v2\/posts\/1435\/revisions"}],"predecessor-version":[{"id":1437,"href":"https:\/\/oldpatriarcatovenezia.glauco.it\/pastorale-sposi-famiglia\/wp-json\/wp\/v2\/posts\/1435\/revisions\/1437"}],"wp:featuredmedia":[{"embeddable":true,"href":"https:\/\/oldpatriarcatovenezia.glauco.it\/pastorale-sposi-famiglia\/wp-json\/wp\/v2\/media\/1436"}],"wp:attachment":[{"href":"https:\/\/oldpatriarcatovenezia.glauco.it\/pastorale-sposi-famiglia\/wp-json\/wp\/v2\/media?parent=1435"}],"wp:term":[{"taxonomy":"category","embeddable":true,"href":"https:\/\/oldpatriarcatovenezia.glauco.it\/pastorale-sposi-famiglia\/wp-json\/wp\/v2\/categories?post=1435"},{"taxonomy":"post_tag","embeddable":true,"href":"https:\/\/oldpatriarcatovenezia.glauco.it\/pastorale-sposi-famiglia\/wp-json\/wp\/v2\/tags?post=1435"}],"curies":[{"name":"wp","href":"https:\/\/api.w.org\/{rel}","templated":true}]}}