{"id":1092,"date":"2018-07-23T14:55:06","date_gmt":"2018-07-23T12:55:06","guid":{"rendered":"https:\/\/www.patriarcatovenezia.it\/pastorale-sposi-famiglia\/?p=1092"},"modified":"2019-09-05T09:00:43","modified_gmt":"2019-09-05T07:00:43","slug":"wmof-dublino-2018-il-programma","status":"publish","type":"post","link":"https:\/\/oldpatriarcatovenezia.glauco.it\/pastorale-sposi-famiglia\/wmof-dublino-2018-il-programma\/","title":{"rendered":"WMOF Dublino 2018: il programma"},"content":{"rendered":"<hr \/>\n<p>L\u2019Incontro Mondiale delle Famiglie 2018 sar\u00e0 un&#8217;occasione gioiosa e arricchente per adulti, giovani e bambini. Durante questi cinque giorni ci saranno momenti di incontro, tempo per condividere, pregare e riflettere, crescere nella fede e nell&#8217;amore, festeggiare, oltre a raccogliere le forze per continuare il cammino della vita.<\/p>\n<h4>Alla base di tutto, quattro momenti principali:<\/h4>\n<p><em>Clicca qui sotto per vedere i dettagli dei relatori, argomenti e attivit\u00e0 confermati per ogni giorno:<\/em><\/p>\n<div class=\"table-wrapper\">\n<table class=\"table table-striped\">\n<thead>\n<tr>\n<th scope=\"col\">\n<h3>EVENTI<\/h3>\n<\/th>\n<\/tr>\n<\/thead>\n<tbody>\n<tr>\n<td><strong>21 agosto 2018<\/strong>\u00a0&#8211;\u00a0<a href=\"https:\/\/www.worldmeeting2018.ie\/it-IT\/Programme\/Opening\">Apertura dell&#8217;Incontro Mondiale delle Famiglie 2018<\/a><\/p>\n<p>Apertura simultanea nazionale dell&#8217;Incontro Mondiale delle Famiglie 2018 in tutte le diocesi dell\u2019Irlanda<\/td>\n<\/tr>\n<tr>\n<td><strong>22-24 agosto 2018<\/strong>\u00a0&#8211;\u00a0<a href=\"https:\/\/www.worldmeeting2018.ie\/it-IT\/Programme\/Congress\">Congresso Mondiale delle Famiglie<\/a><\/p>\n<p>Relatori ospiti, workshop e dibattiti; mostre, attivit\u00e0 artistiche e culturali, celebrazione Eucaristica quotidiana, attivit\u00e0 liturgiche e preghiere. Ogni giorno si rifletter\u00e0 sul tema &#8220;Il Vangelo della Famiglia: Gioia per il Mondo&#8221; scelto dal Santo Padre. L&#8217;incontro\u00a0sar\u00e0 nell&#8217;\u00a0<strong>RDS, Royal Dublin Society, Ballsbridge, Dublin 4<\/strong><\/td>\n<\/tr>\n<tr>\n<td><strong>25 agosto (sera)\u00a0<\/strong>&#8211;\u00a0<a href=\"https:\/\/www.worldmeeting2018.ie\/it-IT\/Programme\/Festival-of-Families\">Festival delle Famiglie<\/a><\/p>\n<p>Un momento di festa dove ci si riunisce per celebrare il dono della famiglia dal punto di vista del tema specifico dell\u2019Incontro Mondiale. Sar\u00e0 una celebrazione culturale con musica, danza, canto, in un ambiente orante e gioioso, con l&#8217;ausilio di testimonianze di famiglie provenienti da diverse parti del mondo.<br \/>\nLuogo:\u00a0<strong>Croke Park Stadium.<\/strong><\/td>\n<\/tr>\n<tr>\n<td><strong>26 agosto 2018<\/strong>\u00a0&#8211;\u00a0<a href=\"https:\/\/www.worldmeeting2018.ie\/it-IT\/Programme\/Final-Mass\">Solenne Celebrazione Eucaristica<\/a><\/p>\n<p>L\u2019Incontro Mondiale delle Famiglie 2018 si concluder\u00e0 con una Messa solenne in ringraziamento a Dio e alla Santissima Trinit\u00e0 per il dono della famiglia e per la sua santificazione.<br \/>\nLuogo:\u00a0<strong>Phoenix Park<\/strong><\/td>\n<\/tr>\n<\/tbody>\n<\/table>\n<\/div>\n<p>Scopri di pi\u00f9 sul programma cliccando qui <a href=\"https:\/\/www.worldmeeting2018.ie\/it\/Programme\/At-a-Glance\">https:\/\/www.worldmeeting2018.ie\/it\/Programme\/At-a-Glance<\/a><\/p>\n<p>Altre informazioni nel sito ufficiale <a href=\"https:\/\/www.worldmeeting2018.ie\/it\">https:\/\/www.worldmeeting2018.ie\/it<\/a><\/p>\n<hr \/>\n<p>&nbsp;<\/p>\n","protected":false},"excerpt":{"rendered":"<p>L\u2019Incontro Mondiale delle Famiglie 2018 sar\u00e0 un&#8217;occasione gioiosa e arricchente per adulti, giovani e bambini. Durante questi cinque giorni ci saranno momenti di incontro, tempo per condividere, pregare e riflettere, crescere nella fede e nell&#8217;amore, festeggiare, oltre a raccogliere le forze per continuare il cammino della vita. Alla base di tutto, quattro momenti principali: Clicca&#8230;  <a class=\"excerpt-read-more\" href=\"https:\/\/oldpatriarcatovenezia.glauco.it\/pastorale-sposi-famiglia\/wmof-dublino-2018-il-programma\/\" title=\"Leggi WMOF Dublino 2018: il programma\">&raquo; continua<\/a><\/p>\n","protected":false},"author":10,"featured_media":1093,"comment_status":"closed","ping_status":"closed","sticky":false,"template":"","format":"standard","meta":{"ip_address":"","user_agent":"","level":"","revision":"","cookie_id":"","page_referer":"","html_form":""},"categories":[1,162,126,88],"tags":[],"acf":[],"_links":{"self":[{"href":"https:\/\/oldpatriarcatovenezia.glauco.it\/pastorale-sposi-famiglia\/wp-json\/wp\/v2\/posts\/1092"}],"collection":[{"href":"https:\/\/oldpatriarcatovenezia.glauco.it\/pastorale-sposi-famiglia\/wp-json\/wp\/v2\/posts"}],"about":[{"href":"https:\/\/oldpatriarcatovenezia.glauco.it\/pastorale-sposi-famiglia\/wp-json\/wp\/v2\/types\/post"}],"author":[{"embeddable":true,"href":"https:\/\/oldpatriarcatovenezia.glauco.it\/pastorale-sposi-famiglia\/wp-json\/wp\/v2\/users\/10"}],"replies":[{"embeddable":true,"href":"https:\/\/oldpatriarcatovenezia.glauco.it\/pastorale-sposi-famiglia\/wp-json\/wp\/v2\/comments?post=1092"}],"version-history":[{"count":1,"href":"https:\/\/oldpatriarcatovenezia.glauco.it\/pastorale-sposi-famiglia\/wp-json\/wp\/v2\/posts\/1092\/revisions"}],"predecessor-version":[{"id":1094,"href":"https:\/\/oldpatriarcatovenezia.glauco.it\/pastorale-sposi-famiglia\/wp-json\/wp\/v2\/posts\/1092\/revisions\/1094"}],"wp:featuredmedia":[{"embeddable":true,"href":"https:\/\/oldpatriarcatovenezia.glauco.it\/pastorale-sposi-famiglia\/wp-json\/wp\/v2\/media\/1093"}],"wp:attachment":[{"href":"https:\/\/oldpatriarcatovenezia.glauco.it\/pastorale-sposi-famiglia\/wp-json\/wp\/v2\/media?parent=1092"}],"wp:term":[{"taxonomy":"category","embeddable":true,"href":"https:\/\/oldpatriarcatovenezia.glauco.it\/pastorale-sposi-famiglia\/wp-json\/wp\/v2\/categories?post=1092"},{"taxonomy":"post_tag","embeddable":true,"href":"https:\/\/oldpatriarcatovenezia.glauco.it\/pastorale-sposi-famiglia\/wp-json\/wp\/v2\/tags?post=1092"}],"curies":[{"name":"wp","href":"https:\/\/api.w.org\/{rel}","templated":true}]}}