{"id":808,"date":"2016-09-02T08:48:11","date_gmt":"2016-09-02T06:48:11","guid":{"rendered":"https:\/\/www.patriarcatovenezia.it\/pastorale-giovanile\/?p=808"},"modified":"2016-09-02T16:18:50","modified_gmt":"2016-09-02T14:18:50","slug":"incontro-post-gmg","status":"publish","type":"post","link":"https:\/\/oldpatriarcatovenezia.glauco.it\/pastorale-giovanile\/2016\/09\/02\/incontro-post-gmg\/","title":{"rendered":"Incontro post GMG!"},"content":{"rendered":"<h4 style=\"text-align: justify\">\u00c8 passato poco pi\u00f9 di un mese dal nostro ritorno da <strong>Cracovia<\/strong>! Ringraziamo Dio per il dono di quest&#8217;esperienza che ci ha arricchito molto!<br \/>\nLa <strong>GMG<\/strong> \u00e8 anche un punto di ri-partenza&#8230;perch\u00e9 &#8220;<strong>ci\u00f2 che \u00e8 stato possa essere anche futuro<\/strong>&#8220;!<\/h4>\n<p style=\"text-align: justify\">Prima che inizino le varie attivit\u00e0 parrocchiali e che passi troppo tempo, vogliamo quindi incontrarci <strong>mercoled\u00ec 14 settembre <\/strong>alle<strong> ore 19.00<\/strong> al <strong>Centro Urbani a Zelarino<\/strong> per una serata insieme, che sia un momento di condivisione in fraternit\u00e0 di foto, video, esperienze ma anche occasione per scambiarci qualche idea per ripartire!<br \/>\nVi chiediamo, pertanto, di invitare tutti i partecipanti alla GMG dei vostri gruppi e non solo. La serata \u00e8 <strong>aperta <\/strong>anche a chi non \u00e8 venuto ma desidera unirsi a noi per conoscere quest&#8217;esperienza.<br \/>\nQuesto \u00e8 il programma di massima:<\/p>\n<ul style=\"text-align: justify\">\n<li>ore 19.00 accoglienza e buffet<\/li>\n<li>ore 20.00 presentazione foto, video e condivisione delle esperienze<\/li>\n<li>ore 21.00 ri-partenza: qualche indicazione insieme per il futuro<\/li>\n<li>ore 21.30 saluti<\/li>\n<\/ul>\n<p style=\"text-align: justify\">Dal punto di vista pratico chiediamo la collaborazione di tutti voi:<\/p>\n<ul style=\"text-align: justify\">\n<li><em><strong>buffet:<\/strong><\/em> ogni<strong> gruppo parrocchiale<\/strong> porta qualcosa da mangiare e bere (torte salate, dolci, panini, patatine, bibite) da condividere poi con gli altri;<\/li>\n<li><em><strong>presentazione:<\/strong><\/em> ogni <strong>bus<\/strong> \u00e8 chiamato a presentare al massimo 20 foto e una breve testimonianza-condivisione che risponda, se possibile, a queste domande:<\/li>\n<\/ul>\n<ol>\n<li>Perch\u00e8 sono venuto alla GMG<\/li>\n<li>che cosa mi sono portato a casa<\/li>\n<li>\u00e8 cambiato qualcosa nel mio rapporto con Dio, con me stesso, con la Chiesa?<\/li>\n<\/ol>\n<p style=\"text-align: justify\">Le <strong>foto<\/strong> dovranno essere inviate in anticipo, entro il giorno 11 settembre per posta con file zip oppure portate in chiavetta alla segreteria, in modo che possano essere sistemate con ordine.<br \/>\nVi ringraziamo fin d&#8217;ora per la collaborazione, pregandovi di <strong>comunicarci via mail la vostra partecipazione.<\/strong><br \/>\nRestiamo a disposizione per qualsiasi info e chiarimento.<\/p>\n<p style=\"text-align: justify\">\nUn caro saluto!<\/p>\n<p style=\"text-align: justify\">\n<em>don Pierpaolo e segreteria<\/em><\/p>\n","protected":false},"excerpt":{"rendered":"<p>\u00c8 passato poco pi\u00f9 di un mese dal nostro ritorno da Cracovia! Ringraziamo Dio per il dono di quest&#8217;esperienza che ci ha arricchito molto! La GMG \u00e8 anche un punto di ri-partenza&#8230;perch\u00e9 &#8220;ci\u00f2 che \u00e8 stato possa essere anche futuro&#8220;! Prima che inizino le varie attivit\u00e0 parrocchiali e che passi troppo tempo, vogliamo quindi incontrarci&#8230;  <a class=\"excerpt-read-more\" href=\"https:\/\/oldpatriarcatovenezia.glauco.it\/pastorale-giovanile\/2016\/09\/02\/incontro-post-gmg\/\" title=\"Leggi Incontro post GMG!\">&raquo; continua<\/a><\/p>\n","protected":false},"author":10,"featured_media":809,"comment_status":"closed","ping_status":"closed","sticky":false,"template":"","format":"standard","meta":{"ip_address":"","user_agent":"","level":"","revision":"","cookie_id":"","page_referer":"","html_form":""},"categories":[106,86],"tags":[],"acf":[],"_links":{"self":[{"href":"https:\/\/oldpatriarcatovenezia.glauco.it\/pastorale-giovanile\/wp-json\/wp\/v2\/posts\/808"}],"collection":[{"href":"https:\/\/oldpatriarcatovenezia.glauco.it\/pastorale-giovanile\/wp-json\/wp\/v2\/posts"}],"about":[{"href":"https:\/\/oldpatriarcatovenezia.glauco.it\/pastorale-giovanile\/wp-json\/wp\/v2\/types\/post"}],"author":[{"embeddable":true,"href":"https:\/\/oldpatriarcatovenezia.glauco.it\/pastorale-giovanile\/wp-json\/wp\/v2\/users\/10"}],"replies":[{"embeddable":true,"href":"https:\/\/oldpatriarcatovenezia.glauco.it\/pastorale-giovanile\/wp-json\/wp\/v2\/comments?post=808"}],"version-history":[{"count":2,"href":"https:\/\/oldpatriarcatovenezia.glauco.it\/pastorale-giovanile\/wp-json\/wp\/v2\/posts\/808\/revisions"}],"predecessor-version":[{"id":811,"href":"https:\/\/oldpatriarcatovenezia.glauco.it\/pastorale-giovanile\/wp-json\/wp\/v2\/posts\/808\/revisions\/811"}],"wp:featuredmedia":[{"embeddable":true,"href":"https:\/\/oldpatriarcatovenezia.glauco.it\/pastorale-giovanile\/wp-json\/wp\/v2\/media\/809"}],"wp:attachment":[{"href":"https:\/\/oldpatriarcatovenezia.glauco.it\/pastorale-giovanile\/wp-json\/wp\/v2\/media?parent=808"}],"wp:term":[{"taxonomy":"category","embeddable":true,"href":"https:\/\/oldpatriarcatovenezia.glauco.it\/pastorale-giovanile\/wp-json\/wp\/v2\/categories?post=808"},{"taxonomy":"post_tag","embeddable":true,"href":"https:\/\/oldpatriarcatovenezia.glauco.it\/pastorale-giovanile\/wp-json\/wp\/v2\/tags?post=808"}],"curies":[{"name":"wp","href":"https:\/\/api.w.org\/{rel}","templated":true}]}}