{"id":739,"date":"2016-06-01T14:33:56","date_gmt":"2016-06-01T12:33:56","guid":{"rendered":"https:\/\/www.patriarcatovenezia.it\/pastorale-giovanile\/?p=739"},"modified":"2016-07-26T09:39:29","modified_gmt":"2016-07-26T07:39:29","slug":"gmg-radio-diario","status":"publish","type":"post","link":"https:\/\/oldpatriarcatovenezia.glauco.it\/pastorale-giovanile\/2016\/06\/01\/gmg-radio-diario\/","title":{"rendered":"GMG radio &amp; diario"},"content":{"rendered":"<p class=\"entry-title color-blue\" style=\"text-align: justify\"><strong>La GMG \u00e8 social\u2026grazie a voi! <\/strong>Dal Servizio Nazionale per la\u00a0Pastorale Giovanile alcuni progetti social da proporre a tutti i giovani (<a href=\"http:\/\/www.gmg2016.it\/la-gmg-e-social-grazie-a-voi\/\">leggi tutto<\/a>)<\/p>\n<hr \/>\n<p style=\"text-align: justify\"><strong>Progetto radiofonico<\/strong><\/p>\n<p style=\"text-align: justify\">La radio \u00e8 un mezzo che, pi\u00f9 della televisione, arriva ovunque. L\u2019idea \u00e8 quella di portare, attraverso questo strumento magico, la Gmg fuori da Cracovia e, al contrario, i ragazzi che sono rimasti in Italia \u2013 cos\u00ec come i parenti e gli amici \u2013 dentro la citt\u00e0 polacca a respirare il clima di festa e di preghiera assieme ai loro coetanei. Come? In due modi.<\/p>\n<ul>\n<li style=\"text-align: justify\">Il primo, pi\u00f9 semplice ma molto divertente: rendiamo protagonisti della radio i giovani che saranno a Cracovia. <strong>Radio InBlu<\/strong> infatti allestir\u00e0 uno studio proprio a Casa Italia e dedicher\u00e0 moltissimi spazi alla Gmg, aprendo dei veri intermezzi in cui saranno i ragazzi stessi a raccontare le loro emozioni e le loro storie attraverso la loro musica e le tradizioni regionali. Questo esperimento coinvolger\u00e0 gi\u00e0 nelle prossime settimane i gruppi italiani che vorranno raccontare in diretta telefonica come si stanno preparando alla partenza.<\/li>\n<li style=\"text-align: justify\">Il secondo modo \u00e8 pi\u00f9 complesso: si vuole portare la Gmg all\u2019interno delle <strong>carceri<\/strong> coinvolgendo i giovani detenuti. Ci sar\u00e0 una prima fase di formazione. Poi si passer\u00e0 alla progettazione e infine alla comunicazione dei contenuti che verranno condivisi durante la settimana di Gmg.<\/li>\n<\/ul>\n<hr \/>\n<p style=\"text-align: justify\"><strong>#diariogmg<\/strong><\/p>\n<p style=\"text-align: justify\">Sui siti e sui canali \u2018social\u2019 della Pastorale Giovanile verr\u00e0 lanciato l\u2019hashtag #diariogmg. Sar\u00e0 l\u2019occasione per coinvolgere ancora una volta tutte i giovani presenti a Cracovia e condividere questa esperienza con chi \u00e8 rimasto a casa.<\/p>\n<p style=\"text-align: justify\">Chiunque vorr\u00e0 \u2013\u00a0 giovani, diocesi, media \u2013 potr\u00e0 pubblicare sui social un contenuto che descrive il momento pi\u00f9 particolare o che d\u00e0 l\u2019idea della giornata appena vissuta. I canali ufficiali della PG rilanceranno la foto, il pensiero, i video pubblicati. In questo modo, si comporr\u00e0 un vero e proprio <strong>diario virtuale<\/strong> dei giorni a Cracovia. L\u2019iniziativa si avvale anche della collaborazione di Tv2000 e Radio In Blu che, da parte loro, racconteranno attraverso il vissuto dei ragazzi il grande raduno mondiale.<\/p>\n","protected":false},"excerpt":{"rendered":"<p>La GMG \u00e8 social\u2026grazie a voi! Dal Servizio Nazionale per la\u00a0Pastorale Giovanile alcuni progetti social da proporre a tutti i giovani (leggi tutto) Progetto radiofonico La radio \u00e8 un mezzo che, pi\u00f9 della televisione, arriva ovunque. L\u2019idea \u00e8 quella di portare, attraverso questo strumento magico, la Gmg fuori da Cracovia e, al contrario, i ragazzi&#8230;  <a class=\"excerpt-read-more\" href=\"https:\/\/oldpatriarcatovenezia.glauco.it\/pastorale-giovanile\/2016\/06\/01\/gmg-radio-diario\/\" title=\"Leggi GMG radio &amp; diario\">&raquo; continua<\/a><\/p>\n","protected":false},"author":10,"featured_media":740,"comment_status":"closed","ping_status":"open","sticky":false,"template":"","format":"standard","meta":{"ip_address":"","user_agent":"","level":"","revision":"","cookie_id":"","page_referer":"","html_form":""},"categories":[106],"tags":[],"acf":[],"_links":{"self":[{"href":"https:\/\/oldpatriarcatovenezia.glauco.it\/pastorale-giovanile\/wp-json\/wp\/v2\/posts\/739"}],"collection":[{"href":"https:\/\/oldpatriarcatovenezia.glauco.it\/pastorale-giovanile\/wp-json\/wp\/v2\/posts"}],"about":[{"href":"https:\/\/oldpatriarcatovenezia.glauco.it\/pastorale-giovanile\/wp-json\/wp\/v2\/types\/post"}],"author":[{"embeddable":true,"href":"https:\/\/oldpatriarcatovenezia.glauco.it\/pastorale-giovanile\/wp-json\/wp\/v2\/users\/10"}],"replies":[{"embeddable":true,"href":"https:\/\/oldpatriarcatovenezia.glauco.it\/pastorale-giovanile\/wp-json\/wp\/v2\/comments?post=739"}],"version-history":[{"count":2,"href":"https:\/\/oldpatriarcatovenezia.glauco.it\/pastorale-giovanile\/wp-json\/wp\/v2\/posts\/739\/revisions"}],"predecessor-version":[{"id":742,"href":"https:\/\/oldpatriarcatovenezia.glauco.it\/pastorale-giovanile\/wp-json\/wp\/v2\/posts\/739\/revisions\/742"}],"wp:featuredmedia":[{"embeddable":true,"href":"https:\/\/oldpatriarcatovenezia.glauco.it\/pastorale-giovanile\/wp-json\/wp\/v2\/media\/740"}],"wp:attachment":[{"href":"https:\/\/oldpatriarcatovenezia.glauco.it\/pastorale-giovanile\/wp-json\/wp\/v2\/media?parent=739"}],"wp:term":[{"taxonomy":"category","embeddable":true,"href":"https:\/\/oldpatriarcatovenezia.glauco.it\/pastorale-giovanile\/wp-json\/wp\/v2\/categories?post=739"},{"taxonomy":"post_tag","embeddable":true,"href":"https:\/\/oldpatriarcatovenezia.glauco.it\/pastorale-giovanile\/wp-json\/wp\/v2\/tags?post=739"}],"curies":[{"name":"wp","href":"https:\/\/api.w.org\/{rel}","templated":true}]}}