{"id":4085,"date":"2024-01-31T12:27:56","date_gmt":"2024-01-31T11:27:56","guid":{"rendered":"https:\/\/www.patriarcatovenezia.it\/pastorale-giovanile\/?p=4085"},"modified":"2024-01-31T13:02:25","modified_gmt":"2024-01-31T12:02:25","slug":"corso-educatori-2024","status":"publish","type":"post","link":"https:\/\/oldpatriarcatovenezia.glauco.it\/pastorale-giovanile\/2024\/01\/31\/corso-educatori-2024\/","title":{"rendered":"CORSO EDUCATORI 2024"},"content":{"rendered":"<p>\u00c9 giunto il momento formativo gi\u00e0 preannunciato e tanto atteso&#8230;<br \/>\nUn percorso di <strong>quattro incontri dalle ore 20:45 alle ore 22:30,<\/strong><br \/>\nsu due zone della nostra Diocesi: il <strong>Centro Urbani a Zelarino<\/strong> e il <strong>patronato della parrocchia di Santo Stefano a Caorle.<\/strong><\/p>\n<p>In ambedue i luoghi, il medesimo percorso, affronta specifiche tematiche (vedi pi\u00f9 sotto la presentazione dettagliata), chiedendo la massima seriet\u00e0 e tenendo conto che i posti sono limitati, poich\u00e9 diamo particolare attenzione alle interazioni e alle relazioni con i partecipanti.<\/p>\n<p>Primo Ciclo a<strong> Zelarino<\/strong> nei giorni di<strong> venerd\u00ec 23 febbraio 2024 e 01, 08 e 15 marzo 2024<\/strong><br \/>\nSecondo Ciclo a <strong>Caorle<\/strong> nei giorni di <strong>venerd\u00ec 12 e 19 aprile 2024; 03 e 10 maggio 2024<\/strong><\/p>\n<p style=\"text-align: left\"><span style=\"color: #ff6600\"><strong>\u00a0 <span style=\"color: #ff0000\">\u00a0ISCRIZIONI APERTE dal 1 FEBBRAIO 2024<\/span><\/strong><\/span>\u00a0 compilando il <span style=\"color: #ff0000\"><strong><a style=\"color: #ff0000\" href=\"https:\/\/forms.gle\/RmYqNmGGYmUiTd8w7\" target=\"_blank\" rel=\"noopener\">MODULO online<\/a><\/strong><\/span><\/p>\n<hr \/>\n<p style=\"text-align: left\">&gt;&gt;&gt; <a href=\"https:\/\/www.patriarcatovenezia.it\/pastorale-giovanile\/corso-educatori-2024\/\" target=\"_blank\" rel=\"noopener\"><strong>VAI ALLA PAGINA CON TUTTE LE INFORMAZIONI UTILI<\/strong><\/a><\/p>\n<p>&gt;&gt;&gt; <a href=\"https:\/\/www.patriarcatovenezia.it\/pastorale-giovanile\/wp-content\/uploads\/sites\/6\/2024\/01\/Corso_educatori_2024.pdf\" target=\"_blank\" rel=\"noopener\"><strong>SCARICA il FOGLIO INFORMATIVO<\/strong><\/a><\/p>\n","protected":false},"excerpt":{"rendered":"<p>\u00c9 giunto il momento formativo gi\u00e0 preannunciato e tanto atteso&#8230; Un percorso di quattro incontri dalle ore 20:45 alle ore 22:30, su due zone della nostra Diocesi: il Centro Urbani a Zelarino e il patronato della parrocchia di Santo Stefano a Caorle. In ambedue i luoghi, il medesimo percorso, affronta specifiche tematiche (vedi pi\u00f9 sotto&#8230;  <a class=\"excerpt-read-more\" href=\"https:\/\/oldpatriarcatovenezia.glauco.it\/pastorale-giovanile\/2024\/01\/31\/corso-educatori-2024\/\" title=\"Leggi CORSO EDUCATORI 2024\">&raquo; continua<\/a><\/p>\n","protected":false},"author":9,"featured_media":4088,"comment_status":"closed","ping_status":"closed","sticky":false,"template":"","format":"standard","meta":{"ip_address":"","user_agent":"","level":"","revision":"","cookie_id":"","page_referer":"","html_form":""},"categories":[306,88,307,1,334],"tags":[],"acf":[],"_links":{"self":[{"href":"https:\/\/oldpatriarcatovenezia.glauco.it\/pastorale-giovanile\/wp-json\/wp\/v2\/posts\/4085"}],"collection":[{"href":"https:\/\/oldpatriarcatovenezia.glauco.it\/pastorale-giovanile\/wp-json\/wp\/v2\/posts"}],"about":[{"href":"https:\/\/oldpatriarcatovenezia.glauco.it\/pastorale-giovanile\/wp-json\/wp\/v2\/types\/post"}],"author":[{"embeddable":true,"href":"https:\/\/oldpatriarcatovenezia.glauco.it\/pastorale-giovanile\/wp-json\/wp\/v2\/users\/9"}],"replies":[{"embeddable":true,"href":"https:\/\/oldpatriarcatovenezia.glauco.it\/pastorale-giovanile\/wp-json\/wp\/v2\/comments?post=4085"}],"version-history":[{"count":5,"href":"https:\/\/oldpatriarcatovenezia.glauco.it\/pastorale-giovanile\/wp-json\/wp\/v2\/posts\/4085\/revisions"}],"predecessor-version":[{"id":4104,"href":"https:\/\/oldpatriarcatovenezia.glauco.it\/pastorale-giovanile\/wp-json\/wp\/v2\/posts\/4085\/revisions\/4104"}],"wp:featuredmedia":[{"embeddable":true,"href":"https:\/\/oldpatriarcatovenezia.glauco.it\/pastorale-giovanile\/wp-json\/wp\/v2\/media\/4088"}],"wp:attachment":[{"href":"https:\/\/oldpatriarcatovenezia.glauco.it\/pastorale-giovanile\/wp-json\/wp\/v2\/media?parent=4085"}],"wp:term":[{"taxonomy":"category","embeddable":true,"href":"https:\/\/oldpatriarcatovenezia.glauco.it\/pastorale-giovanile\/wp-json\/wp\/v2\/categories?post=4085"},{"taxonomy":"post_tag","embeddable":true,"href":"https:\/\/oldpatriarcatovenezia.glauco.it\/pastorale-giovanile\/wp-json\/wp\/v2\/tags?post=4085"}],"curies":[{"name":"wp","href":"https:\/\/api.w.org\/{rel}","templated":true}]}}