{"id":3705,"date":"2022-11-08T13:56:27","date_gmt":"2022-11-08T12:56:27","guid":{"rendered":"https:\/\/www.patriarcatovenezia.it\/pastorale-giovanile\/?p=3705"},"modified":"2022-11-11T14:24:15","modified_gmt":"2022-11-11T13:24:15","slug":"gmg-proposta-iscrizioni-e-serata-lancio","status":"publish","type":"post","link":"https:\/\/oldpatriarcatovenezia.glauco.it\/pastorale-giovanile\/2022\/11\/08\/gmg-proposta-iscrizioni-e-serata-lancio\/","title":{"rendered":"GMG: proposta, iscrizioni e serata lancio"},"content":{"rendered":"<hr \/>\n<h3><strong><span style=\"color: #ff0000\">Lisbona 2023<\/span><span style=\"color: #00ccff\"><span style=\"color: #ff0000\">,<\/span> <span style=\"color: #339966\">siete pronti?<\/span><\/span><\/strong><\/h3>\n<h3><strong>Marted\u00ec 15 novembre<\/strong> apertura iscrizioni GMG tramite\u00a0<strong><a href=\"https:\/\/www.patriarcatovenezia.it\/pastorale-giovanile?mailpoet_router&amp;endpoint=track&amp;action=click&amp;data=WyI0NDIiLCI1ODYyY2QiLCIxNyIsIjk3ZWQwMGRjNWZiMyIsZmFsc2Vd\" title=\"\">MODULO ONLINE<\/a>\u00a0<\/strong>per prenotare i posti!<\/h3>\n<p><strong>Il modulo sar\u00e0 attivo a partire dalle ore 12:00<\/strong> e in esso troverete le informazioni anche per versamento caparra, scadenze, ecc.<\/p>\n<p>ATTENZIONE: la compilazione del modulo dovr\u00e0 effettuata dal responsabile del gruppo (o dal singolo se parteciper\u00e0 da solo) e sar\u00e0 verificata dalla Segreteria, che vi invier\u00e0 poi tutti i dati per completare l&#8217;iscrizione; entro 5 giorni dalla ricezione della mail della Segreteria dovrete effettuare il bonifico di \u20ac 100,00 a persona (non rimborsabili) inviando la ricevuta dell&#8217;avvenuto bonifico, pena l&#8217;annullamento della prenotazione.<\/p>\n<p>Ecco la <strong>PROPOSTA DIOCESANA<\/strong>:<\/p>\n<ul>\n<li>Il costo complessivo a persona \u00e8 di \u20ac 650,00<\/li>\n<li>La quota comprende: viaggio, assicurazione, alloggio e vitto tranne il pasto del primo e dell&#8217;ultimo giorno (vedi pacchetto informativo del Servizio nazionale per la pastorale giovanile)<br \/>\nSi possono iscrivere i giovani fino all&#8217;anno 2006 (quindi dai 17 anni compiuti o meno alla data della GMG)<\/li>\n<li>Viaggio in aereo A\/R diretto a Lisbona con 165 posti disponibili, cos\u00ec suddivisi:\n<ul>\n<li><strong>85 POSTI<\/strong>\n<ul>\n<li>\u00a0Partenza da Milano Malpensa il giorno 1 agosto e ritorno il giorno 8 agosto\u00a0(servizio pullman da e per Venezia incluso)<\/li>\n<li>Compagnia aerea TAP Air Portugal<\/li>\n<li>2 contingenti partenza\/ritorno: tarda mattinata e tardo pomeriggio<\/li>\n<\/ul>\n<\/li>\n<li><strong>\u00a080 POSTI<\/strong>\n<ul>\n<li>\u00a0Partenza da Venezia Marco Polo il giorno 2 agosto e ritorno il giorno 9 agosto\u00a0(ci si trova direttamente in aeroporto)<\/li>\n<li>Compagnia aerea TAP Air Portugal<\/li>\n<li>2 contingenti partenza\/ritorno: tarda mattinata e tardo pomeriggio<\/li>\n<\/ul>\n<\/li>\n<\/ul>\n<\/li>\n<li>Mercoled\u00ec 2 agosto ipotesi incontro di tutti i giovani italiani a Fatima<\/li>\n<li>Tra gioved\u00ec 3 e venerd\u00ec 4 agosto vivremo il momento diocesano col Patriarca Francesco<\/li>\n<li>Luned\u00ec 7 agosto&#8230;work in progress!!!<\/li>\n<\/ul>\n<p><em><strong>Qualora si esaurissero in fretta i posti e ci fossero ulteriori richieste valuteremo l&#8217;organizzazione di un&#8217;altra soluzione di viaggio.<\/strong><\/em><\/p>\n<hr \/>\n<p><a href=\"https:\/\/www.patriarcatovenezia.it\/pastorale-giovanile\/wp-content\/uploads\/sites\/6\/2022\/11\/WEB3-CARLO-ACUTIS.jpg\" data-rel=\"lightbox-image-0\" data-rl_title=\"\" data-rl_caption=\"\" title=\"\"><img loading=\"lazy\" class=\"size-medium wp-image-3678 alignleft\" src=\"https:\/\/www.patriarcatovenezia.it\/pastorale-giovanile\/wp-content\/uploads\/sites\/6\/2022\/11\/WEB3-CARLO-ACUTIS-300x150.jpg\" alt=\"\" width=\"300\" height=\"150\" srcset=\"https:\/\/oldpatriarcatovenezia.glauco.it\/pastorale-giovanile\/wp-content\/uploads\/sites\/6\/2022\/11\/WEB3-CARLO-ACUTIS-300x150.jpg 300w, https:\/\/oldpatriarcatovenezia.glauco.it\/pastorale-giovanile\/wp-content\/uploads\/sites\/6\/2022\/11\/WEB3-CARLO-ACUTIS-768x384.jpg 768w, https:\/\/oldpatriarcatovenezia.glauco.it\/pastorale-giovanile\/wp-content\/uploads\/sites\/6\/2022\/11\/WEB3-CARLO-ACUTIS-1024x512.jpg 1024w, https:\/\/oldpatriarcatovenezia.glauco.it\/pastorale-giovanile\/wp-content\/uploads\/sites\/6\/2022\/11\/WEB3-CARLO-ACUTIS-360x180.jpg 360w, https:\/\/oldpatriarcatovenezia.glauco.it\/pastorale-giovanile\/wp-content\/uploads\/sites\/6\/2022\/11\/WEB3-CARLO-ACUTIS.jpg 1200w\" sizes=\"(max-width: 300px) 100vw, 300px\" \/><\/a><br \/>\n<strong>Per lanciare la GMG e preparare i cuori al cammino verso Lisbona<\/strong> vi invitiamo tutti (sia educatori che giovani) <strong>marted\u00ec 15 novembre alle ore 20:45 nella parrocchia di S. Maria Goretti<\/strong>.<\/p>\n<p>Sar\u00e0 una serata spiritualmente intensa in un contesto di preghiera, adorazione e giovani testimonianze, con le reliquie del beato Carlo Acutis! Vi aspettiamo!!!<\/p>\n<p>&nbsp;<\/p>\n<hr \/>\n<p>&nbsp;<\/p>\n","protected":false},"excerpt":{"rendered":"<p>Lisbona 2023, siete pronti? Marted\u00ec 15 novembre apertura iscrizioni GMG tramite\u00a0MODULO ONLINE\u00a0per prenotare i posti! Il modulo sar\u00e0 attivo a partire dalle ore 12:00 e in esso troverete le informazioni anche per versamento caparra, scadenze, ecc. ATTENZIONE: la compilazione del modulo dovr\u00e0 effettuata dal responsabile del gruppo (o dal singolo se parteciper\u00e0 da solo) e&#8230;  <a class=\"excerpt-read-more\" href=\"https:\/\/oldpatriarcatovenezia.glauco.it\/pastorale-giovanile\/2022\/11\/08\/gmg-proposta-iscrizioni-e-serata-lancio\/\" title=\"Leggi GMG: proposta, iscrizioni e serata lancio\">&raquo; continua<\/a><\/p>\n","protected":false},"author":10,"featured_media":3677,"comment_status":"closed","ping_status":"closed","sticky":false,"template":"","format":"standard","meta":{"ip_address":"","user_agent":"","level":"","revision":"","cookie_id":"","page_referer":"","html_form":""},"categories":[306,307,106,1,311],"tags":[527,623,448,475,368,526,449],"acf":[],"_links":{"self":[{"href":"https:\/\/oldpatriarcatovenezia.glauco.it\/pastorale-giovanile\/wp-json\/wp\/v2\/posts\/3705"}],"collection":[{"href":"https:\/\/oldpatriarcatovenezia.glauco.it\/pastorale-giovanile\/wp-json\/wp\/v2\/posts"}],"about":[{"href":"https:\/\/oldpatriarcatovenezia.glauco.it\/pastorale-giovanile\/wp-json\/wp\/v2\/types\/post"}],"author":[{"embeddable":true,"href":"https:\/\/oldpatriarcatovenezia.glauco.it\/pastorale-giovanile\/wp-json\/wp\/v2\/users\/10"}],"replies":[{"embeddable":true,"href":"https:\/\/oldpatriarcatovenezia.glauco.it\/pastorale-giovanile\/wp-json\/wp\/v2\/comments?post=3705"}],"version-history":[{"count":3,"href":"https:\/\/oldpatriarcatovenezia.glauco.it\/pastorale-giovanile\/wp-json\/wp\/v2\/posts\/3705\/revisions"}],"predecessor-version":[{"id":3708,"href":"https:\/\/oldpatriarcatovenezia.glauco.it\/pastorale-giovanile\/wp-json\/wp\/v2\/posts\/3705\/revisions\/3708"}],"wp:featuredmedia":[{"embeddable":true,"href":"https:\/\/oldpatriarcatovenezia.glauco.it\/pastorale-giovanile\/wp-json\/wp\/v2\/media\/3677"}],"wp:attachment":[{"href":"https:\/\/oldpatriarcatovenezia.glauco.it\/pastorale-giovanile\/wp-json\/wp\/v2\/media?parent=3705"}],"wp:term":[{"taxonomy":"category","embeddable":true,"href":"https:\/\/oldpatriarcatovenezia.glauco.it\/pastorale-giovanile\/wp-json\/wp\/v2\/categories?post=3705"},{"taxonomy":"post_tag","embeddable":true,"href":"https:\/\/oldpatriarcatovenezia.glauco.it\/pastorale-giovanile\/wp-json\/wp\/v2\/tags?post=3705"}],"curies":[{"name":"wp","href":"https:\/\/api.w.org\/{rel}","templated":true}]}}