{"id":3669,"date":"2022-10-24T10:30:37","date_gmt":"2022-10-24T08:30:37","guid":{"rendered":"https:\/\/www.patriarcatovenezia.it\/pastorale-giovanile\/?p=3669"},"modified":"2022-10-24T10:35:20","modified_gmt":"2022-10-24T08:35:20","slug":"un-anno-insieme-proposte-ap-2022-2023","status":"publish","type":"post","link":"https:\/\/oldpatriarcatovenezia.glauco.it\/pastorale-giovanile\/2022\/10\/24\/un-anno-insieme-proposte-ap-2022-2023\/","title":{"rendered":"Un anno insieme! Proposte ap 2022-2023"},"content":{"rendered":"<p style=\"text-align: right\">Zelarino, 13 ottobre 2022<\/p>\n<p style=\"text-align: center\"><strong>A chi desidera\u2026<\/strong><\/p>\n<p>Il 25 giugno 1852 nasceva a Reus, vicino a Tarragona (Catalogna) Antoni Placid et Guillem Gaud\u00ed Cornet, conosciuto ai pi\u00f9 come Antoni Gaud\u00ed, considerato oggi uno degli architetti pi\u00f9 originali ed innovatori del Novecento. Gaud\u00ed \u00e8 stato per tutta la sua vita un uomo profondamente religioso e devoto, tanto da essere soprannominato \u201cl\u2019architetto di Dio\u201d.<\/p>\n<p>La sua costruzione che maggiormente affascina e caratterizza la citt\u00e0 di Barcellona \u00e8 la chiesa della Sagrada Familia iniziata nel 1892 e tuttora in fase di completamento. Gaud\u00ed, animato da una forte fede, era convinto di realizzare un preciso compito assegnatogli dal cielo: \u201cNella Sagrada Familia tutto \u00e8 frutto della Provvidenza, inclusa la mia partecipazione come architetto\u201d. Sapeva di non poter completare l\u2019opera nell\u2019arco della sua vita per questo ripeteva sempre che \u201c\u00c8 la Provvidenza che, secondo i suoi disegni, porta a termine i lavori\u201d.<\/p>\n<p>Condividendo queste parole dell\u2019architetto Antoni Gaud\u00ed, penso alla bellezza della Chiesa: alle molteplici e diverse vocazioni che ci permettono di fare esperienza di questa appartenenza in Cristo e, quindi, essere chiamati a testimoniarlo con ci\u00f2 che siamo. Le sfide per\u00f2 non sono poche, le fatiche, la sensazione di non vedere alcun buon risultato, spesso ci rallentano o bloccano.<\/p>\n<p>Ad alta voce e con forza allora ti chiedo: <strong>\u201cPerch\u00e9 non riponiamo il nostro obiettivo nel desiderare il bene per l\u2019altro? Come esprimi nella tua vita personale il desiderare il bene dell\u2019altro?<\/strong> Non dimentichiamo che lo Spirito lavora\u2026 sempre\u2026 dove, come e quando\u2026 ma vivendo giorno per giorno la bellezza che Tu sei, rimane testimonianza credibile di te, che non sar\u00e0 dimenticata!<\/p>\n<blockquote><p>Desiderare il bene dell\u2019altro pu\u00f2 richiedere di modificare scelte pastorali e missionarie acquisite o di assumere decisioni non facili a proposito delle \u201cstrutture\u201d ecclesiali e della loro modalit\u00e0 d\u2019esercizio ed anche un\u2019equiparazione delle risorse spirituali e materiali.<\/p>\n<p>I giovani &#8211; come loro stessi hanno fatto notare &#8211; non possono e non vogliono essere considerati \u201creclute\u201d per una pastorale \u201ctappabuchi\u201d e dobbiamo offrire loro un cammino di fede appropriato, attento alle loro aspettative, incentrato su Ges\u00f9 Cristo, consono ai loro linguaggi cos\u00ec nuovi e, allo stesso tempo, diffusi.<\/p>\n<p>Certo, dobbiamo chiedere a loro di mettersi in gioco personalmente, senza sottacere o \u201caddomesticare\u201d le pagine difficili del Vangelo, ossia quelle pagine che oggi non sono in linea con le tendenze culturali o &#8211; come si dice &#8211; risultano politicamente scorrette.<\/p>\n<p>(dal paragrafo n. 7 della lettera pastorale \u201cDesiderare il bene\u201d)<\/p><\/blockquote>\n<p>Desiderare il bene, pu\u00f2 voler dire, riscoprire la dimensione diocesana come necessit\u00e0 e opportunit\u00e0, non come un ulteriore impegno, ritrovando la centralit\u00e0 degli appuntamenti che tradizionalmente caratterizzano la vita della Chiesa veneziana.<\/p>\n<p>Affidando in allegato alla presente lettera, un chiaro \u201celenco della spesa\u201d di proposte ed aiuti specifici per le diverse et\u00e0 e i contesti pastorali, l\u2019equipe di Pastorale Giovanile non vuole riversare su chi opera in parrocchia un semplice \u201cdover fare\u201d, bens\u00ec desiderare ci\u00f2 che di bene pu\u00f2 esserci per Te, che ti manca, e quindi ricercarlo attraverso Te in qualcun altro.<\/p>\n<p>Papa Francesco, proprio ieri, ci ricordava che \u00abla parola italiana \u201cdesiderio\u201d, viene da un termine latino molto bello e curioso: de-sidus, letteralmente \u201cla mancanza della stella\u201d. Desiderio \u00e8 una mancanza della stella, mancanza del punto di riferimento che orienta il cammino della vita; essa evoca una sofferenza, una carenza, e nello stesso tempo una tensione per raggiungere il bene che ci manca. Il desiderio allora \u00e8 la bussola per capire dove mi trovo e dove sto andando, anzi \u00e8 la bussola per capire se sto fermo o sto andando, una persona che mai desidera \u00e8 una persona ferma, forse ammalata, quasi morta\u00bb. (Francesco, Udienza generale, mercoled\u00ec 12 ottobre 2022)<\/p>\n<p>Desidera il Bene!<\/p>\n<p><strong><em>Don Riccardo<\/em><\/strong><\/p>\n<hr \/>\n<p><em>Per tutti i dettagli e gli aggiornamenti ti invito a tenere d\u2019occhio sempre le pagine del sito diocesano dedicate alle iniziative della PG https:\/\/www.patriarcatovenezia.it\/pastorale-giovanile\/ e, naturalmente, a seguirci sui Social.<\/em><\/p>\n<p><em>Per qualsiasi chiarimento, consiglio, critica costruttiva, necessit\u00e0 di strutturare assieme qualcosa nella tua realt\u00e0 di appartenenza, scrivi alla e-mail: pgve@patriarcatovenezia.it o contattaci presso le sedi di Venezia (041\/2702439) o Zelarino (041\/5464461) oppure al cellulare (340 4049070 don Riccardo).<\/em><\/p>\n<p><em>Qualora tu non ricevessi le varie notizie o la newsletter con l\u2019aggiornamento alla vita pastorale della Diocesi, ti preghiamo di comunicarci la tua e-mail e sarai subito aggiunto!<\/em><\/p>\n<hr \/>\n<p><strong>Download lettera PDF <a href=\"https:\/\/www.patriarcatovenezia.it\/pastorale-giovanile\/wp-content\/uploads\/sites\/6\/2022\/10\/Pastorale-Giovanile-2022-2023.pdf\">Pastorale Giovanile 2022-2023<\/a><\/strong><\/p>\n<p>&nbsp;<\/p>\n<p>&nbsp;<\/p>\n","protected":false},"excerpt":{"rendered":"<p>Zelarino, 13 ottobre 2022 A chi desidera\u2026 Il 25 giugno 1852 nasceva a Reus, vicino a Tarragona (Catalogna) Antoni Placid et Guillem Gaud\u00ed Cornet, conosciuto ai pi\u00f9 come Antoni Gaud\u00ed, considerato oggi uno degli architetti pi\u00f9 originali ed innovatori del Novecento. Gaud\u00ed \u00e8 stato per tutta la sua vita un uomo profondamente religioso e devoto,&#8230;  <a class=\"excerpt-read-more\" href=\"https:\/\/oldpatriarcatovenezia.glauco.it\/pastorale-giovanile\/2022\/10\/24\/un-anno-insieme-proposte-ap-2022-2023\/\" title=\"Leggi Un anno insieme! Proposte ap 2022-2023\">&raquo; continua<\/a><\/p>\n","protected":false},"author":10,"featured_media":3670,"comment_status":"closed","ping_status":"closed","sticky":false,"template":"","format":"standard","meta":{"ip_address":"","user_agent":"","level":"","revision":"","cookie_id":"","page_referer":"","html_form":""},"categories":[306,88,307,106,1,108,311,373,305,334,312,107,110],"tags":[589,390,351,368,528,513,622,471],"acf":[],"_links":{"self":[{"href":"https:\/\/oldpatriarcatovenezia.glauco.it\/pastorale-giovanile\/wp-json\/wp\/v2\/posts\/3669"}],"collection":[{"href":"https:\/\/oldpatriarcatovenezia.glauco.it\/pastorale-giovanile\/wp-json\/wp\/v2\/posts"}],"about":[{"href":"https:\/\/oldpatriarcatovenezia.glauco.it\/pastorale-giovanile\/wp-json\/wp\/v2\/types\/post"}],"author":[{"embeddable":true,"href":"https:\/\/oldpatriarcatovenezia.glauco.it\/pastorale-giovanile\/wp-json\/wp\/v2\/users\/10"}],"replies":[{"embeddable":true,"href":"https:\/\/oldpatriarcatovenezia.glauco.it\/pastorale-giovanile\/wp-json\/wp\/v2\/comments?post=3669"}],"version-history":[{"count":2,"href":"https:\/\/oldpatriarcatovenezia.glauco.it\/pastorale-giovanile\/wp-json\/wp\/v2\/posts\/3669\/revisions"}],"predecessor-version":[{"id":3673,"href":"https:\/\/oldpatriarcatovenezia.glauco.it\/pastorale-giovanile\/wp-json\/wp\/v2\/posts\/3669\/revisions\/3673"}],"wp:featuredmedia":[{"embeddable":true,"href":"https:\/\/oldpatriarcatovenezia.glauco.it\/pastorale-giovanile\/wp-json\/wp\/v2\/media\/3670"}],"wp:attachment":[{"href":"https:\/\/oldpatriarcatovenezia.glauco.it\/pastorale-giovanile\/wp-json\/wp\/v2\/media?parent=3669"}],"wp:term":[{"taxonomy":"category","embeddable":true,"href":"https:\/\/oldpatriarcatovenezia.glauco.it\/pastorale-giovanile\/wp-json\/wp\/v2\/categories?post=3669"},{"taxonomy":"post_tag","embeddable":true,"href":"https:\/\/oldpatriarcatovenezia.glauco.it\/pastorale-giovanile\/wp-json\/wp\/v2\/tags?post=3669"}],"curies":[{"name":"wp","href":"https:\/\/api.w.org\/{rel}","templated":true}]}}