{"id":3654,"date":"2022-05-19T13:16:20","date_gmt":"2022-05-19T11:16:20","guid":{"rendered":"https:\/\/www.patriarcatovenezia.it\/pastorale-giovanile\/?p=3654"},"modified":"2022-06-03T13:19:10","modified_gmt":"2022-06-03T11:19:10","slug":"beato-you-2","status":"publish","type":"post","link":"https:\/\/oldpatriarcatovenezia.glauco.it\/pastorale-giovanile\/2022\/05\/19\/beato-you-2\/","title":{"rendered":"Beato you!"},"content":{"rendered":"<p>In occasione della beatificazione di Papa Giovanni Paolo I, Albino Luciani ex Patriarca di Venezia, la Pastorale giovanile di Venezia, di Vittorio Veneto e di Belluno vi propongono un pellegrinaggio interdiocesano a Roma nei primi giorni di settembre. Zaino in spalla, incontrando realt\u00e0 e testimoni, un&#8217;intensa esperienza di fraternit\u00e0.<\/p>\n<p>Abbiamo gi\u00e0 un po&#8217; di adesioni, ma ancora dei posti disponibili!<\/p>\n<p><a href=\"https:\/\/www.diocesivittorioveneto.it\/sp\/giovani_beatoyou22.asp\">Info dettagliate, modulo iscrizione &amp; co. (PG di Vittorio Veneto)<\/a><\/p>\n","protected":false},"excerpt":{"rendered":"<p>In occasione della beatificazione di Papa Giovanni Paolo I, Albino Luciani ex Patriarca di Venezia, la Pastorale giovanile di Venezia, di Vittorio Veneto e di Belluno vi propongono un pellegrinaggio interdiocesano a Roma nei primi giorni di settembre. Zaino in spalla, incontrando realt\u00e0 e testimoni, un&#8217;intensa esperienza di fraternit\u00e0. Abbiamo gi\u00e0 un po&#8217; di adesioni,&#8230;  <a class=\"excerpt-read-more\" href=\"https:\/\/oldpatriarcatovenezia.glauco.it\/pastorale-giovanile\/2022\/05\/19\/beato-you-2\/\" title=\"Leggi Beato you!\">&raquo; continua<\/a><\/p>\n","protected":false},"author":10,"featured_media":3603,"comment_status":"closed","ping_status":"closed","sticky":false,"template":"","format":"standard","meta":{"ip_address":"","user_agent":"","level":"","revision":"","cookie_id":"","page_referer":"","html_form":""},"categories":[307,1,311,312],"tags":[619,610,363,352],"acf":[],"_links":{"self":[{"href":"https:\/\/oldpatriarcatovenezia.glauco.it\/pastorale-giovanile\/wp-json\/wp\/v2\/posts\/3654"}],"collection":[{"href":"https:\/\/oldpatriarcatovenezia.glauco.it\/pastorale-giovanile\/wp-json\/wp\/v2\/posts"}],"about":[{"href":"https:\/\/oldpatriarcatovenezia.glauco.it\/pastorale-giovanile\/wp-json\/wp\/v2\/types\/post"}],"author":[{"embeddable":true,"href":"https:\/\/oldpatriarcatovenezia.glauco.it\/pastorale-giovanile\/wp-json\/wp\/v2\/users\/10"}],"replies":[{"embeddable":true,"href":"https:\/\/oldpatriarcatovenezia.glauco.it\/pastorale-giovanile\/wp-json\/wp\/v2\/comments?post=3654"}],"version-history":[{"count":1,"href":"https:\/\/oldpatriarcatovenezia.glauco.it\/pastorale-giovanile\/wp-json\/wp\/v2\/posts\/3654\/revisions"}],"predecessor-version":[{"id":3655,"href":"https:\/\/oldpatriarcatovenezia.glauco.it\/pastorale-giovanile\/wp-json\/wp\/v2\/posts\/3654\/revisions\/3655"}],"wp:featuredmedia":[{"embeddable":true,"href":"https:\/\/oldpatriarcatovenezia.glauco.it\/pastorale-giovanile\/wp-json\/wp\/v2\/media\/3603"}],"wp:attachment":[{"href":"https:\/\/oldpatriarcatovenezia.glauco.it\/pastorale-giovanile\/wp-json\/wp\/v2\/media?parent=3654"}],"wp:term":[{"taxonomy":"category","embeddable":true,"href":"https:\/\/oldpatriarcatovenezia.glauco.it\/pastorale-giovanile\/wp-json\/wp\/v2\/categories?post=3654"},{"taxonomy":"post_tag","embeddable":true,"href":"https:\/\/oldpatriarcatovenezia.glauco.it\/pastorale-giovanile\/wp-json\/wp\/v2\/tags?post=3654"}],"curies":[{"name":"wp","href":"https:\/\/api.w.org\/{rel}","templated":true}]}}