{"id":3613,"date":"2022-03-11T15:00:16","date_gmt":"2022-03-11T14:00:16","guid":{"rendered":"https:\/\/www.patriarcatovenezia.it\/pastorale-giovanile\/?p=3613"},"modified":"2022-03-21T15:05:24","modified_gmt":"2022-03-21T14:05:24","slug":"la-ballata-dei-gusci-infranti","status":"publish","type":"post","link":"https:\/\/oldpatriarcatovenezia.glauco.it\/pastorale-giovanile\/2022\/03\/11\/la-ballata-dei-gusci-infranti\/","title":{"rendered":"La ballata dei gusci infranti"},"content":{"rendered":"<p><strong>EVENTO UNICO A VENEZIA &#8211; 1 APRILE alle 20:45<\/strong><\/p>\n<p><strong>ANTEPRIMA al cinema UCI LUXE MARCON di VENEZIA<\/strong><\/p>\n<p><strong>con la presenza dell\u2019attore Simone Riccioni<\/strong><\/p>\n<p><strong><a href=\"https:\/\/www.ucicinemas.it\/film\/2022\/la-ballata-dei-gusci-infranti\/\">APERTE LE PREVENDITE &#8212; PRENOTATE SUBITO IL VOSTRO POSTO<\/a><\/strong><\/p>\n<p><em>(selezionate il cinema e acquistate il biglietto)<\/em><\/p>\n<p><a href=\"https:\/\/youtu.be\/bqbcBJJ_N6Q\" data-rel=\"lightbox-video-0\">LA BALLATA DEI GUSCI INFRANTI<\/a>\u00a0\u00e8 un film sulla preziosit\u00e0 della vita e l&#8217;unicit\u00e0 di ognuno di noi. Rimanere uniti\u00e8 il primo punto di ripresa e di speranza.<\/p>\n<p>Il film \u00e8 promosso da Pastorale giovanile, Pastorale familiare, Ufficio Catechistico e Pastorale universitaria ed \u00e8 aperto a tutti, catechisti, educatori, giovani&#8230; Passate parola!!!<\/p>\n","protected":false},"excerpt":{"rendered":"<p>EVENTO UNICO A VENEZIA &#8211; 1 APRILE alle 20:45 ANTEPRIMA al cinema UCI LUXE MARCON di VENEZIA con la presenza dell\u2019attore Simone Riccioni APERTE LE PREVENDITE &#8212; PRENOTATE SUBITO IL VOSTRO POSTO (selezionate il cinema e acquistate il biglietto) LA BALLATA DEI GUSCI INFRANTI\u00a0\u00e8 un film sulla preziosit\u00e0 della vita e l&#8217;unicit\u00e0 di ognuno di&#8230;  <a class=\"excerpt-read-more\" href=\"https:\/\/oldpatriarcatovenezia.glauco.it\/pastorale-giovanile\/2022\/03\/11\/la-ballata-dei-gusci-infranti\/\" title=\"Leggi La ballata dei gusci infranti\">&raquo; continua<\/a><\/p>\n","protected":false},"author":10,"featured_media":3598,"comment_status":"closed","ping_status":"closed","sticky":false,"template":"","format":"standard","meta":{"ip_address":"","user_agent":"","level":"","revision":"","cookie_id":"","page_referer":"","html_form":""},"categories":[306,307,1,311],"tags":[606,609,605,607,608],"acf":[],"_links":{"self":[{"href":"https:\/\/oldpatriarcatovenezia.glauco.it\/pastorale-giovanile\/wp-json\/wp\/v2\/posts\/3613"}],"collection":[{"href":"https:\/\/oldpatriarcatovenezia.glauco.it\/pastorale-giovanile\/wp-json\/wp\/v2\/posts"}],"about":[{"href":"https:\/\/oldpatriarcatovenezia.glauco.it\/pastorale-giovanile\/wp-json\/wp\/v2\/types\/post"}],"author":[{"embeddable":true,"href":"https:\/\/oldpatriarcatovenezia.glauco.it\/pastorale-giovanile\/wp-json\/wp\/v2\/users\/10"}],"replies":[{"embeddable":true,"href":"https:\/\/oldpatriarcatovenezia.glauco.it\/pastorale-giovanile\/wp-json\/wp\/v2\/comments?post=3613"}],"version-history":[{"count":1,"href":"https:\/\/oldpatriarcatovenezia.glauco.it\/pastorale-giovanile\/wp-json\/wp\/v2\/posts\/3613\/revisions"}],"predecessor-version":[{"id":3614,"href":"https:\/\/oldpatriarcatovenezia.glauco.it\/pastorale-giovanile\/wp-json\/wp\/v2\/posts\/3613\/revisions\/3614"}],"wp:featuredmedia":[{"embeddable":true,"href":"https:\/\/oldpatriarcatovenezia.glauco.it\/pastorale-giovanile\/wp-json\/wp\/v2\/media\/3598"}],"wp:attachment":[{"href":"https:\/\/oldpatriarcatovenezia.glauco.it\/pastorale-giovanile\/wp-json\/wp\/v2\/media?parent=3613"}],"wp:term":[{"taxonomy":"category","embeddable":true,"href":"https:\/\/oldpatriarcatovenezia.glauco.it\/pastorale-giovanile\/wp-json\/wp\/v2\/categories?post=3613"},{"taxonomy":"post_tag","embeddable":true,"href":"https:\/\/oldpatriarcatovenezia.glauco.it\/pastorale-giovanile\/wp-json\/wp\/v2\/tags?post=3613"}],"curies":[{"name":"wp","href":"https:\/\/api.w.org\/{rel}","templated":true}]}}