{"id":3607,"date":"2022-03-11T14:54:14","date_gmt":"2022-03-11T13:54:14","guid":{"rendered":"https:\/\/www.patriarcatovenezia.it\/pastorale-giovanile\/?p=3607"},"modified":"2022-03-21T14:59:51","modified_gmt":"2022-03-21T13:59:51","slug":"corso-bis","status":"publish","type":"post","link":"https:\/\/oldpatriarcatovenezia.glauco.it\/pastorale-giovanile\/2022\/03\/11\/corso-bis\/","title":{"rendered":"Corso BIS!!!"},"content":{"rendered":"<p>Il corso di marzo \u00e8 andato sold-out, a causa delle limitazioni per le disposizioni anti-Covid, non abbiamo potuto accogliere tutti&#8230; Per questo abbiamo deciso di bissare&#8230;<\/p>\n<p><strong>S\u00ec, si replica il corso con 5 nuove date tra aprile e maggio!<\/strong><\/p>\n<p>Abbiamo gi\u00e0 parrocchie iscritte, per\u00f2 anche diversi posti liberi&#8230;affrettatevi!<\/p>\n<p><strong>LE DATE:<\/strong><\/p>\n<ul>\n<li>VEN\u00a022\/4\u00a0&#8211; Chi \u00e8 l&#8217;animatore?\u00a0Identit\u00e0 e ruolo dell&#8217;animatore\u00a0&#8211; con Lorenzo Tiengo, animatore ed educatore<\/li>\n<li>GIO\u00a028\/4\u00a0&#8211; Giochiamo a&#8230;\u00a0Valore educativo del gioco,\u00a0elementi e caratteristiche (panoramica)\u00a0&#8211; con il\u00a0dott. Matteo Pasqual, educatore, pedagogista e formatore sociale<\/li>\n<li>VEN\u00a006\/5 &#8211; Per chi?\u00a0Gratuit\u00e0 e carit\u00e0 nel servizio\u00a0&#8211; con\u00a0don Dino Pistolato,\u00a0parroco ed\u00a0ex direttore Caritas<\/li>\n<li>VEN\u00a013\/5 &#8211; Lab-oratorio\u00a0Vivere il patronato\/oratorio\u00a0con testa e cuore\u00a0&#8211; con don Massimo Zagato e don Francesco Andreoli, salesiani<\/li>\n<li>VEN\u00a020\/5 &#8211; Insieme \u00e8 meglio\u00a0Accogliere e accompagnare\u00a0le fragilit\u00e0 nelle proposte educative\u00a0&#8211; con la\u00a0dott.ssa Nicoletta\u00a0Corba, psicoanalista<\/li>\n<\/ul>\n<p><strong>DESTINATARI:<\/strong>\u00a0il corso \u00e8 aperto a animatori del grest e delle attivit\u00e0 estive, educatori, catechisti e quanti prestano servizio con i pi\u00f9 giovani nelle varie occasioni educative e ricreative nelle comunit\u00e0 parrocchiali. Et\u00e0 consigliata: dalla 1a sup. in su.<\/p>\n<p><strong>NOTE TECNICHE:<\/strong>\u00a0le serate prevedono momenti comuni, a cui pu\u00f2 seguire suddivisione per fasce d&#8217;et\u00e0\/esperienza (in accordo coi responsabili dei gruppi). Nel 3\u00b0 e 5\u00b0 incontro ci sar\u00e0 particolare attenzione alla fascia adulta.<\/p>\n<p><strong>QUOTA:<\/strong>\u00a0\u00e8 richiesto il contributo di \u20ac 5,00 cad. da versare direttamente il 1\u00b0 giorno o tramite bonifico (chiedere alla segreteria)<\/p>\n<p><strong>ADESIONI:<\/strong>\u00a0inviare una mail il prima possibile (posti limitati)<\/p>\n<p><strong>SUPER GREEN PASS OBBLIGATORIO\u00a0(salvo nuove disposizioni)<\/strong><\/p>\n<p><em><strong>Per informazioni e adesioni scrivete a pgve@patriarcatovenezia.it<\/strong><\/em><\/p>\n<p>&nbsp;<\/p>\n<a href=\"https:\/\/www.patriarcatovenezia.it\/pastorale-giovanile\/wp-content\/uploads\/sites\/6\/2022\/03\/6.png\" data-rel=\"lightbox-image-0\" data-rl_title=\"\" data-rl_caption=\"\" title=\"\"><img loading=\"lazy\" class=\"size-medium wp-image-3594 aligncenter\" src=\"https:\/\/www.patriarcatovenezia.it\/pastorale-giovanile\/wp-content\/uploads\/sites\/6\/2022\/03\/6-300x300.png\" alt=\"\" width=\"300\" height=\"300\" srcset=\"https:\/\/oldpatriarcatovenezia.glauco.it\/pastorale-giovanile\/wp-content\/uploads\/sites\/6\/2022\/03\/6-300x300.png 300w, https:\/\/oldpatriarcatovenezia.glauco.it\/pastorale-giovanile\/wp-content\/uploads\/sites\/6\/2022\/03\/6-150x150.png 150w, https:\/\/oldpatriarcatovenezia.glauco.it\/pastorale-giovanile\/wp-content\/uploads\/sites\/6\/2022\/03\/6-768x768.png 768w, https:\/\/oldpatriarcatovenezia.glauco.it\/pastorale-giovanile\/wp-content\/uploads\/sites\/6\/2022\/03\/6-1024x1024.png 1024w, https:\/\/oldpatriarcatovenezia.glauco.it\/pastorale-giovanile\/wp-content\/uploads\/sites\/6\/2022\/03\/6-200x200.png 200w, https:\/\/oldpatriarcatovenezia.glauco.it\/pastorale-giovanile\/wp-content\/uploads\/sites\/6\/2022\/03\/6-280x280.png 280w, https:\/\/oldpatriarcatovenezia.glauco.it\/pastorale-giovanile\/wp-content\/uploads\/sites\/6\/2022\/03\/6.png 1080w\" sizes=\"(max-width: 300px) 100vw, 300px\" \/><\/a> <a href=\"https:\/\/www.patriarcatovenezia.it\/pastorale-giovanile\/wp-content\/uploads\/sites\/6\/2022\/03\/7.png\" data-rel=\"lightbox-image-1\" data-rl_title=\"\" data-rl_caption=\"\" title=\"\"><img loading=\"lazy\" class=\"size-medium wp-image-3595 aligncenter\" src=\"https:\/\/www.patriarcatovenezia.it\/pastorale-giovanile\/wp-content\/uploads\/sites\/6\/2022\/03\/7-300x300.png\" alt=\"\" width=\"300\" height=\"300\" srcset=\"https:\/\/oldpatriarcatovenezia.glauco.it\/pastorale-giovanile\/wp-content\/uploads\/sites\/6\/2022\/03\/7-300x300.png 300w, https:\/\/oldpatriarcatovenezia.glauco.it\/pastorale-giovanile\/wp-content\/uploads\/sites\/6\/2022\/03\/7-150x150.png 150w, https:\/\/oldpatriarcatovenezia.glauco.it\/pastorale-giovanile\/wp-content\/uploads\/sites\/6\/2022\/03\/7-768x768.png 768w, https:\/\/oldpatriarcatovenezia.glauco.it\/pastorale-giovanile\/wp-content\/uploads\/sites\/6\/2022\/03\/7-1024x1024.png 1024w, https:\/\/oldpatriarcatovenezia.glauco.it\/pastorale-giovanile\/wp-content\/uploads\/sites\/6\/2022\/03\/7-200x200.png 200w, https:\/\/oldpatriarcatovenezia.glauco.it\/pastorale-giovanile\/wp-content\/uploads\/sites\/6\/2022\/03\/7-280x280.png 280w, https:\/\/oldpatriarcatovenezia.glauco.it\/pastorale-giovanile\/wp-content\/uploads\/sites\/6\/2022\/03\/7.png 1080w\" sizes=\"(max-width: 300px) 100vw, 300px\" \/><\/a>\n","protected":false},"excerpt":{"rendered":"<p>Il corso di marzo \u00e8 andato sold-out, a causa delle limitazioni per le disposizioni anti-Covid, non abbiamo potuto accogliere tutti&#8230; Per questo abbiamo deciso di bissare&#8230; S\u00ec, si replica il corso con 5 nuove date tra aprile e maggio! Abbiamo gi\u00e0 parrocchie iscritte, per\u00f2 anche diversi posti liberi&#8230;affrettatevi! LE DATE: VEN\u00a022\/4\u00a0&#8211; Chi \u00e8 l&#8217;animatore?\u00a0Identit\u00e0 e&#8230;  <a class=\"excerpt-read-more\" href=\"https:\/\/oldpatriarcatovenezia.glauco.it\/pastorale-giovanile\/2022\/03\/11\/corso-bis\/\" title=\"Leggi Corso BIS!!!\">&raquo; continua<\/a><\/p>\n","protected":false},"author":10,"featured_media":3593,"comment_status":"closed","ping_status":"closed","sticky":false,"template":"","format":"standard","meta":{"ip_address":"","user_agent":"","level":"","revision":"","cookie_id":"","page_referer":"","html_form":""},"categories":[306,88,307,1,311,334],"tags":[445,604,444,374],"acf":[],"_links":{"self":[{"href":"https:\/\/oldpatriarcatovenezia.glauco.it\/pastorale-giovanile\/wp-json\/wp\/v2\/posts\/3607"}],"collection":[{"href":"https:\/\/oldpatriarcatovenezia.glauco.it\/pastorale-giovanile\/wp-json\/wp\/v2\/posts"}],"about":[{"href":"https:\/\/oldpatriarcatovenezia.glauco.it\/pastorale-giovanile\/wp-json\/wp\/v2\/types\/post"}],"author":[{"embeddable":true,"href":"https:\/\/oldpatriarcatovenezia.glauco.it\/pastorale-giovanile\/wp-json\/wp\/v2\/users\/10"}],"replies":[{"embeddable":true,"href":"https:\/\/oldpatriarcatovenezia.glauco.it\/pastorale-giovanile\/wp-json\/wp\/v2\/comments?post=3607"}],"version-history":[{"count":2,"href":"https:\/\/oldpatriarcatovenezia.glauco.it\/pastorale-giovanile\/wp-json\/wp\/v2\/posts\/3607\/revisions"}],"predecessor-version":[{"id":3612,"href":"https:\/\/oldpatriarcatovenezia.glauco.it\/pastorale-giovanile\/wp-json\/wp\/v2\/posts\/3607\/revisions\/3612"}],"wp:featuredmedia":[{"embeddable":true,"href":"https:\/\/oldpatriarcatovenezia.glauco.it\/pastorale-giovanile\/wp-json\/wp\/v2\/media\/3593"}],"wp:attachment":[{"href":"https:\/\/oldpatriarcatovenezia.glauco.it\/pastorale-giovanile\/wp-json\/wp\/v2\/media?parent=3607"}],"wp:term":[{"taxonomy":"category","embeddable":true,"href":"https:\/\/oldpatriarcatovenezia.glauco.it\/pastorale-giovanile\/wp-json\/wp\/v2\/categories?post=3607"},{"taxonomy":"post_tag","embeddable":true,"href":"https:\/\/oldpatriarcatovenezia.glauco.it\/pastorale-giovanile\/wp-json\/wp\/v2\/tags?post=3607"}],"curies":[{"name":"wp","href":"https:\/\/api.w.org\/{rel}","templated":true}]}}