{"id":3577,"date":"2022-02-15T15:23:17","date_gmt":"2022-02-15T14:23:17","guid":{"rendered":"https:\/\/www.patriarcatovenezia.it\/pastorale-giovanile\/?p=3577"},"modified":"2022-02-15T15:23:17","modified_gmt":"2022-02-15T14:23:17","slug":"corso-di-formazione-per-animatori-educatori-e-catechisti","status":"publish","type":"post","link":"https:\/\/oldpatriarcatovenezia.glauco.it\/pastorale-giovanile\/2022\/02\/15\/corso-di-formazione-per-animatori-educatori-e-catechisti\/","title":{"rendered":"Corso di formazione per animatori, educatori e catechisti"},"content":{"rendered":"<p>5 incontri aperti <span class=\"JsGRdQ\">agli animatori del grest e delle attivit\u00e0 estive, agli educatori, ai catechisti e a quanti prestano servizio con i pi\u00f9 giovani nelle varie occasioni educative e ricreative nelle comunit\u00e0 parrocchiali. Un percorso formativo pensato non solo per gli adolescenti, ma anche per i giovani\/adulti, per allargare e approfondire lo sguardo del servizio, favorire l&#8217;incontro e lo scambio generazionale, dare respiro alla pastorale delle comunit\u00e0, fare rete, mettere a disposizione e condividere doni, talenti, carismi.<\/span><\/p>\n<p class=\"_04xlpA direction-ltr align-justify para-style-body\"><span class=\"JsGRdQ\">Et\u00e0 consigliata: dalla 1a sup. in su.<\/span><\/p>\n<p class=\"_04xlpA direction-ltr align-justify para-style-body\"><span class=\"JsGRdQ\">DATE: Gio 3\/3 &#8211;\u00a0ven 11\/3 &#8211; gio 17 &#8211; gio 24\u00a0 &#8211; gio 31 marzo |\u00a0Centro Urbani Zelarino, ore 20:30<\/span><\/p>\n<p class=\"_04xlpA direction-ltr align-justify para-style-body\"><span class=\"JsGRdQ\">NOTE TECNICHE:<\/span><span class=\"JsGRdQ\"> ogni serata prevede un momento comune e poi la suddivisione per fasce d&#8217;et\u00e0\/esperienza (in accordo coi responsabili dei gruppi). Negli incontri del 17 e 31 marzo ci sar\u00e0 particolare attenzione alla fascia adulta.<\/span><\/p>\n<p class=\"_04xlpA direction-ltr align-justify para-style-body\"><span class=\"JsGRdQ\">QUOTA:<\/span><span class=\"JsGRdQ\"> \u00e8 richiesto il contributo di \u20ac 5,00 cad. da versare direttamente il 1\u00b0 giorno o tramite bonifico (chiedere alla segreteria)<\/span><\/p>\n<p class=\"_04xlpA direction-ltr align-justify para-style-body\"><span class=\"JsGRdQ\">ADESIONI:<\/span><span class=\"JsGRdQ\"> compilare il <a href=\"https:\/\/forms.gle\/yw6rAnVcPqHG72Yk6\" title=\"\"><strong>MODULO ONLINE<\/strong><\/a>\u00a0entro e non oltre lun 28\/2.<\/span><\/p>\n<p class=\"_04xlpA direction-ltr align-justify para-style-body\"><span class=\"JsGRdQ\">SUPER GREEN PASS OBBLIGATORIO<\/span><\/p>\n<p><em>Per informazioni scriveteci!<\/em><\/p>\n<hr \/>\n<p style=\"text-align: center\"><strong>Clicca le immagini per ingrandirle<\/strong><\/p>\n<a href=\"https:\/\/www.patriarcatovenezia.it\/pastorale-giovanile\/wp-content\/uploads\/sites\/6\/2022\/02\/2.jpg\" data-rel=\"lightbox-image-0\" data-rl_title=\"\" data-rl_caption=\"\" title=\"\"><img loading=\"lazy\" class=\"size-medium wp-image-3579 aligncenter\" src=\"https:\/\/www.patriarcatovenezia.it\/pastorale-giovanile\/wp-content\/uploads\/sites\/6\/2022\/02\/2-300x300.jpg\" alt=\"\" width=\"300\" height=\"300\" srcset=\"https:\/\/oldpatriarcatovenezia.glauco.it\/pastorale-giovanile\/wp-content\/uploads\/sites\/6\/2022\/02\/2-300x300.jpg 300w, https:\/\/oldpatriarcatovenezia.glauco.it\/pastorale-giovanile\/wp-content\/uploads\/sites\/6\/2022\/02\/2-150x150.jpg 150w, https:\/\/oldpatriarcatovenezia.glauco.it\/pastorale-giovanile\/wp-content\/uploads\/sites\/6\/2022\/02\/2-768x768.jpg 768w, https:\/\/oldpatriarcatovenezia.glauco.it\/pastorale-giovanile\/wp-content\/uploads\/sites\/6\/2022\/02\/2-1024x1024.jpg 1024w, https:\/\/oldpatriarcatovenezia.glauco.it\/pastorale-giovanile\/wp-content\/uploads\/sites\/6\/2022\/02\/2-200x200.jpg 200w, https:\/\/oldpatriarcatovenezia.glauco.it\/pastorale-giovanile\/wp-content\/uploads\/sites\/6\/2022\/02\/2-280x280.jpg 280w, https:\/\/oldpatriarcatovenezia.glauco.it\/pastorale-giovanile\/wp-content\/uploads\/sites\/6\/2022\/02\/2.jpg 1080w\" sizes=\"(max-width: 300px) 100vw, 300px\" \/><\/a> <a href=\"https:\/\/www.patriarcatovenezia.it\/pastorale-giovanile\/wp-content\/uploads\/sites\/6\/2022\/02\/3.jpg\" data-rel=\"lightbox-image-1\" data-rl_title=\"\" data-rl_caption=\"\" title=\"\"><img loading=\"lazy\" class=\"size-medium wp-image-3580 aligncenter\" src=\"https:\/\/www.patriarcatovenezia.it\/pastorale-giovanile\/wp-content\/uploads\/sites\/6\/2022\/02\/3-300x300.jpg\" alt=\"\" width=\"300\" height=\"300\" srcset=\"https:\/\/oldpatriarcatovenezia.glauco.it\/pastorale-giovanile\/wp-content\/uploads\/sites\/6\/2022\/02\/3-300x300.jpg 300w, https:\/\/oldpatriarcatovenezia.glauco.it\/pastorale-giovanile\/wp-content\/uploads\/sites\/6\/2022\/02\/3-150x150.jpg 150w, https:\/\/oldpatriarcatovenezia.glauco.it\/pastorale-giovanile\/wp-content\/uploads\/sites\/6\/2022\/02\/3-768x768.jpg 768w, https:\/\/oldpatriarcatovenezia.glauco.it\/pastorale-giovanile\/wp-content\/uploads\/sites\/6\/2022\/02\/3-1024x1024.jpg 1024w, https:\/\/oldpatriarcatovenezia.glauco.it\/pastorale-giovanile\/wp-content\/uploads\/sites\/6\/2022\/02\/3-200x200.jpg 200w, https:\/\/oldpatriarcatovenezia.glauco.it\/pastorale-giovanile\/wp-content\/uploads\/sites\/6\/2022\/02\/3-280x280.jpg 280w, https:\/\/oldpatriarcatovenezia.glauco.it\/pastorale-giovanile\/wp-content\/uploads\/sites\/6\/2022\/02\/3.jpg 1080w\" sizes=\"(max-width: 300px) 100vw, 300px\" \/><\/a>\n","protected":false},"excerpt":{"rendered":"<p>5 incontri aperti agli animatori del grest e delle attivit\u00e0 estive, agli educatori, ai catechisti e a quanti prestano servizio con i pi\u00f9 giovani nelle varie occasioni educative e ricreative nelle comunit\u00e0 parrocchiali. Un percorso formativo pensato non solo per gli adolescenti, ma anche per i giovani\/adulti, per allargare e approfondire lo sguardo del servizio,&#8230;  <a class=\"excerpt-read-more\" href=\"https:\/\/oldpatriarcatovenezia.glauco.it\/pastorale-giovanile\/2022\/02\/15\/corso-di-formazione-per-animatori-educatori-e-catechisti\/\" title=\"Leggi Corso di formazione per animatori, educatori e catechisti\">&raquo; continua<\/a><\/p>\n","protected":false},"author":10,"featured_media":3578,"comment_status":"closed","ping_status":"closed","sticky":false,"template":"","format":"standard","meta":{"ip_address":"","user_agent":"","level":"","revision":"","cookie_id":"","page_referer":"","html_form":""},"categories":[306,88,307,1,311,334],"tags":[445,604,444,374],"acf":[],"_links":{"self":[{"href":"https:\/\/oldpatriarcatovenezia.glauco.it\/pastorale-giovanile\/wp-json\/wp\/v2\/posts\/3577"}],"collection":[{"href":"https:\/\/oldpatriarcatovenezia.glauco.it\/pastorale-giovanile\/wp-json\/wp\/v2\/posts"}],"about":[{"href":"https:\/\/oldpatriarcatovenezia.glauco.it\/pastorale-giovanile\/wp-json\/wp\/v2\/types\/post"}],"author":[{"embeddable":true,"href":"https:\/\/oldpatriarcatovenezia.glauco.it\/pastorale-giovanile\/wp-json\/wp\/v2\/users\/10"}],"replies":[{"embeddable":true,"href":"https:\/\/oldpatriarcatovenezia.glauco.it\/pastorale-giovanile\/wp-json\/wp\/v2\/comments?post=3577"}],"version-history":[{"count":3,"href":"https:\/\/oldpatriarcatovenezia.glauco.it\/pastorale-giovanile\/wp-json\/wp\/v2\/posts\/3577\/revisions"}],"predecessor-version":[{"id":3583,"href":"https:\/\/oldpatriarcatovenezia.glauco.it\/pastorale-giovanile\/wp-json\/wp\/v2\/posts\/3577\/revisions\/3583"}],"wp:featuredmedia":[{"embeddable":true,"href":"https:\/\/oldpatriarcatovenezia.glauco.it\/pastorale-giovanile\/wp-json\/wp\/v2\/media\/3578"}],"wp:attachment":[{"href":"https:\/\/oldpatriarcatovenezia.glauco.it\/pastorale-giovanile\/wp-json\/wp\/v2\/media?parent=3577"}],"wp:term":[{"taxonomy":"category","embeddable":true,"href":"https:\/\/oldpatriarcatovenezia.glauco.it\/pastorale-giovanile\/wp-json\/wp\/v2\/categories?post=3577"},{"taxonomy":"post_tag","embeddable":true,"href":"https:\/\/oldpatriarcatovenezia.glauco.it\/pastorale-giovanile\/wp-json\/wp\/v2\/tags?post=3577"}],"curies":[{"name":"wp","href":"https:\/\/api.w.org\/{rel}","templated":true}]}}