{"id":3551,"date":"2022-01-17T10:23:02","date_gmt":"2022-01-17T09:23:02","guid":{"rendered":"https:\/\/www.patriarcatovenezia.it\/pastorale-giovanile\/?p=3551"},"modified":"2022-01-20T11:21:56","modified_gmt":"2022-01-20T10:21:56","slug":"adolescenti-veneziani-a-roma","status":"publish","type":"post","link":"https:\/\/oldpatriarcatovenezia.glauco.it\/pastorale-giovanile\/2022\/01\/17\/adolescenti-veneziani-a-roma\/","title":{"rendered":"Adolescenti veneziani a Roma!!!"},"content":{"rendered":"<p>Il Papa &#8211; come gi\u00e0 sapete &#8211; ha accolto la richiesta del Card. Gualtiero Bassetti, presidente della CEI, di incontrare gli adolescenti italiani il prossimo\u00a0<strong>18 aprile 2022, luned\u00ec dell\u2019Angelo<\/strong>,\u00a0<strong>in piazza San Pietro a Roma<\/strong>.<\/p>\n<p>L\u2019evento vedr\u00e0 coinvolti \u00abtutti i ragazzi della Chiesa italiana <strong>dai 12 ai 17 anni<\/strong> e per tutti s\u2019intende provenienti da diocesi, parrocchie, movimenti, associazioni\u00bb (cfr.\u00a0<a href=\"https:\/\/giovani.chiesacattolica.it\/adolescenti-a-roma-da-papa-francesco\/\">chiesacattolica.it<\/a>), ma \u00e8 ancora tutto da definire dal punto di vista operativo (sapremo nelle prossime settimane i dettagli dal Servizio Nazionale per la pastorale giovanile).<\/p>\n<p>Tuttavia, come Diocesi ci stiamo gi\u00e0 ragionando, abbiamo formulato delle ipotesi e desideriamo sondare il terreno.<\/p>\n<h4>Se siete interessati a rispondere assieme ai vostri adolescenti all\u2019appello del Papa,\u00a0<strong>vi invitiamo a compilare\u00a0entro luned\u00ec 31 gennaio 2022\u00a0il\u00a0<\/strong><strong><a href=\"https:\/\/forms.gle\/oMwwavHhsb6NebDaA\">MODULO ONLINE<\/a><\/strong>, dove presentiamo delle\u00a0<strong>possibili soluzioni di viaggio<\/strong>.<\/h4>\n<p><strong>N.B.\u00a0<\/strong>tutte e 3 le proposte prevedono la partenza nella mattina di luned\u00ec 18 aprile, perch\u00e9 l&#8217;incontro col Papa sar\u00e0 nel tardo pomeriggio di quel giorno! E Pasqua la celebreremo tutti nella nostre parrocchie \ud83d\ude09<\/p>\n<p><strong>Il vostro contributo \u00e8 indispensabile per orientarci e formulare una proposta specifica<\/strong>, anche articolata in base alle diverse esigenze e con relativi prezzi.<\/p>\n<p>Ovviamente accogliamo mooooooolto volentieri idee, osservazioni e volontari per l\u2019organizzazione!<\/p>\n","protected":false},"excerpt":{"rendered":"<p>Il Papa &#8211; come gi\u00e0 sapete &#8211; ha accolto la richiesta del Card. Gualtiero Bassetti, presidente della CEI, di incontrare gli adolescenti italiani il prossimo\u00a018 aprile 2022, luned\u00ec dell\u2019Angelo,\u00a0in piazza San Pietro a Roma. L\u2019evento vedr\u00e0 coinvolti \u00abtutti i ragazzi della Chiesa italiana dai 12 ai 17 anni e per tutti s\u2019intende provenienti da diocesi,&#8230;  <a class=\"excerpt-read-more\" href=\"https:\/\/oldpatriarcatovenezia.glauco.it\/pastorale-giovanile\/2022\/01\/17\/adolescenti-veneziani-a-roma\/\" title=\"Leggi Adolescenti veneziani a Roma!!!\">&raquo; continua<\/a><\/p>\n","protected":false},"author":10,"featured_media":3534,"comment_status":"closed","ping_status":"closed","sticky":false,"template":"","format":"standard","meta":{"ip_address":"","user_agent":"","level":"","revision":"","cookie_id":"","page_referer":"","html_form":""},"categories":[1],"tags":[589,350,349,352],"acf":[],"_links":{"self":[{"href":"https:\/\/oldpatriarcatovenezia.glauco.it\/pastorale-giovanile\/wp-json\/wp\/v2\/posts\/3551"}],"collection":[{"href":"https:\/\/oldpatriarcatovenezia.glauco.it\/pastorale-giovanile\/wp-json\/wp\/v2\/posts"}],"about":[{"href":"https:\/\/oldpatriarcatovenezia.glauco.it\/pastorale-giovanile\/wp-json\/wp\/v2\/types\/post"}],"author":[{"embeddable":true,"href":"https:\/\/oldpatriarcatovenezia.glauco.it\/pastorale-giovanile\/wp-json\/wp\/v2\/users\/10"}],"replies":[{"embeddable":true,"href":"https:\/\/oldpatriarcatovenezia.glauco.it\/pastorale-giovanile\/wp-json\/wp\/v2\/comments?post=3551"}],"version-history":[{"count":2,"href":"https:\/\/oldpatriarcatovenezia.glauco.it\/pastorale-giovanile\/wp-json\/wp\/v2\/posts\/3551\/revisions"}],"predecessor-version":[{"id":3553,"href":"https:\/\/oldpatriarcatovenezia.glauco.it\/pastorale-giovanile\/wp-json\/wp\/v2\/posts\/3551\/revisions\/3553"}],"wp:featuredmedia":[{"embeddable":true,"href":"https:\/\/oldpatriarcatovenezia.glauco.it\/pastorale-giovanile\/wp-json\/wp\/v2\/media\/3534"}],"wp:attachment":[{"href":"https:\/\/oldpatriarcatovenezia.glauco.it\/pastorale-giovanile\/wp-json\/wp\/v2\/media?parent=3551"}],"wp:term":[{"taxonomy":"category","embeddable":true,"href":"https:\/\/oldpatriarcatovenezia.glauco.it\/pastorale-giovanile\/wp-json\/wp\/v2\/categories?post=3551"},{"taxonomy":"post_tag","embeddable":true,"href":"https:\/\/oldpatriarcatovenezia.glauco.it\/pastorale-giovanile\/wp-json\/wp\/v2\/tags?post=3551"}],"curies":[{"name":"wp","href":"https:\/\/api.w.org\/{rel}","templated":true}]}}