{"id":3511,"date":"2021-12-01T12:13:52","date_gmt":"2021-12-01T11:13:52","guid":{"rendered":"https:\/\/www.patriarcatovenezia.it\/pastorale-giovanile\/?p=3511"},"modified":"2021-12-16T12:22:31","modified_gmt":"2021-12-16T11:22:31","slug":"adolescenti-a-roma-da-papa-francesco","status":"publish","type":"post","link":"https:\/\/oldpatriarcatovenezia.glauco.it\/pastorale-giovanile\/2021\/12\/01\/adolescenti-a-roma-da-papa-francesco\/","title":{"rendered":"Adolescenti a Roma da Papa Francesco"},"content":{"rendered":"<hr \/>\n<p>Papa Francesco ha accolto la richiesta del Card. Gualtiero Bassetti, presidente della CEI, di incontrare gli adolescenti italiani il prossimo <strong>18 aprile 2022<\/strong>, luned\u00ec dell\u2019Angelo, in <strong>piazza San Pietro a Roma<\/strong>. \u00abDa almeno 2 o 3 anni \u2013 ha commentato don Michele Falabretti \u2013 quando ci riunivamo nella Consulta nazionale emergeva la necessit\u00e0 di una maggiore attenzione per il mondo degli adolescenti, troppo poco considerato dagli adulti. L\u2019incontro, chiesto al Papa dal cardinale Bassetti, accende la luce su questo mondo complicato e meraviglioso\u00bb.<br \/>\nL\u2019evento, ancora tutto da definire dal punto di vista operativo, vedr\u00e0 coinvolti \u00ab<strong>tutti i ragazzi della Chiesa italiana dai 12 ai 17 anni<\/strong> \u2013 ha detto Falabretti \u2013 e per tutti s\u2019intende provenienti da diocesi, parrocchie, movimenti, associazioni. Sar\u00e0 l\u2019occasione per dire che questa et\u00e0, cos\u00ec importante e cos\u00ec penalizzata dalla pandemia, ha bisogno di una cura pastorale ed educativa adeguata e specifica. Un ragazzo di 17 anni non \u00e8 come un giovane di 22 e si avverte sempre pi\u00f9 diffusamente il bisogno di una separazione tra queste et\u00e0. Se per i giovani ci sono le Gmg, per gli adolescenti vanno pensati momenti specifici\u00bb.\u00a0[Fonte: <a href=\"https:\/\/giovani.chiesacattolica.it\/adolescenti-a-roma-da-papa-francesco\/\">chiesacattolica.it<\/a>]<\/p>\n<p><strong><a href=\"https:\/\/giovani.chiesacattolica.it\/wp-content\/uploads\/sites\/33\/2021\/11\/24\/Avvenire_20211124_A18.pdf\">Articolo di Avvenire 24 novembre 2021<\/a><\/strong><\/p>\n<p>&nbsp;<\/p>\n<p><em><strong>La PGVE si sta muovendo per raccogliere informazioni sull&#8217;iniziativa e sondare l&#8217;interesse a partecipare da parte dei nostri gruppi adolescenti.<\/strong><\/em><\/p>\n<p><em><strong>Presto vi daremo news!!!<\/strong><\/em><\/p>\n<p>&nbsp;<\/p>\n","protected":false},"excerpt":{"rendered":"<p>Papa Francesco ha accolto la richiesta del Card. Gualtiero Bassetti, presidente della CEI, di incontrare gli adolescenti italiani il prossimo 18 aprile 2022, luned\u00ec dell\u2019Angelo, in piazza San Pietro a Roma. \u00abDa almeno 2 o 3 anni \u2013 ha commentato don Michele Falabretti \u2013 quando ci riunivamo nella Consulta nazionale emergeva la necessit\u00e0 di una&#8230;  <a class=\"excerpt-read-more\" href=\"https:\/\/oldpatriarcatovenezia.glauco.it\/pastorale-giovanile\/2021\/12\/01\/adolescenti-a-roma-da-papa-francesco\/\" title=\"Leggi Adolescenti a Roma da Papa Francesco\">&raquo; continua<\/a><\/p>\n","protected":false},"author":10,"featured_media":3512,"comment_status":"closed","ping_status":"closed","sticky":false,"template":"","format":"standard","meta":{"ip_address":"","user_agent":"","level":"","revision":"","cookie_id":"","page_referer":"","html_form":""},"categories":[306,1,311,305],"tags":[589,367,352],"acf":[],"_links":{"self":[{"href":"https:\/\/oldpatriarcatovenezia.glauco.it\/pastorale-giovanile\/wp-json\/wp\/v2\/posts\/3511"}],"collection":[{"href":"https:\/\/oldpatriarcatovenezia.glauco.it\/pastorale-giovanile\/wp-json\/wp\/v2\/posts"}],"about":[{"href":"https:\/\/oldpatriarcatovenezia.glauco.it\/pastorale-giovanile\/wp-json\/wp\/v2\/types\/post"}],"author":[{"embeddable":true,"href":"https:\/\/oldpatriarcatovenezia.glauco.it\/pastorale-giovanile\/wp-json\/wp\/v2\/users\/10"}],"replies":[{"embeddable":true,"href":"https:\/\/oldpatriarcatovenezia.glauco.it\/pastorale-giovanile\/wp-json\/wp\/v2\/comments?post=3511"}],"version-history":[{"count":3,"href":"https:\/\/oldpatriarcatovenezia.glauco.it\/pastorale-giovanile\/wp-json\/wp\/v2\/posts\/3511\/revisions"}],"predecessor-version":[{"id":3515,"href":"https:\/\/oldpatriarcatovenezia.glauco.it\/pastorale-giovanile\/wp-json\/wp\/v2\/posts\/3511\/revisions\/3515"}],"wp:featuredmedia":[{"embeddable":true,"href":"https:\/\/oldpatriarcatovenezia.glauco.it\/pastorale-giovanile\/wp-json\/wp\/v2\/media\/3512"}],"wp:attachment":[{"href":"https:\/\/oldpatriarcatovenezia.glauco.it\/pastorale-giovanile\/wp-json\/wp\/v2\/media?parent=3511"}],"wp:term":[{"taxonomy":"category","embeddable":true,"href":"https:\/\/oldpatriarcatovenezia.glauco.it\/pastorale-giovanile\/wp-json\/wp\/v2\/categories?post=3511"},{"taxonomy":"post_tag","embeddable":true,"href":"https:\/\/oldpatriarcatovenezia.glauco.it\/pastorale-giovanile\/wp-json\/wp\/v2\/tags?post=3511"}],"curies":[{"name":"wp","href":"https:\/\/api.w.org\/{rel}","templated":true}]}}