{"id":3469,"date":"2021-11-23T15:51:56","date_gmt":"2021-11-23T14:51:56","guid":{"rendered":"https:\/\/www.patriarcatovenezia.it\/pastorale-giovanile\/?p=3469"},"modified":"2021-11-23T16:12:24","modified_gmt":"2021-11-23T15:12:24","slug":"le-parole-del-patriarca-al-pellegrinaggio","status":"publish","type":"post","link":"https:\/\/oldpatriarcatovenezia.glauco.it\/pastorale-giovanile\/2021\/11\/23\/le-parole-del-patriarca-al-pellegrinaggio\/","title":{"rendered":"Le parole del Patriarca al Pellegrinaggio"},"content":{"rendered":"<p><em><strong>Le parole del Patriarca al Pellegrinaggio dei giovani alla Madonna della Salute di sabato 20\/11\/2021<\/strong><\/em><\/p>\n<p>&nbsp;<\/p>\n<p>Siamo qui, potremmo essere da un&#8217;altra parte. Oltre a essere una nostra scelta, il pellegrinaggio \u00e8 anche sempre guidato dal Signore.<\/p>\n<p>Abbiamo ascoltato nel Vangelo di Luca come al termine del pellegrinaggio di Maria, che da Nazareth si reca nel villaggio di Ain Karim vicino a Gerusalemme per fare visita alla cugina Elisabetta, Nell&#8217;incontro entrambe sono superate da qualcosa che va oltre di loro. <em>A cosa debbo che la madre del mio Signore venga a me? Appena ho ascoltato la voce del tuo saluto il bimbo che porto in grembo ha sussultato.<\/em> Il Signore ci precede.<\/p>\n<p>Cari ragazzi, soprattutto quando si \u00e8 all&#8217;inizio della propria vita avere questa convinzione, questa certezza. Il nostro pellegrinaggio \u00e8 scandito da quella parola che Ges\u00f9 rivolge a Paolo: ti costituisco testimone di ci\u00f2 che hai visto.<\/p>\n<p>Chi era Paolo? Un uomo sicuro di s\u00e9, giovane. Si ritiene che Paolo sia nato intorno all&#8217;anno 10 dell&#8217;era cristiana. Quindi questo evento riguarda un uomo di 25 anni circa. Un uomo sicuro di s\u00e9, che sapeva tutto. Alla fine della vita Paolo ritorner\u00e0 a quell&#8217;evento che aveva cambiato la\u00a0sua vita scrivendo ai Filippesi: sono stato afferrato, sono stato rapito, sono stato portato oltre le mie sicurezze di quel momento. Io che ero ebreo della trib\u00f9 di Beniamino, circonciso l&#8217;ottavo giorno. Io, che ero ero secondo la legge fariseo. Io che andavo a Damasco per portare in catene coloro che erano diventati l&#8217;ossessione della mia vita. Ma l&#8217;ossessione della sua vita era un altro, era quel Ges\u00f9 che lo incontra e lo scardina in un istante.<\/p>\n<p>Ecco, cari ragazzi, noi dobbiamo pensare che al di l\u00e0 delle cose che vediamo, che tocchiamo della nostra agenda, dei nostri orari, dei nostri impegni, delle cose buone e belle che facciamo &#8211;\u00a0 e metto anche i momenti di incontro con gli altri, di divertimento &#8211; tutto concorre al bene per il cristiano. Per\u00f2 dobbiamo rimanere aperti anche a qualcosa che pu\u00f2 andare oltre le nostre convinzioni, le nostre legittime convinzioni.<\/p>\n<p>E allora mettiamo tra le presenze della nostra vita non solo il nostro io &#8211; quanto \u00e8 ingombrante il nostro io, quanto bene pu\u00f2 fare il nostro io, quanto male pu\u00f2 fare il nostro io &#8211; non mettiamo solo quelle presenze gradite o sgradite che affollano le nostre giornate, mettiamo anche\u00a0quella presenza che molte volte non scorgiamo perch\u00e9 non la lasciamo manifestare nella nostra vita.<\/p>\n<p>Questo camminare verso la Basilica di colei che \u00e8 stata la prima discepola del Signore, colei che \u00e8 stata motivo di gioia per Ges\u00f9, colei che \u00e8 stata motivo di gioia per il villaggio di Nazareth. Andiamo verso lei, la Servitrice e la Signora della gioia.<\/p>\n<p>Vogliamo essere felici ad ogni et\u00e0 della vita, quando si \u00e8 bambini in un modo, quando si adolescenti in un&#8217;altro, quando si adulti in un altro, quando si anziani si cerca ancora la gioia, la felicit\u00e0.<\/p>\n<p>Andiamo dalla Signora della gioia, la Servitrice della gioia, Colei che ci pu\u00f2 insegnare a essere felici. E Paolo ci ricorda col suo vocabolario un po&#8217; impegnativo &#8211; perch\u00e9 Paolo fosse stato il vostro viceparroco, il vostro parroco o il vostro compagno di cammino, si sarebbe posto come una persona molte volte scomoda &#8211; Paolo dice, scrivendo ai Romani: so che io vedo il bene, voglio il bene ma non riesco a farlo, so che io coi miei peccati alimento il male.<\/p>\n<p>Ma non mi devo fermare qui. Paolo dice che il\u00a0Signore Ges\u00f9 ci pu\u00f2 afferrare, ci pu\u00f2 portare oltre noi stessi. Iniziamo questo pellegrinaggio nel nome di Ges\u00f9. Pensate, in tutto il Nuovo Testamento (Vangeli, Lettere, Atti degli Apostoli, Apocalisse) il nome di Ges\u00f9 risuona 600 volte, 400 volte \u00e8 nei testi di Paolo, lui che dice &#8220;sono stato afferrato&#8221;, sono stato carpito, sono stato preso da colui che pensavo fosse il problema della mia vita.<\/p>\n<p>E torniamo a un tema molto importante: fintantoch\u00e9 Ges\u00f9 non \u00e8 la soluzione e la gioia della nostra vita, rimane un problema.<\/p>\n<p>Chiediamo a Paolo in questo pellegrinaggio che ci aiuti a riscoprire veramente quella presenza discreta e silenziosa che si chiama Ges\u00f9 di Nazareth, il nostro Salvatore.<\/p>\n<p><strong>Patriarca Francesco<\/strong><\/p>\n","protected":false},"excerpt":{"rendered":"<p>Le parole del Patriarca al Pellegrinaggio dei giovani alla Madonna della Salute di sabato 20\/11\/2021 &nbsp; Siamo qui, potremmo essere da un&#8217;altra parte. Oltre a essere una nostra scelta, il pellegrinaggio \u00e8 anche sempre guidato dal Signore. Abbiamo ascoltato nel Vangelo di Luca come al termine del pellegrinaggio di Maria, che da Nazareth si reca&#8230;  <a class=\"excerpt-read-more\" href=\"https:\/\/oldpatriarcatovenezia.glauco.it\/pastorale-giovanile\/2021\/11\/23\/le-parole-del-patriarca-al-pellegrinaggio\/\" title=\"Leggi Le parole del Patriarca al Pellegrinaggio\">&raquo; continua<\/a><\/p>\n","protected":false},"author":10,"featured_media":3470,"comment_status":"closed","ping_status":"closed","sticky":false,"template":"","format":"standard","meta":{"ip_address":"","user_agent":"","level":"","revision":"","cookie_id":"","page_referer":"","html_form":""},"categories":[306,307,1,108,311,312,110],"tags":[350,351,398,506,365,363,364],"acf":[],"_links":{"self":[{"href":"https:\/\/oldpatriarcatovenezia.glauco.it\/pastorale-giovanile\/wp-json\/wp\/v2\/posts\/3469"}],"collection":[{"href":"https:\/\/oldpatriarcatovenezia.glauco.it\/pastorale-giovanile\/wp-json\/wp\/v2\/posts"}],"about":[{"href":"https:\/\/oldpatriarcatovenezia.glauco.it\/pastorale-giovanile\/wp-json\/wp\/v2\/types\/post"}],"author":[{"embeddable":true,"href":"https:\/\/oldpatriarcatovenezia.glauco.it\/pastorale-giovanile\/wp-json\/wp\/v2\/users\/10"}],"replies":[{"embeddable":true,"href":"https:\/\/oldpatriarcatovenezia.glauco.it\/pastorale-giovanile\/wp-json\/wp\/v2\/comments?post=3469"}],"version-history":[{"count":2,"href":"https:\/\/oldpatriarcatovenezia.glauco.it\/pastorale-giovanile\/wp-json\/wp\/v2\/posts\/3469\/revisions"}],"predecessor-version":[{"id":3472,"href":"https:\/\/oldpatriarcatovenezia.glauco.it\/pastorale-giovanile\/wp-json\/wp\/v2\/posts\/3469\/revisions\/3472"}],"wp:featuredmedia":[{"embeddable":true,"href":"https:\/\/oldpatriarcatovenezia.glauco.it\/pastorale-giovanile\/wp-json\/wp\/v2\/media\/3470"}],"wp:attachment":[{"href":"https:\/\/oldpatriarcatovenezia.glauco.it\/pastorale-giovanile\/wp-json\/wp\/v2\/media?parent=3469"}],"wp:term":[{"taxonomy":"category","embeddable":true,"href":"https:\/\/oldpatriarcatovenezia.glauco.it\/pastorale-giovanile\/wp-json\/wp\/v2\/categories?post=3469"},{"taxonomy":"post_tag","embeddable":true,"href":"https:\/\/oldpatriarcatovenezia.glauco.it\/pastorale-giovanile\/wp-json\/wp\/v2\/tags?post=3469"}],"curies":[{"name":"wp","href":"https:\/\/api.w.org\/{rel}","templated":true}]}}