{"id":3443,"date":"2021-10-29T16:07:55","date_gmt":"2021-10-29T14:07:55","guid":{"rendered":"https:\/\/www.patriarcatovenezia.it\/pastorale-giovanile\/?p=3443"},"modified":"2021-10-29T16:07:55","modified_gmt":"2021-10-29T14:07:55","slug":"pellegrinaggio-salute-2021","status":"publish","type":"post","link":"https:\/\/oldpatriarcatovenezia.glauco.it\/pastorale-giovanile\/2021\/10\/29\/pellegrinaggio-salute-2021\/","title":{"rendered":"Pellegrinaggio Salute 2021"},"content":{"rendered":"<h3>Atteso e desiderato, torna quest&#8217;anno itinerante il nostro giovane Pellegrinaggio!!! <img loading=\"lazy\" src=\"https:\/\/www.facebook.com\/images\/emoji.php\/v9\/t6d\/1\/16\/1f973.png\" alt=\"\ud83e\udd73\" width=\"16\" height=\"16\" \/><\/h3>\n<h3>Pronti a solcare i passi della fede con Maria, Madonna della Salute? <img loading=\"lazy\" src=\"https:\/\/www.facebook.com\/images\/emoji.php\/v9\/t89\/1\/16\/1f463.png\" alt=\"\ud83d\udc63\" width=\"16\" height=\"16\" \/><img loading=\"lazy\" src=\"https:\/\/www.facebook.com\/images\/emoji.php\/v9\/t55\/1\/16\/1f607.png\" alt=\"\ud83d\ude07\" width=\"16\" height=\"16\" \/><\/h3>\n<h3>Il tema su cui rifletteremo durante la serata \u00e8 &#8220;Alzati! Ti costituisco testimone di quel che hai visto&#8221;: \u00e8 tratto dal cap. 26 degli Atti degli Apostoli ed \u00e8 il titolo del Messaggio di Papa Francesco per la XXXIV Giornata Mondiale della Giovent\u00f9. Messaggio molto bello, che vi invitiamo a leggere <img loading=\"lazy\" src=\"https:\/\/www.facebook.com\/images\/emoji.php\/v9\/t57\/1\/16\/1f609.png\" alt=\"\ud83d\ude09\" width=\"16\" height=\"16\" \/><img loading=\"lazy\" src=\"https:\/\/www.facebook.com\/images\/emoji.php\/v9\/tfc\/1\/16\/1f44d.png\" alt=\"\ud83d\udc4d\" width=\"16\" height=\"16\" \/><\/h3>\n<h3>Sar\u00e0 con noi il Patriarca Francesco, che ci offrir\u00e0 spunti preziosi di riflessione e preghiera, per essere autentici giovani testimoni, protagonisti nella Chiesa, e con lui ci affideremo a Maria <img loading=\"lazy\" src=\"https:\/\/www.facebook.com\/images\/emoji.php\/v9\/t6c\/1\/16\/1f4aa.png\" alt=\"\ud83d\udcaa\" width=\"16\" height=\"16\" \/><img loading=\"lazy\" src=\"https:\/\/www.facebook.com\/images\/emoji.php\/v9\/t6c\/1\/16\/2764.png\" alt=\"\u2764\ufe0f\" width=\"16\" height=\"16\" \/><\/h3>\n<h3>Ah, occhio <img loading=\"lazy\" src=\"https:\/\/www.facebook.com\/images\/emoji.php\/v9\/tc8\/1\/16\/1f440.png\" alt=\"\ud83d\udc40\" width=\"16\" height=\"16\" \/> che siamo gi\u00e0 in cammino per la GMG del 2023 in Portogallo!!! <img loading=\"lazy\" src=\"https:\/\/www.facebook.com\/images\/emoji.php\/v9\/te8\/1\/16\/1f1f5_1f1f9.png\" alt=\"\ud83c\uddf5\ud83c\uddf9\" width=\"16\" height=\"16\" \/><\/h3>\n<h3><\/h3>\n<h3><em><strong>Ricapitolando, ci vediamo:<\/strong><\/em><\/h3>\n<h3><img loading=\"lazy\" src=\"https:\/\/www.facebook.com\/images\/emoji.php\/v9\/t5c\/1\/16\/1f5d3.png\" alt=\"\ud83d\uddd3\" width=\"16\" height=\"16\" \/> Sabato 20 novembre 2021<\/h3>\n<h3><img loading=\"lazy\" src=\"https:\/\/www.facebook.com\/images\/emoji.php\/v9\/t2d\/1\/16\/1f4cd.png\" alt=\"\ud83d\udccd\" width=\"16\" height=\"16\" \/> Campo San Maurizio, Venezia<\/h3>\n<h3><img loading=\"lazy\" src=\"https:\/\/www.facebook.com\/images\/emoji.php\/v9\/tb5\/1\/16\/23f1.png\" alt=\"\u23f1\" width=\"16\" height=\"16\" \/> Ritrovo 18:15<\/h3>\n<h3><img loading=\"lazy\" src=\"https:\/\/www.facebook.com\/images\/emoji.php\/v9\/t89\/1\/16\/1f463.png\" alt=\"\ud83d\udc63\" width=\"16\" height=\"16\" \/> Passando per il ponte votivo, arriveremo alla Basilica della Salute<\/h3>\n<h3><img loading=\"lazy\" src=\"https:\/\/www.facebook.com\/images\/emoji.php\/v9\/t51\/1\/16\/1f449.png\" alt=\"\ud83d\udc49\" width=\"16\" height=\"16\" \/> Invito aperto a tutti<\/h3>\n<h3><img loading=\"lazy\" src=\"https:\/\/www.facebook.com\/images\/emoji.php\/v9\/tdc\/1\/16\/26a0.png\" alt=\"\u26a0\ufe0f\" width=\"16\" height=\"16\" \/> Osserveremo le vigenti disposizioni anti-Covid<\/h3>\n<h3><\/h3>\n<h3><a role=\"link\" href=\"https:\/\/www.facebook.com\/hashtag\/pellegrinaggio?__eep__=6&amp;__cft__[0]=AZUJD0BTUjReyLLD-xMvid8esZKflz3iNsGgH0TF-mSo9E3Vo_dK0rsj-OiXUKyY5uppjTDO5fX46f3apQsl-Sx_NT8Fqng7z5rLMqaKJ9GhAN9qPshawJrpZpjiQOlTNPC6cTun02XPwK4gxHVFm0I6ViwjB3gEfruB5wgudyp2oPKG3JuGQlTXmOcCxjSu0iY&amp;__tn__=*NK-R\" title=\"\">#pellegrinaggio<\/a> <a role=\"link\" href=\"https:\/\/www.facebook.com\/hashtag\/giovani?__eep__=6&amp;__cft__[0]=AZUJD0BTUjReyLLD-xMvid8esZKflz3iNsGgH0TF-mSo9E3Vo_dK0rsj-OiXUKyY5uppjTDO5fX46f3apQsl-Sx_NT8Fqng7z5rLMqaKJ9GhAN9qPshawJrpZpjiQOlTNPC6cTun02XPwK4gxHVFm0I6ViwjB3gEfruB5wgudyp2oPKG3JuGQlTXmOcCxjSu0iY&amp;__tn__=*NK-R\" title=\"\">#giovani<\/a> <a role=\"link\" href=\"https:\/\/www.facebook.com\/hashtag\/madonnadellasalute?__eep__=6&amp;__cft__[0]=AZUJD0BTUjReyLLD-xMvid8esZKflz3iNsGgH0TF-mSo9E3Vo_dK0rsj-OiXUKyY5uppjTDO5fX46f3apQsl-Sx_NT8Fqng7z5rLMqaKJ9GhAN9qPshawJrpZpjiQOlTNPC6cTun02XPwK4gxHVFm0I6ViwjB3gEfruB5wgudyp2oPKG3JuGQlTXmOcCxjSu0iY&amp;__tn__=*NK-R\" title=\"\">#madonnadellasalute<\/a> <a role=\"link\" href=\"https:\/\/www.facebook.com\/hashtag\/salute2021?__eep__=6&amp;__cft__[0]=AZUJD0BTUjReyLLD-xMvid8esZKflz3iNsGgH0TF-mSo9E3Vo_dK0rsj-OiXUKyY5uppjTDO5fX46f3apQsl-Sx_NT8Fqng7z5rLMqaKJ9GhAN9qPshawJrpZpjiQOlTNPC6cTun02XPwK4gxHVFm0I6ViwjB3gEfruB5wgudyp2oPKG3JuGQlTXmOcCxjSu0iY&amp;__tn__=*NK-R\" title=\"\">#salute2021<\/a> <a role=\"link\" href=\"https:\/\/www.facebook.com\/hashtag\/patriarcafrancesco?__eep__=6&amp;__cft__[0]=AZUJD0BTUjReyLLD-xMvid8esZKflz3iNsGgH0TF-mSo9E3Vo_dK0rsj-OiXUKyY5uppjTDO5fX46f3apQsl-Sx_NT8Fqng7z5rLMqaKJ9GhAN9qPshawJrpZpjiQOlTNPC6cTun02XPwK4gxHVFm0I6ViwjB3gEfruB5wgudyp2oPKG3JuGQlTXmOcCxjSu0iY&amp;__tn__=*NK-R\" title=\"\">#patriarcafrancesco<\/a> <a role=\"link\" href=\"https:\/\/www.facebook.com\/hashtag\/francescomoraglia?__eep__=6&amp;__cft__[0]=AZUJD0BTUjReyLLD-xMvid8esZKflz3iNsGgH0TF-mSo9E3Vo_dK0rsj-OiXUKyY5uppjTDO5fX46f3apQsl-Sx_NT8Fqng7z5rLMqaKJ9GhAN9qPshawJrpZpjiQOlTNPC6cTun02XPwK4gxHVFm0I6ViwjB3gEfruB5wgudyp2oPKG3JuGQlTXmOcCxjSu0iY&amp;__tn__=*NK-R\" title=\"\">#francescomoraglia<\/a> <a role=\"link\" href=\"https:\/\/www.facebook.com\/hashtag\/alzati?__eep__=6&amp;__cft__[0]=AZUJD0BTUjReyLLD-xMvid8esZKflz3iNsGgH0TF-mSo9E3Vo_dK0rsj-OiXUKyY5uppjTDO5fX46f3apQsl-Sx_NT8Fqng7z5rLMqaKJ9GhAN9qPshawJrpZpjiQOlTNPC6cTun02XPwK4gxHVFm0I6ViwjB3gEfruB5wgudyp2oPKG3JuGQlTXmOcCxjSu0iY&amp;__tn__=*NK-R\" title=\"\">#alzati<\/a> <a role=\"link\" href=\"https:\/\/www.facebook.com\/hashtag\/papafrancesco?__eep__=6&amp;__cft__[0]=AZUJD0BTUjReyLLD-xMvid8esZKflz3iNsGgH0TF-mSo9E3Vo_dK0rsj-OiXUKyY5uppjTDO5fX46f3apQsl-Sx_NT8Fqng7z5rLMqaKJ9GhAN9qPshawJrpZpjiQOlTNPC6cTun02XPwK4gxHVFm0I6ViwjB3gEfruB5wgudyp2oPKG3JuGQlTXmOcCxjSu0iY&amp;__tn__=*NK-R\" title=\"\">#papafrancesco<\/a> <a role=\"link\" href=\"https:\/\/www.facebook.com\/hashtag\/gmg2021?__eep__=6&amp;__cft__[0]=AZUJD0BTUjReyLLD-xMvid8esZKflz3iNsGgH0TF-mSo9E3Vo_dK0rsj-OiXUKyY5uppjTDO5fX46f3apQsl-Sx_NT8Fqng7z5rLMqaKJ9GhAN9qPshawJrpZpjiQOlTNPC6cTun02XPwK4gxHVFm0I6ViwjB3gEfruB5wgudyp2oPKG3JuGQlTXmOcCxjSu0iY&amp;__tn__=*NK-R\" title=\"\">#gmg2021<\/a> <a role=\"link\" href=\"https:\/\/www.facebook.com\/hashtag\/wyd2023lisbon?__eep__=6&amp;__cft__[0]=AZUJD0BTUjReyLLD-xMvid8esZKflz3iNsGgH0TF-mSo9E3Vo_dK0rsj-OiXUKyY5uppjTDO5fX46f3apQsl-Sx_NT8Fqng7z5rLMqaKJ9GhAN9qPshawJrpZpjiQOlTNPC6cTun02XPwK4gxHVFm0I6ViwjB3gEfruB5wgudyp2oPKG3JuGQlTXmOcCxjSu0iY&amp;__tn__=*NK-R\" title=\"\">#wyd2023lisbon<\/a><\/h3>\n<a href=\"https:\/\/www.patriarcatovenezia.it\/pastorale-giovanile\/wp-content\/uploads\/sites\/6\/2021\/10\/Pellegrinaggio_Salute_2021_PS1.png\" data-rel=\"lightbox-image-0\" data-rl_title=\"\" data-rl_caption=\"\" title=\"\"><img loading=\"lazy\" class=\"size-medium wp-image-3445 aligncenter\" src=\"https:\/\/www.patriarcatovenezia.it\/pastorale-giovanile\/wp-content\/uploads\/sites\/6\/2021\/10\/Pellegrinaggio_Salute_2021_PS1-300x300.png\" alt=\"\" width=\"300\" height=\"300\" srcset=\"https:\/\/oldpatriarcatovenezia.glauco.it\/pastorale-giovanile\/wp-content\/uploads\/sites\/6\/2021\/10\/Pellegrinaggio_Salute_2021_PS1-300x300.png 300w, https:\/\/oldpatriarcatovenezia.glauco.it\/pastorale-giovanile\/wp-content\/uploads\/sites\/6\/2021\/10\/Pellegrinaggio_Salute_2021_PS1-150x150.png 150w, https:\/\/oldpatriarcatovenezia.glauco.it\/pastorale-giovanile\/wp-content\/uploads\/sites\/6\/2021\/10\/Pellegrinaggio_Salute_2021_PS1-768x768.png 768w, https:\/\/oldpatriarcatovenezia.glauco.it\/pastorale-giovanile\/wp-content\/uploads\/sites\/6\/2021\/10\/Pellegrinaggio_Salute_2021_PS1-1024x1024.png 1024w, https:\/\/oldpatriarcatovenezia.glauco.it\/pastorale-giovanile\/wp-content\/uploads\/sites\/6\/2021\/10\/Pellegrinaggio_Salute_2021_PS1-200x200.png 200w, https:\/\/oldpatriarcatovenezia.glauco.it\/pastorale-giovanile\/wp-content\/uploads\/sites\/6\/2021\/10\/Pellegrinaggio_Salute_2021_PS1-280x280.png 280w, https:\/\/oldpatriarcatovenezia.glauco.it\/pastorale-giovanile\/wp-content\/uploads\/sites\/6\/2021\/10\/Pellegrinaggio_Salute_2021_PS1.png 1080w\" sizes=\"(max-width: 300px) 100vw, 300px\" \/><\/a> <a href=\"https:\/\/www.patriarcatovenezia.it\/pastorale-giovanile\/wp-content\/uploads\/sites\/6\/2021\/10\/Pellegrinaggio_Salute_2021_PS2.png\" data-rel=\"lightbox-image-1\" data-rl_title=\"\" data-rl_caption=\"\" title=\"\"><img loading=\"lazy\" class=\"size-medium wp-image-3446 aligncenter\" src=\"https:\/\/www.patriarcatovenezia.it\/pastorale-giovanile\/wp-content\/uploads\/sites\/6\/2021\/10\/Pellegrinaggio_Salute_2021_PS2-300x300.png\" alt=\"\" width=\"300\" height=\"300\" srcset=\"https:\/\/oldpatriarcatovenezia.glauco.it\/pastorale-giovanile\/wp-content\/uploads\/sites\/6\/2021\/10\/Pellegrinaggio_Salute_2021_PS2-300x300.png 300w, https:\/\/oldpatriarcatovenezia.glauco.it\/pastorale-giovanile\/wp-content\/uploads\/sites\/6\/2021\/10\/Pellegrinaggio_Salute_2021_PS2-150x150.png 150w, https:\/\/oldpatriarcatovenezia.glauco.it\/pastorale-giovanile\/wp-content\/uploads\/sites\/6\/2021\/10\/Pellegrinaggio_Salute_2021_PS2-768x768.png 768w, https:\/\/oldpatriarcatovenezia.glauco.it\/pastorale-giovanile\/wp-content\/uploads\/sites\/6\/2021\/10\/Pellegrinaggio_Salute_2021_PS2-1024x1024.png 1024w, https:\/\/oldpatriarcatovenezia.glauco.it\/pastorale-giovanile\/wp-content\/uploads\/sites\/6\/2021\/10\/Pellegrinaggio_Salute_2021_PS2-200x200.png 200w, https:\/\/oldpatriarcatovenezia.glauco.it\/pastorale-giovanile\/wp-content\/uploads\/sites\/6\/2021\/10\/Pellegrinaggio_Salute_2021_PS2-280x280.png 280w, https:\/\/oldpatriarcatovenezia.glauco.it\/pastorale-giovanile\/wp-content\/uploads\/sites\/6\/2021\/10\/Pellegrinaggio_Salute_2021_PS2.png 1080w\" sizes=\"(max-width: 300px) 100vw, 300px\" \/><\/a>\n","protected":false},"excerpt":{"rendered":"<p>Atteso e desiderato, torna quest&#8217;anno itinerante il nostro giovane Pellegrinaggio!!! Pronti a solcare i passi della fede con Maria, Madonna della Salute? Il tema su cui rifletteremo durante la serata \u00e8 &#8220;Alzati! Ti costituisco testimone di quel che hai visto&#8221;: \u00e8 tratto dal cap. 26 degli Atti degli Apostoli ed \u00e8 il titolo del Messaggio&#8230;  <a class=\"excerpt-read-more\" href=\"https:\/\/oldpatriarcatovenezia.glauco.it\/pastorale-giovanile\/2021\/10\/29\/pellegrinaggio-salute-2021\/\" title=\"Leggi Pellegrinaggio Salute 2021\">&raquo; continua<\/a><\/p>\n","protected":false},"author":10,"featured_media":3444,"comment_status":"closed","ping_status":"closed","sticky":false,"template":"","format":"standard","meta":{"ip_address":"","user_agent":"","level":"","revision":"","cookie_id":"","page_referer":"","html_form":""},"categories":[306,307,106,1,108,311,312,110],"tags":[560,368,528,543,363,364],"acf":[],"_links":{"self":[{"href":"https:\/\/oldpatriarcatovenezia.glauco.it\/pastorale-giovanile\/wp-json\/wp\/v2\/posts\/3443"}],"collection":[{"href":"https:\/\/oldpatriarcatovenezia.glauco.it\/pastorale-giovanile\/wp-json\/wp\/v2\/posts"}],"about":[{"href":"https:\/\/oldpatriarcatovenezia.glauco.it\/pastorale-giovanile\/wp-json\/wp\/v2\/types\/post"}],"author":[{"embeddable":true,"href":"https:\/\/oldpatriarcatovenezia.glauco.it\/pastorale-giovanile\/wp-json\/wp\/v2\/users\/10"}],"replies":[{"embeddable":true,"href":"https:\/\/oldpatriarcatovenezia.glauco.it\/pastorale-giovanile\/wp-json\/wp\/v2\/comments?post=3443"}],"version-history":[{"count":6,"href":"https:\/\/oldpatriarcatovenezia.glauco.it\/pastorale-giovanile\/wp-json\/wp\/v2\/posts\/3443\/revisions"}],"predecessor-version":[{"id":3452,"href":"https:\/\/oldpatriarcatovenezia.glauco.it\/pastorale-giovanile\/wp-json\/wp\/v2\/posts\/3443\/revisions\/3452"}],"wp:featuredmedia":[{"embeddable":true,"href":"https:\/\/oldpatriarcatovenezia.glauco.it\/pastorale-giovanile\/wp-json\/wp\/v2\/media\/3444"}],"wp:attachment":[{"href":"https:\/\/oldpatriarcatovenezia.glauco.it\/pastorale-giovanile\/wp-json\/wp\/v2\/media?parent=3443"}],"wp:term":[{"taxonomy":"category","embeddable":true,"href":"https:\/\/oldpatriarcatovenezia.glauco.it\/pastorale-giovanile\/wp-json\/wp\/v2\/categories?post=3443"},{"taxonomy":"post_tag","embeddable":true,"href":"https:\/\/oldpatriarcatovenezia.glauco.it\/pastorale-giovanile\/wp-json\/wp\/v2\/tags?post=3443"}],"curies":[{"name":"wp","href":"https:\/\/api.w.org\/{rel}","templated":true}]}}