{"id":3439,"date":"2021-10-01T10:48:28","date_gmt":"2021-10-01T08:48:28","guid":{"rendered":"https:\/\/www.patriarcatovenezia.it\/pastorale-giovanile\/?p=3439"},"modified":"2021-10-22T12:08:24","modified_gmt":"2021-10-22T10:08:24","slug":"seme-divento-il-sito","status":"publish","type":"post","link":"https:\/\/oldpatriarcatovenezia.glauco.it\/pastorale-giovanile\/2021\/10\/01\/seme-divento-il-sito\/","title":{"rendered":"Seme diVento: il sito"},"content":{"rendered":"<div id=\"pg-w577e0ca66d7f6-0\" class=\"panel-grid panel-no-style\">\n<div id=\"pgc-w577e0ca66d7f6-0-0\" class=\"panel-grid-cell\">\n<div id=\"panel-w577e0ca66d7f6-0-0-0\" class=\"so-panel widget widget_text panel-first-child panel-last-child\">\n<div class=\"textwidget\"><\/div>\n<\/div>\n<\/div>\n<\/div>\n<div id=\"pg-w577e0ca66d7f6-1\" class=\"panel-grid panel-has-style\">\n<div class=\"row seed_content_tbt_single_article_wrapper panel-row-style panel-row-style-for-w577e0ca66d7f6-1\">\n<div id=\"pgc-w577e0ca66d7f6-1-0\" class=\"panel-grid-cell\">\n<div class=\"col-lg-3 panel-cell-style panel-cell-style-for-w577e0ca66d7f6-1-0\">\n<div id=\"panel-w577e0ca66d7f6-1-0-0\" class=\"so-panel widget widget_text panel-first-child panel-last-child\">\n<div class=\"textwidget\">\n<div class=\"seed_content_tbt_single_article_data\">\n<hr \/>\n<p>La follia del vangelo e (dunque) dei cristiani sta nel credere che la semina non \u00e8 mai un gesto calcolato: duemila anni fa si allargava il braccio per buttare il seme pi\u00f9 lontano possibile; oggi i macchinari \u201cappoggiano\u201d il seme dove deve andare. Ma non cambia nulla: ci\u00f2 che accadr\u00e0 nella terra sar\u00e0 un miracolo sempre imprevedibile.<\/p><\/div>\n<\/div>\n<\/div>\n<\/div>\n<\/div>\n<div id=\"pgc-w577e0ca66d7f6-1-1\" class=\"panel-grid-cell\">\n<div class=\"col-lg-9 cci-content-tbt-page-wrapper-content panel-cell-style panel-cell-style-for-w577e0ca66d7f6-1-1\">\n<div id=\"panel-w577e0ca66d7f6-1-1-0\" class=\"so-panel widget widget_text panel-first-child panel-last-child\">\n<div class=\"textwidget\">\n<p>Con la stessa fiducia parliamo di educazione degli adolescenti attraverso il progetto \u201cSeme divento\u201d, presentato la scorsa estate. Viviamo un tempo dove siamo costretti a lavorare in emergenza, ma soprattutto in un contesto dove niente pu\u00f2 continuare come se nulla fosse. Cos\u00ec \u00e8 l\u2019educazione e l\u2019accompagnamento dell\u2019adolescenza, terreno fertile e distratto e perci\u00f2 esigente di nuovi atteggiamenti.<\/p>\n<p>La sfida \u00e8 un po\u2019 folle: esce in un tempo fragile e incerto; un tempo di emergenza dove tutto sembrerebbe logico, fuorch\u00e9 imbarcarsi in nuove imprese. E poi lo stile del progetto: non un sussidio pronto all\u2019uso con una serie di istruzioni da applicare, ma un cammino dove educatori e adulti della comunit\u00e0 camminano insieme cercando di imparare come si fa.<br \/>\nNessuno (con gli adolescenti) nasce imparato e soprattutto essi non si prestano ad essere destinatari di iniziative precotte. Bisogna serrare le fila e condividere molto lavoro.<\/p>\n<p>\u00c8 online anche il sito\u00a0<strong><a href=\"http:\/\/www.semedivento.it\/\">www.semedivento.it<\/a><\/strong>. In esso c\u2019\u00e8 tutto il materiale complementare al cartaceo: il quaderno serve a far lavorare insieme gli educatori, il sito (pi\u00f9 agile e facilmente aggiornabile) offre i materiali di approfondimento che non potevano essere tutti pubblicati, anche perch\u00e9 essendo scaricabili, sono pi\u00f9 fruibili.<\/p>\n<p>L&#8217;obiettivo &#8211; e anche un po&#8217; la scommessa &#8211; \u00e8 quella di riunire dei gruppi attorno al sussidio e pensare nuovi percorsi che intreccino la catechesi, la pastorale giovanile, la famiglia. Solo dallo scambio possono venir fuori idee nuove, solo dal confronto si pu\u00f2 andare oltre le linee di un sussidio, immaginando concretamente ci\u00f2 che serve alla propria comunit\u00e0.<\/p>\n<p>[articolo di <a href=\"https:\/\/giovani.chiesacattolica.it\/seme-divento-il-sito\/\">giovani.chiesacattolica.it<\/a>]<\/p>\n<\/div>\n<\/div>\n<\/div>\n<\/div>\n<\/div>\n<\/div>\n","protected":false},"excerpt":{"rendered":"<p>La follia del vangelo e (dunque) dei cristiani sta nel credere che la semina non \u00e8 mai un gesto calcolato: duemila anni fa si allargava il braccio per buttare il seme pi\u00f9 lontano possibile; oggi i macchinari \u201cappoggiano\u201d il seme dove deve andare. Ma non cambia nulla: ci\u00f2 che accadr\u00e0 nella terra sar\u00e0 un miracolo&#8230;  <a class=\"excerpt-read-more\" href=\"https:\/\/oldpatriarcatovenezia.glauco.it\/pastorale-giovanile\/2021\/10\/01\/seme-divento-il-sito\/\" title=\"Leggi Seme diVento: il sito\">&raquo; continua<\/a><\/p>\n","protected":false},"author":10,"featured_media":3440,"comment_status":"closed","ping_status":"closed","sticky":false,"template":"","format":"standard","meta":{"ip_address":"","user_agent":"","level":"","revision":"","cookie_id":"","page_referer":"","html_form":""},"categories":[1],"tags":[589,587,462,588],"acf":[],"_links":{"self":[{"href":"https:\/\/oldpatriarcatovenezia.glauco.it\/pastorale-giovanile\/wp-json\/wp\/v2\/posts\/3439"}],"collection":[{"href":"https:\/\/oldpatriarcatovenezia.glauco.it\/pastorale-giovanile\/wp-json\/wp\/v2\/posts"}],"about":[{"href":"https:\/\/oldpatriarcatovenezia.glauco.it\/pastorale-giovanile\/wp-json\/wp\/v2\/types\/post"}],"author":[{"embeddable":true,"href":"https:\/\/oldpatriarcatovenezia.glauco.it\/pastorale-giovanile\/wp-json\/wp\/v2\/users\/10"}],"replies":[{"embeddable":true,"href":"https:\/\/oldpatriarcatovenezia.glauco.it\/pastorale-giovanile\/wp-json\/wp\/v2\/comments?post=3439"}],"version-history":[{"count":2,"href":"https:\/\/oldpatriarcatovenezia.glauco.it\/pastorale-giovanile\/wp-json\/wp\/v2\/posts\/3439\/revisions"}],"predecessor-version":[{"id":3442,"href":"https:\/\/oldpatriarcatovenezia.glauco.it\/pastorale-giovanile\/wp-json\/wp\/v2\/posts\/3439\/revisions\/3442"}],"wp:featuredmedia":[{"embeddable":true,"href":"https:\/\/oldpatriarcatovenezia.glauco.it\/pastorale-giovanile\/wp-json\/wp\/v2\/media\/3440"}],"wp:attachment":[{"href":"https:\/\/oldpatriarcatovenezia.glauco.it\/pastorale-giovanile\/wp-json\/wp\/v2\/media?parent=3439"}],"wp:term":[{"taxonomy":"category","embeddable":true,"href":"https:\/\/oldpatriarcatovenezia.glauco.it\/pastorale-giovanile\/wp-json\/wp\/v2\/categories?post=3439"},{"taxonomy":"post_tag","embeddable":true,"href":"https:\/\/oldpatriarcatovenezia.glauco.it\/pastorale-giovanile\/wp-json\/wp\/v2\/tags?post=3439"}],"curies":[{"name":"wp","href":"https:\/\/api.w.org\/{rel}","templated":true}]}}