{"id":3345,"date":"2021-02-11T10:11:31","date_gmt":"2021-02-11T09:11:31","guid":{"rendered":"https:\/\/www.patriarcatovenezia.it\/pastorale-giovanile\/?p=3345"},"modified":"2021-02-11T10:27:04","modified_gmt":"2021-02-11T09:27:04","slug":"iniziamo-insieme-la-quaresima","status":"publish","type":"post","link":"https:\/\/oldpatriarcatovenezia.glauco.it\/pastorale-giovanile\/2021\/02\/11\/iniziamo-insieme-la-quaresima\/","title":{"rendered":"Iniziamo insieme la Quaresima"},"content":{"rendered":"<p>Per iniziare insieme il cammino quaresimale vi invitiamo a partecipare alla <strong>S. Messa<\/strong> mercoled\u00ec <strong>17 febbraio<\/strong> alle <strong>18:30<\/strong> nella chiesa dei <strong>Tolentini<\/strong> a Venezia con gli amici della Pastorale Universitaria.<\/p>\n<blockquote><p><em><strong>Christus Vivit, nn. 119-123<\/strong><\/em><\/p>\n<p>Quel Cristo che ci ha salvato sulla croce dai nostri peccati, con lo stesso potere del suo totale dono di s\u00e9 continua a salvarci e redimerci oggi. Guarda la sua Croce, aggrappati a Lui, lasciati salvare, perch\u00e9 \u00abcoloro che si lasciano salvare da Lui sono liberati dal peccato, dalla tristezza, dal vuoto interiore, dall\u2019isolamento\u00bb.<a title=\"\" href=\"http:\/\/www.vatican.va\/content\/francesco\/it\/apost_exhortations\/documents\/papa-francesco_esortazione-ap_20190325_christus-vivit.html#_ftn65\" name=\"_ftnref65\">[65]<\/a>\u00a0E se pecchi e ti allontani, Egli di nuovo ti rialza con il potere della sua Croce. Non dimenticare mai che \u00abEgli perdona settanta volte sette. Torna a caricarci sulle sue spalle una volta dopo l\u2019altra. Nessuno potr\u00e0 toglierci la dignit\u00e0 che ci conferisce questo amore infinito e incrollabile. Egli ci permette di alzare la testa e ricominciare, con una tenerezza che mai ci delude e che sempre pu\u00f2 restituirci la gioia\u00bb.<a title=\"\" href=\"http:\/\/www.vatican.va\/content\/francesco\/it\/apost_exhortations\/documents\/papa-francesco_esortazione-ap_20190325_christus-vivit.html#_ftn66\" name=\"_ftnref66\">[66]<\/a><\/p>\n<p>120. Noi \u00absiamo salvati da Ges\u00f9: perch\u00e9 ci ama e non pu\u00f2 farne a meno. Possiamo fargli qualunque cosa, ma Lui ci ama, e ci salva. Perch\u00e9 solo quello che si ama pu\u00f2 essere salvato. Solo quello che si abbraccia pu\u00f2 essere trasformato. L\u2019amore del Signore \u00e8 pi\u00f9 grande di tutte le nostre contraddizioni, di tutte le nostre fragilit\u00e0 e di tutte le nostre meschinit\u00e0. Ma \u00e8 precisamente attraverso le nostre contraddizioni, fragilit\u00e0 e meschinit\u00e0 che Lui vuole scrivere questa storia d\u2019amore. Ha abbracciato il figlio prodigo, ha abbracciato Pietro dopo i suoi rinnegamenti e ci abbraccia sempre, sempre, sempre dopo le nostre cadute aiutandoci ad alzarci e a rimetterci in piedi. Perch\u00e9 la vera caduta \u2013 attenzione a questo \u2013\u00a0la vera caduta, quella che pu\u00f2 rovinarci la vita, \u00e8 rimanere a terra e non lasciarsi aiutare\u00bb.<a title=\"\" href=\"http:\/\/www.vatican.va\/content\/francesco\/it\/apost_exhortations\/documents\/papa-francesco_esortazione-ap_20190325_christus-vivit.html#_ftn67\" name=\"_ftnref67\">[67]<\/a><\/p>\n<p>121. Il suo perdono e la sua salvezza non sono qualcosa che abbiamo comprato o che dovremmo acquisire con le nostre opere o i nostri sforzi. Egli ci perdona e ci libera gratuitamente. Il suo donarsi sulla croce \u00e8 qualcosa di cos\u00ec grande che noi non possiamo n\u00e9 dobbiamo pagarlo, dobbiamo soltanto accoglierlo con immensa gratitudine e con la gioia di essere amati cos\u00ec tanto prima di poterlo immaginare: \u00abegli ci ha amati per primo\u00bb (<i>1<\/i>\u00a0<i>Gv<\/i>\u00a04,19).<\/p>\n<p>122. Giovani amati dal Signore, quanto valete voi se siete stati redenti dal sangue prezioso di Cristo! Cari giovani, voi \u00abnon avete prezzo! Non siete pezzi da vendere all\u2019asta! Per favore, non lasciatevi comprare, non lasciatevi sedurre, non lasciatevi schiavizzare dalle colonizzazioni ideologiche che ci mettono strane idee in testa e alla fine diventiamo schiavi, dipendenti, falliti nella vita. Voi non avete prezzo: dovete sempre ripetervelo: non sono all\u2019asta, non ho prezzo. Sono libero, sono libero! Innamoratevi di questa libert\u00e0, che \u00e8 quella che offre Ges\u00f9\u00bb.<a title=\"\" href=\"http:\/\/www.vatican.va\/content\/francesco\/it\/apost_exhortations\/documents\/papa-francesco_esortazione-ap_20190325_christus-vivit.html#_ftn68\" name=\"_ftnref68\">[68]<\/a><\/p>\n<p>123. Guarda le braccia aperte di Cristo crocifisso, lasciati salvare sempre nuovamente. E quando ti avvicini per confessare i tuoi peccati, credi fermamente nella sua misericordia che ti libera dalla colpa. Contempla il suo sangue versato con tanto affetto e lasciati purificare da esso. Cos\u00ec potrai rinascere sempre di nuovo.<\/p><\/blockquote>\n","protected":false},"excerpt":{"rendered":"<p>Per iniziare insieme il cammino quaresimale vi invitiamo a partecipare alla S. Messa mercoled\u00ec 17 febbraio alle 18:30 nella chiesa dei Tolentini a Venezia con gli amici della Pastorale Universitaria. Christus Vivit, nn. 119-123 Quel Cristo che ci ha salvato sulla croce dai nostri peccati, con lo stesso potere del suo totale dono di s\u00e9&#8230;  <a class=\"excerpt-read-more\" href=\"https:\/\/oldpatriarcatovenezia.glauco.it\/pastorale-giovanile\/2021\/02\/11\/iniziamo-insieme-la-quaresima\/\" title=\"Leggi Iniziamo insieme la Quaresima\">&raquo; continua<\/a><\/p>\n","protected":false},"author":10,"featured_media":3346,"comment_status":"closed","ping_status":"closed","sticky":false,"template":"","format":"standard","meta":{"ip_address":"","user_agent":"","level":"","revision":"","cookie_id":"","page_referer":"","html_form":""},"categories":[1],"tags":[557,555,558,351,380,556,379,463,498,511,361],"acf":[],"_links":{"self":[{"href":"https:\/\/oldpatriarcatovenezia.glauco.it\/pastorale-giovanile\/wp-json\/wp\/v2\/posts\/3345"}],"collection":[{"href":"https:\/\/oldpatriarcatovenezia.glauco.it\/pastorale-giovanile\/wp-json\/wp\/v2\/posts"}],"about":[{"href":"https:\/\/oldpatriarcatovenezia.glauco.it\/pastorale-giovanile\/wp-json\/wp\/v2\/types\/post"}],"author":[{"embeddable":true,"href":"https:\/\/oldpatriarcatovenezia.glauco.it\/pastorale-giovanile\/wp-json\/wp\/v2\/users\/10"}],"replies":[{"embeddable":true,"href":"https:\/\/oldpatriarcatovenezia.glauco.it\/pastorale-giovanile\/wp-json\/wp\/v2\/comments?post=3345"}],"version-history":[{"count":1,"href":"https:\/\/oldpatriarcatovenezia.glauco.it\/pastorale-giovanile\/wp-json\/wp\/v2\/posts\/3345\/revisions"}],"predecessor-version":[{"id":3347,"href":"https:\/\/oldpatriarcatovenezia.glauco.it\/pastorale-giovanile\/wp-json\/wp\/v2\/posts\/3345\/revisions\/3347"}],"wp:featuredmedia":[{"embeddable":true,"href":"https:\/\/oldpatriarcatovenezia.glauco.it\/pastorale-giovanile\/wp-json\/wp\/v2\/media\/3346"}],"wp:attachment":[{"href":"https:\/\/oldpatriarcatovenezia.glauco.it\/pastorale-giovanile\/wp-json\/wp\/v2\/media?parent=3345"}],"wp:term":[{"taxonomy":"category","embeddable":true,"href":"https:\/\/oldpatriarcatovenezia.glauco.it\/pastorale-giovanile\/wp-json\/wp\/v2\/categories?post=3345"},{"taxonomy":"post_tag","embeddable":true,"href":"https:\/\/oldpatriarcatovenezia.glauco.it\/pastorale-giovanile\/wp-json\/wp\/v2\/tags?post=3345"}],"curies":[{"name":"wp","href":"https:\/\/api.w.org\/{rel}","templated":true}]}}