{"id":3280,"date":"2020-10-22T13:07:12","date_gmt":"2020-10-22T11:07:12","guid":{"rendered":"https:\/\/www.patriarcatovenezia.it\/pastorale-giovanile\/?p=3280"},"modified":"2020-10-22T13:08:16","modified_gmt":"2020-10-22T11:08:16","slug":"sbarcare-e-navigare-in-internet-senza-affogare","status":"publish","type":"post","link":"https:\/\/oldpatriarcatovenezia.glauco.it\/pastorale-giovanile\/2020\/10\/22\/sbarcare-e-navigare-in-internet-senza-affogare\/","title":{"rendered":"Sbarcare e navigare in internet&#8230;senza affogare!"},"content":{"rendered":"<hr \/>\n<h4><em><strong>L&#8217;oratorio \u00e8 \u00ablo strumento che la comunit\u00e0 cristiana utilizza per l\u2019educazione delle giovani generazioni. L\u2019oratorio \u00e8 casa della comunit\u00e0. Lo ha detto don Michele Falabretti in una sua intervista con Famiglia Cristiana.<\/strong><\/em><\/h4>\n<p>[Articolo di <a href=\"https:\/\/giovani.chiesacattolica.it\/e-venuto-il-tempo-di-sbarcare-in-internet\/\">giovani.chiesacattolica.it<\/a>]<\/p>\n<p>L\u2019oratorio per lui \u00e8 molte cose. L\u2019ha vissuto e lo vive in tanti modi da diversi anni, e dal 2012 \u00e8 responsabile della Pastorale giovanile della Cei. Se si sofferma a pensarci don Michele Falabretti, 52 anni, lo vede come \u00ablo strumento che la comunit\u00e0 cristiana utilizza per l\u2019educazione delle giovani generazioni. L\u2019oratorio \u00e8 casa della comunit\u00e0 dove attraverso le relazioni e le esperienze, anche tra generazioni diverse, l\u2019attenzione alla crescita dei ragazzi \u00e8\u00a0finalit\u00e0 principale\u00bb.<\/p>\n<p><strong>Con che spirito riaprono gli oratori feriali?<\/strong><br \/>\n\u00abL\u2019oratorio \u00e8 nato ed \u00e8 cresciuto in contesti di emergenza: penso a san Filippo Neri e ai suoi ragazzi sbandati; a don Giovanni Bosco e ai suoi giovani per strada. Non possiamo sognare una realt\u00e0 immersa nel mondo delle \u00a0fiabe. Anche l\u2019oratorio ha preso sberle come tutti, ma \u00e8 proprio perch\u00e9 ci sono dei bisogni che deve sentire di avere un compito pi\u00f9 necessario oggi di sei mesi fa\u00bb.<\/p>\n<p><strong>Quali sono le parole chiave di questo 2020?<\/strong><br \/>\n\u00abHo sentito un intervento della filolosofa e pedagogista Luigina Mortari: la definizione migliore \u00e8 di un \u201ctempo della cura\u201d. Questa emergenza sanitaria, dai risvolti economici, che fa nascere speranze verso la scienza e la tecnologia (il vaccino), sta scavando nei cuori, nelle coscienze generando problemi nell\u2019animo. Anche nei pi\u00f9 piccoli, preservati dalla morte ma esposti a conseguenze sul lungo periodo. Tutto ci\u00f2 richiede cura. E l\u2019oratorio pu\u00f2 offrire un grande servizio\u00bb.<\/p>\n<p><strong><br \/>\nQuali indicazioni anti-Covid avete dato?<\/strong><br \/>\n\u00abAbbiamo toccato con mano la realt\u00e0 di un Paese dove Governo centrale e autonomie regionali legiferano sulla stessa materia in modo diverso. Ecco perch\u00e9 non \u00e8 possibile un protocollo nazionale. Distanziamento, mascherina, segnaletica e misurazione della temperatura sono indicazioni che valgono anche per noi. Capiremo con il passare dei giorni e delle settimane come potr\u00e0 evolvere la situazione. Le attivit\u00e0 appartengono invece alla creativit\u00e0 dei singoli\u00bb. Ci sono oratori che non hanno mai chiuso in estate.<\/p>\n<p><strong>Cos\u2019hanno insegnato questi mesi?<\/strong><br \/>\n\u00abAlcune cose fondamentali. Il rapporto con il territorio: abbiamo capito che l\u2019alleanza con lo stesso e il confronto con le norme non significa perdere qualcosa, ma rafforzare un legame che aiuta a superare i problemi e farsi conoscere di pi\u00f9. Entrare nella societ\u00e0 ci permette di dirci in modo pi\u00f9 forte\u00bb.<\/p>\n<p><strong>Poi?<\/strong><br \/>\n\u00abChe bisogna avere il coraggio di non restare imprigionati nella nostalgia delle cose com\u2019erano. I servizi che venivano affidati all\u2019oratorio (doposcuola, compiti, laboratori espressivi, estate ragazzi) vanno ripensati perch\u00e9, pur essendo una risorsa, servono competenze pi\u00f9 alte. Un tempo risolveva tutto il prete da solo. Ora no. Perch\u00e9 non ha il tempo di fare tutto (ha pi\u00f9 comunit\u00e0) e<br \/>\nperch\u00e9 non ha tutte le competenze. Ragionare con il Comune e il Terzo settore \u00e8 capire che ci sono situazioni specifiche problematiche che chiedono di fare squadra\u00bb.<\/p>\n<p><strong>C\u2019\u00e8 un fronte, infine, che richiede grande impegno.<\/strong><br \/>\n\u00abIl digitale, l\u00ec siamo indietro. La pandemia ci ha dimostrato che la Chiesa usa la Rete come strumento, penso alle Messe in streaming. Dobbiamo capire che il Web \u00e8 un mondo e come tale va abitato<br \/>\ne fatto abitare\u00bb.<\/p>\n<p>&nbsp;<\/p>\n<p>(di Chiara Pelizzoni, @Famiglia Cristiana 42\/2020)<\/p>\n<hr \/>\n<h4><em><strong>10 consigli dedicati alle famiglie, ai loro figli, alle scuole e alle comunit\u00e0, per navigare senza affogare nell\u2019era di internet, attraverso il genere divertente e colorato del fumetto.<\/strong><\/em><\/h4>\n<p>[Articolo di <a href=\"https:\/\/giovani.chiesacattolica.it\/weca-guida-al-web-2020\/\">giovani.chiesacattolica.it<\/a>]<\/p>\n<div>L\u2019Associazione dei Webmaster Cattolici Italiani (WeCa), da sempre impegnata in difesa e a tutela dei\u00a0<strong>minori,\u00a0<\/strong>ha pubblicato la versione,\u00a0<strong>rinnovata nei colori e nel fumetto<\/strong>, della\u00a0<strong>Guida al Web<\/strong>\u00a0dedicata alle famiglie, ai loro figli, alle scuole e alle comunit\u00e0: 10 consigli \u2018positivi\u2019.<\/div>\n<div>Internet e le nuove tecnologie possono essere importanti per la crescita e la formazione della persona, e questa Guida parla ai pi\u00f9 piccoli ma soprattutto ai loro genitori.\u00a0Sono infatti gli adulti a dover fare i conti con una realt\u00e0 che magari trascurano perch\u00e9 la si conosce poco.<\/div>\n<div>La Guida racconta come rapportarsi al web, per apprezzare e scoprire le qualit\u00e0 di internet, per crescere ed apprendere insieme ai genitori, per vivere meglio e cogliere con questa guida un\u2019occasione in pi\u00f9 per dialogare insieme.<\/div>\n<p>Per saperne di pi\u00f9 su questo\u00a0<strong><a href=\"https:\/\/www.weca.it\/guida-al-web-edizione-2020\/\" target=\"_blank\" rel=\"noopener noreferrer\">fumetto<\/a><\/strong>, per riceverne copia ed altro materiale per la tua famiglia, per discuterne a scuola o per diffonderlo nella tua comunit\u00e0, contattaci! Per scoprire questa e le altre iniziative dell\u2019<strong><a href=\"https:\/\/www.weca.it\/guida-al-web-edizione-2020\/\" target=\"_blank\" rel=\"noopener noreferrer\">Associazione dei Webmaster Cattolici Italiani (WeCa)<\/a>\u00a0<\/strong>visita il sito o chiama il numero verde.<br \/>\nSe lo desideri puoi unirti alla prima associazione del mondo cattolico del web e aderire alle proposte di formazione.<\/p>\n<p>&nbsp;<\/p>\n<p><strong><a href=\"https:\/\/www.weca.it\/wp-content\/uploads\/2020\/10\/weca_decalogo_2020.pdf\">SCARICA LA GUIDA: 10 CONSIGLI PER NAVIGARE SENZA AFFOGARE NELL&#8217;ERA DI INTERNET &#8211; ED. 2020<\/a><\/strong><\/p>\n<p>&nbsp;<\/p>\n<hr \/>\n<p>&nbsp;<\/p>\n","protected":false},"excerpt":{"rendered":"<p>L&#8217;oratorio \u00e8 \u00ablo strumento che la comunit\u00e0 cristiana utilizza per l\u2019educazione delle giovani generazioni. L\u2019oratorio \u00e8 casa della comunit\u00e0. Lo ha detto don Michele Falabretti in una sua intervista con Famiglia Cristiana. [Articolo di giovani.chiesacattolica.it] L\u2019oratorio per lui \u00e8 molte cose. L\u2019ha vissuto e lo vive in tanti modi da diversi anni, e dal 2012&#8230;  <a class=\"excerpt-read-more\" href=\"https:\/\/oldpatriarcatovenezia.glauco.it\/pastorale-giovanile\/2020\/10\/22\/sbarcare-e-navigare-in-internet-senza-affogare\/\" title=\"Leggi Sbarcare e navigare in internet&#8230;senza affogare!\">&raquo; continua<\/a><\/p>\n","protected":false},"author":10,"featured_media":3281,"comment_status":"closed","ping_status":"closed","sticky":false,"template":"","format":"standard","meta":{"ip_address":"","user_agent":"","level":"","revision":"","cookie_id":"","page_referer":"","html_form":""},"categories":[306,307,1],"tags":[531,530,529,491],"acf":[],"_links":{"self":[{"href":"https:\/\/oldpatriarcatovenezia.glauco.it\/pastorale-giovanile\/wp-json\/wp\/v2\/posts\/3280"}],"collection":[{"href":"https:\/\/oldpatriarcatovenezia.glauco.it\/pastorale-giovanile\/wp-json\/wp\/v2\/posts"}],"about":[{"href":"https:\/\/oldpatriarcatovenezia.glauco.it\/pastorale-giovanile\/wp-json\/wp\/v2\/types\/post"}],"author":[{"embeddable":true,"href":"https:\/\/oldpatriarcatovenezia.glauco.it\/pastorale-giovanile\/wp-json\/wp\/v2\/users\/10"}],"replies":[{"embeddable":true,"href":"https:\/\/oldpatriarcatovenezia.glauco.it\/pastorale-giovanile\/wp-json\/wp\/v2\/comments?post=3280"}],"version-history":[{"count":2,"href":"https:\/\/oldpatriarcatovenezia.glauco.it\/pastorale-giovanile\/wp-json\/wp\/v2\/posts\/3280\/revisions"}],"predecessor-version":[{"id":3283,"href":"https:\/\/oldpatriarcatovenezia.glauco.it\/pastorale-giovanile\/wp-json\/wp\/v2\/posts\/3280\/revisions\/3283"}],"wp:featuredmedia":[{"embeddable":true,"href":"https:\/\/oldpatriarcatovenezia.glauco.it\/pastorale-giovanile\/wp-json\/wp\/v2\/media\/3281"}],"wp:attachment":[{"href":"https:\/\/oldpatriarcatovenezia.glauco.it\/pastorale-giovanile\/wp-json\/wp\/v2\/media?parent=3280"}],"wp:term":[{"taxonomy":"category","embeddable":true,"href":"https:\/\/oldpatriarcatovenezia.glauco.it\/pastorale-giovanile\/wp-json\/wp\/v2\/categories?post=3280"},{"taxonomy":"post_tag","embeddable":true,"href":"https:\/\/oldpatriarcatovenezia.glauco.it\/pastorale-giovanile\/wp-json\/wp\/v2\/tags?post=3280"}],"curies":[{"name":"wp","href":"https:\/\/api.w.org\/{rel}","templated":true}]}}