{"id":3211,"date":"2020-10-06T11:55:15","date_gmt":"2020-10-06T09:55:15","guid":{"rendered":"https:\/\/www.patriarcatovenezia.it\/pastorale-giovanile\/?p=3211"},"modified":"2020-10-06T11:55:15","modified_gmt":"2020-10-06T09:55:15","slug":"dobbiamo-vivere-questo-momento-di-difficolta-come-momento-di-crescita","status":"publish","type":"post","link":"https:\/\/oldpatriarcatovenezia.glauco.it\/pastorale-giovanile\/2020\/10\/06\/dobbiamo-vivere-questo-momento-di-difficolta-come-momento-di-crescita\/","title":{"rendered":"\u00abDobbiamo vivere questo momento di difficolt\u00e0 come momento di crescita"},"content":{"rendered":"<div class=\"kvgmc6g5 cxmmr5t8 oygrvhab hcukyx3x c1et5uql ii04i59q\">\n<p dir=\"auto\">Non \u00e8 la prima volta che mi ritrovo un po&#8217; &#8220;per caso&#8221; a partecipare al Mandato dei Catechisti, questa volta in veste di rappresentanza della Pastorale Giovanile; da qualche mese, infatti, con un gruppetto di altri giovani provenienti dal Vicariato di Mestre, ci troviamo con semplicit\u00e0 per raccontarci la vita nelle rispettive Parrocchie e confrontarci sulle proposte pastorali.<\/p>\n<p dir=\"auto\">Difficolt\u00e0. Incertezza. Spaesamento. Questi sono i sentimenti che caratterizzano l&#8217;inizio di questo anno pastorale; aspetti ripresi anche dal Patriarca in apertura. Gi\u00e0. In apertura, perch\u00e9 la speranza ci chiama ad Altro; a non soffermarci in superficie, ma, per riprendere le parole del Patriarca, a vivere questo momento come opportunit\u00e0 di crescita e, aggiungo io, alla luce della verit\u00e0 che la pandemia ha messo in risalto.<\/p>\n<p dir=\"auto\">Ce lo ricorda bene la Lettura degli Atti degli Apostoli proposta. La dispersione causata dalle persecuzioni diventa occasione affinch\u00e9 il seme della Parola si disperda in regioni nuove.<\/p>\n<p dir=\"auto\">Allora, per riprendere ancora una volta le parole del Patriarca, la Parola si fa partecipe nella storia. E questo avviene in continuazione.<\/p>\n<p dir=\"auto\">Non attraverso eventi eclatanti, ma a partire dalla storia di ciascuno, dalla mia storia, senza che nulla, ma proprio nulla, di questa vada perduto.<\/p>\n<p dir=\"auto\">Senza che nulla della mia, della nostra storia, sia sotto lo sguardo d&#8217;Amore del Signore che di tutto si prende cura e benedice, compreso quel poco (l&#8217;orcio d&#8217;olio e la giara di farina) che a volte sentiamo di possedere &#8230;una grandezza ai Suoi occhi.<\/p>\n<p dir=\"auto\">In questo senso inviata. Inviata perch\u00e9 ancor prima Amata e per questo, ancora prima che Cristo, chiamata a testimoniare il Suo Amore, con tutta la limitatezza del mio cammino umano perch\u00e9 l&#8217;Amore umano sar\u00e0 sempre un po&#8217; imperfetto, l\u00ec dove sono stata posta: in famiglia, in ufficio, al pub con gli amici, in associazione &#8230;ovunque diviene luogo teologico, abitato da Lui che \u00e8 la Bellezza che restituisce senso al mio quotidiano.<\/p>\n<p dir=\"auto\"><em><strong>Grazie, Claudia, per la tua testimonianza e per aver portato con te nel cuore tutti gli educatori durante il Mandato!<\/strong><\/em><\/p>\n<\/div>\n","protected":false},"excerpt":{"rendered":"<p>Non \u00e8 la prima volta che mi ritrovo un po&#8217; &#8220;per caso&#8221; a partecipare al Mandato dei Catechisti, questa volta in veste di rappresentanza della Pastorale Giovanile; da qualche mese, infatti, con un gruppetto di altri giovani provenienti dal Vicariato di Mestre, ci troviamo con semplicit\u00e0 per raccontarci la vita nelle rispettive Parrocchie e confrontarci&#8230;  <a class=\"excerpt-read-more\" href=\"https:\/\/oldpatriarcatovenezia.glauco.it\/pastorale-giovanile\/2020\/10\/06\/dobbiamo-vivere-questo-momento-di-difficolta-come-momento-di-crescita\/\" title=\"Leggi \u00abDobbiamo vivere questo momento di difficolt\u00e0 come momento di crescita\">&raquo; continua<\/a><\/p>\n","protected":false},"author":10,"featured_media":3212,"comment_status":"closed","ping_status":"closed","sticky":false,"template":"","format":"standard","meta":{"ip_address":"","user_agent":"","level":"","revision":"","cookie_id":"","page_referer":"","html_form":""},"categories":[88,1,311,334],"tags":[510,509,350,507,508,365,472,387],"acf":[],"_links":{"self":[{"href":"https:\/\/oldpatriarcatovenezia.glauco.it\/pastorale-giovanile\/wp-json\/wp\/v2\/posts\/3211"}],"collection":[{"href":"https:\/\/oldpatriarcatovenezia.glauco.it\/pastorale-giovanile\/wp-json\/wp\/v2\/posts"}],"about":[{"href":"https:\/\/oldpatriarcatovenezia.glauco.it\/pastorale-giovanile\/wp-json\/wp\/v2\/types\/post"}],"author":[{"embeddable":true,"href":"https:\/\/oldpatriarcatovenezia.glauco.it\/pastorale-giovanile\/wp-json\/wp\/v2\/users\/10"}],"replies":[{"embeddable":true,"href":"https:\/\/oldpatriarcatovenezia.glauco.it\/pastorale-giovanile\/wp-json\/wp\/v2\/comments?post=3211"}],"version-history":[{"count":1,"href":"https:\/\/oldpatriarcatovenezia.glauco.it\/pastorale-giovanile\/wp-json\/wp\/v2\/posts\/3211\/revisions"}],"predecessor-version":[{"id":3213,"href":"https:\/\/oldpatriarcatovenezia.glauco.it\/pastorale-giovanile\/wp-json\/wp\/v2\/posts\/3211\/revisions\/3213"}],"wp:featuredmedia":[{"embeddable":true,"href":"https:\/\/oldpatriarcatovenezia.glauco.it\/pastorale-giovanile\/wp-json\/wp\/v2\/media\/3212"}],"wp:attachment":[{"href":"https:\/\/oldpatriarcatovenezia.glauco.it\/pastorale-giovanile\/wp-json\/wp\/v2\/media?parent=3211"}],"wp:term":[{"taxonomy":"category","embeddable":true,"href":"https:\/\/oldpatriarcatovenezia.glauco.it\/pastorale-giovanile\/wp-json\/wp\/v2\/categories?post=3211"},{"taxonomy":"post_tag","embeddable":true,"href":"https:\/\/oldpatriarcatovenezia.glauco.it\/pastorale-giovanile\/wp-json\/wp\/v2\/tags?post=3211"}],"curies":[{"name":"wp","href":"https:\/\/api.w.org\/{rel}","templated":true}]}}