{"id":3111,"date":"2020-01-08T11:16:27","date_gmt":"2020-01-08T10:16:27","guid":{"rendered":"https:\/\/www.patriarcatovenezia.it\/pastorale-giovanile\/?p=3111"},"modified":"2020-01-08T11:30:43","modified_gmt":"2020-01-08T10:30:43","slug":"datevi-al-meglio-della-vita-chv-143","status":"publish","type":"post","link":"https:\/\/oldpatriarcatovenezia.glauco.it\/pastorale-giovanile\/2020\/01\/08\/datevi-al-meglio-della-vita-chv-143\/","title":{"rendered":"\u201cDatevi al meglio della vita\u201d (ChV 143)"},"content":{"rendered":"<div id=\"pgc-w577e0ca66d7f6-1-1\" class=\"panel-grid-cell\">\n<div class=\"col-lg-9 cci-content-tbt-page-wrapper-content panel-cell-style panel-cell-style-for-w577e0ca66d7f6-1-1\">\n<div id=\"panel-w577e0ca66d7f6-1-1-0\" class=\"so-panel widget widget_text panel-first-child panel-last-child\">\n<div class=\"textwidget\">\n<hr \/>\n<p>Domenica 3 Maggio 2020\u00a0 quarta Domenica di Pasqua, si celebra in tutto il mondo la 57\u00b0 Giornata Mondiale di Preghiera per le Vocazioni.\u00a0 L&#8217;Ufficio Nazionale per la pastorale delle vocazioni ha scelto come slogan:\u00a0<em>&#8220;Datevi al meglio della vita&#8221; (ChV 143) .\u00a0<\/em>Abbiamo preparato alcuni sussidi per l&#8217;animazione pastorale.<\/p>\n<hr \/>\n<p><img loading=\"lazy\" class=\"wp-image-93907 alignleft\" src=\"https:\/\/vocazioni.chiesacattolica.it\/wp-content\/uploads\/sites\/10\/2020\/01\/01\/sussidio-200x300.jpg\" alt=\"\" width=\"148\" height=\"222\" \/>SCEGLI LA VITA<\/p>\n<p>Tra vizi e virt\u00f9 \u00e8 una guida per accompagnare nella foresta del cuore, ricca di alberi verdi e rigogliosi che crescono insieme ad arbusti velenosi, alberi infestanti che non portano frutto. Un semplice strumento che vuole aiutare \u2013 in particolare i giovani e gli adolescenti \u2013 a coltivare il buon grano che c\u2019\u00e8 nella loro vita, per non occuparsi della zizzania (cf. Francesco, Evangelii gaudium, 24). Perch\u00e9 la vocazione \u00e8 un sentiero lungo tutta la vita, che sempre si snoda tra vizi e virt\u00f9.<\/p>\n<p>&nbsp;<\/p>\n<\/div>\n<\/div>\n<\/div>\n<\/div>\n<p>&nbsp;<\/p>\n<p>&nbsp;<\/p>\n<hr \/>\n<div id=\"pgc-w577e0ca66d7f6-1-1\" class=\"panel-grid-cell\">\n<div class=\"col-lg-9 cci-content-tbt-page-wrapper-content panel-cell-style panel-cell-style-for-w577e0ca66d7f6-1-1\">\n<div id=\"panel-w577e0ca66d7f6-1-1-0\" class=\"so-panel widget widget_text panel-first-child panel-last-child\">\n<div class=\"textwidget\">\n<img loading=\"lazy\" class=\"wp-image-93910 alignleft\" src=\"https:\/\/vocazioni.chiesacattolica.it\/wp-content\/uploads\/sites\/10\/2020\/01\/01\/liturgia-ore-300x298.jpg\" alt=\"\" width=\"182\" height=\"181\" \/>PREGHIAMO PER LE VOCAZIONI CON LA LITURGIA DELLE ORE<img loading=\"lazy\" class=\"wp-image-93876 alignright\" src=\"https:\/\/vocazioni.chiesacattolica.it\/wp-content\/uploads\/sites\/10\/2020\/01\/01\/liturgia-ore-225x300.jpg\" alt=\"\" width=\"125\" height=\"167\" \/>\n<p>Un agevole libretto di invocazioni e intercessioni vocazionali per la preghiera della Liturgia delle Ore. Un intenzione da accompagnare alle Lodi e ai Vespri di ogni giorno dell&#8217;anno liturgico e in alcune Giornate particolari. Uno strumento rivolto alle comunit\u00e0 di vita consacrata, ai monasteri, ai seminari, alle parrocchie e a chiunque si unisca quotidianamente alla preghiera della Chiesa.<\/p>\n<\/div>\n<\/div>\n<\/div>\n<\/div>\n<p>&nbsp;<\/p>\n<p>&nbsp;<\/p>\n<hr \/>\n<p>POSTER\/LOCANDINA<\/p>\n<div id=\"pgc-w577e0ca66d7f6-1-1\" class=\"panel-grid-cell\">\n<div class=\"col-lg-9 cci-content-tbt-page-wrapper-content panel-cell-style panel-cell-style-for-w577e0ca66d7f6-1-1\">\n<div id=\"panel-w577e0ca66d7f6-1-1-0\" class=\"so-panel widget widget_text panel-first-child panel-last-child\">\n<div class=\"textwidget\">\n<img loading=\"lazy\" class=\"wp-image-93912 alignleft\" src=\"https:\/\/vocazioni.chiesacattolica.it\/wp-content\/uploads\/sites\/10\/2020\/01\/01\/poster-300x279.jpg\" alt=\"\" width=\"201\" height=\"187\" \/>\n<p>Il tema proposto per l&#8217;anno pastorale evidenzia lo stretto legame tra vocazione e felicit\u00e0. Quando si parla di vita felice, spesso si immagina una vita tutta gioiosa senza problemi, senza pensieri. Talvolta anche la vocazione, la vita cristiana \u00e8 stata annunciata cos\u00ec, come se la vita nuova promessa dal Vangelo introducesse in una altra vita senza dolori, contraddizioni, fatiche. Il poster evidenzia un particolare dell&#8217;immagine e riporta la preghiera per la GMPV 2020. La locandina invece, riproduce solamente l&#8217;immagine e il tema scelto.<\/p>\n<p>&nbsp;<\/p>\n<\/div>\n<\/div>\n<\/div>\n<\/div>\n<p>&nbsp;<\/p>\n<p>&nbsp;<\/p>\n<div id=\"pgc-w577e0ca66d7f6-1-1\" class=\"panel-grid-cell\">\n<div class=\"col-lg-9 cci-content-tbt-page-wrapper-content panel-cell-style panel-cell-style-for-w577e0ca66d7f6-1-1\">\n<div id=\"panel-w577e0ca66d7f6-1-1-0\" class=\"so-panel widget widget_text panel-first-child panel-last-child\">\n<div class=\"textwidget\">\n<hr \/>\n<p><img loading=\"lazy\" class=\"wp-image-93914 alignleft\" src=\"https:\/\/vocazioni.chiesacattolica.it\/wp-content\/uploads\/sites\/10\/2020\/01\/01\/immaginetta-300x171.jpg\" alt=\"\" width=\"223\" height=\"127\" \/>IMMAGINETTA CON PREGHIERA<\/p>\n<p>L&#8217;immagne, che riproduce una tempera su cartoncino di Stefano Nava, \u00e8 estremamente ricca di riferimenti biblici nascosti nella scena. C&#8217;\u00e8 la casa di Zaccheo con il sicomoro, il fuoco di brace del Risorto, la brocca della Samaritana, e anche la preghiera \u00e8 ricca di citazioni di Christus vivit . E&#8217; uno strumento utile a tutti.<\/p>\n<\/div>\n<\/div>\n<\/div>\n<\/div>\n<p>&nbsp;<\/p>\n<div id=\"pgc-w577e0ca66d7f6-1-1\" class=\"panel-grid-cell\">\n<div class=\"col-lg-9 cci-content-tbt-page-wrapper-content panel-cell-style panel-cell-style-for-w577e0ca66d7f6-1-1\">\n<div id=\"panel-w577e0ca66d7f6-1-1-0\" class=\"so-panel widget widget_text panel-first-child panel-last-child\">\n<div class=\"textwidget\">\n<hr \/>\n<p>SUSSIDIO PER L&#8217;ANIMAZIONE PASTORALE<\/p>\n<img loading=\"lazy\" class=\" wp-image-93917 alignleft\" src=\"https:\/\/vocazioni.chiesacattolica.it\/wp-content\/uploads\/sites\/10\/2020\/01\/01\/animazione-pastorale-300x254.jpg\" alt=\"\" width=\"226\" height=\"191\" \/>\n<p>Si tratta di un pacchetto pensato apposta per l&#8217;animazione della GMPV del 3 maggio 2020. Si rivolge ai parroci, alle comunit\u00e0 di vita consacrata, ai monasteri, agli animatori. Contiene una copia dei sussidi presenti in questa scheda (escluso Scegli la vita e la locandina, ma ci sono il poster, una proposta di veglia di preghiera e un foglietto per la celebrazione eucaristica della IV Domenica di Pasqua) e un numero della Rivista Vocazoni. Con un piccolo contributo spese \u00e8 possibile spedire direttamente a domicilio ad una lista di indirizzi indicata.<\/p>\n<\/div>\n<\/div>\n<\/div>\n<\/div>\n<p>&nbsp;<\/p>\n<p>&nbsp;<\/p>\n<p>&nbsp;<\/p>\n<hr \/>\n<div id=\"pgc-w577e0ca66d7f6-1-1\" class=\"panel-grid-cell\">\n<div class=\"col-lg-9 cci-content-tbt-page-wrapper-content panel-cell-style panel-cell-style-for-w577e0ca66d7f6-1-1\">\n<div id=\"panel-w577e0ca66d7f6-1-1-0\" class=\"so-panel widget widget_text panel-first-child panel-last-child\">\n<div class=\"textwidget\">\n<img loading=\"lazy\" class=\"wp-image-93920 alignleft\" src=\"https:\/\/vocazioni.chiesacattolica.it\/wp-content\/uploads\/sites\/10\/2020\/01\/01\/5-passi-300x288.jpg\" alt=\"\" width=\"142\" height=\"136\" \/>SUSSIDIO 5 PASSI PER L&#8217;ACCOMPAGNAMENTO VOCAZIONALE<img loading=\"lazy\" class=\"wp-image-93892 alignright\" src=\"https:\/\/vocazioni.chiesacattolica.it\/wp-content\/uploads\/sites\/10\/2020\/01\/01\/5-passi-225x300.jpg\" alt=\"\" width=\"129\" height=\"171\" \/>\n<p>Lo strumento che offriamo \u00e8 una piccola guida che vuole servire da strumento per intuire\u00a0 e tracciare percorsi di accompagnamento vocazionale. &#8230;Cinque passi per accendere la ricerca di Dio e il desiderio di scoprire la propria vocazione. I contenuti sono sviluppati nel sussidio pubblicato lo scorso anno: &#8220;Come potrei capire se nesuno mi guida&#8221;.<\/p>\n<p>&nbsp;<\/p>\n<hr \/>\n<\/div>\n<\/div>\n<\/div>\n<\/div>\n<div id=\"pgc-w577e0ca66d7f6-1-2\" class=\"panel-grid-cell\">\n<div class=\"col-lg-12 seed_content_tbt_single_attachments panel-cell-style panel-cell-style-for-w577e0ca66d7f6-1-2\">\n<div id=\"panel-w577e0ca66d7f6-1-2-0\" class=\"so-panel widget widget_text panel-first-child panel-last-child\">\n<div class=\"textwidget\">\n<h3 class=\"wpba_attachment_list_title\"><strong>ALLEGATI<\/strong><\/h3>\n<ul>\n<li><strong><a title=\"\" href=\"https:\/\/vocazioni.chiesacattolica.it\/wp-content\/uploads\/sites\/10\/2020\/01\/01\/sussidio.jpg\" target=\"_blank\" rel=\"noopener noreferrer\" data-rel=\"lightbox-image-0\" data-rl_title=\"\" data-rl_caption=\"\">SUSSIDIO<\/a><\/strong><\/li>\n<li><strong><a title=\"\" href=\"https:\/\/vocazioni.chiesacattolica.it\/wp-content\/uploads\/sites\/10\/2020\/01\/01\/liturgia-ore.jpg\" target=\"_blank\" rel=\"noopener noreferrer\" data-rel=\"lightbox-image-1\" data-rl_title=\"\" data-rl_caption=\"\">LITURGIA ORE<\/a><\/strong><\/li>\n<li><strong><a title=\"\" href=\"https:\/\/vocazioni.chiesacattolica.it\/wp-content\/uploads\/sites\/10\/2020\/01\/01\/poster.jpg\" target=\"_blank\" rel=\"noopener noreferrer\" data-rel=\"lightbox-image-2\" data-rl_title=\"\" data-rl_caption=\"\">POSTER<\/a><\/strong><\/li>\n<li><strong><a title=\"\" href=\"https:\/\/vocazioni.chiesacattolica.it\/wp-content\/uploads\/sites\/10\/2020\/01\/01\/immaginetta.jpg\" target=\"_blank\" rel=\"noopener noreferrer\" data-rel=\"lightbox-image-3\" data-rl_title=\"\" data-rl_caption=\"\">IMMAGINETTA<\/a><\/strong><\/li>\n<li><strong><a title=\"\" href=\"https:\/\/vocazioni.chiesacattolica.it\/wp-content\/uploads\/sites\/10\/2020\/01\/01\/animazione-pastorale.jpg\" target=\"_blank\" rel=\"noopener noreferrer\" data-rel=\"lightbox-image-4\" data-rl_title=\"\" data-rl_caption=\"\">ANIMAZIONE PASTORALE<\/a><\/strong><\/li>\n<li><strong><a title=\"\" href=\"https:\/\/vocazioni.chiesacattolica.it\/wp-content\/uploads\/sites\/10\/2020\/01\/01\/5-passi.jpg\" target=\"_blank\" rel=\"noopener noreferrer\" data-rel=\"lightbox-image-5\" data-rl_title=\"\" data-rl_caption=\"\">5 PASSI<\/a><\/strong><\/li>\n<li><strong><a title=\"Tematica\" href=\"https:\/\/vocazioni.chiesacattolica.it\/wp-content\/uploads\/sites\/10\/2019\/09\/10\/Tematica-2020.pdf\" target=\"_blank\" rel=\"noopener noreferrer\">TEMATICA<\/a><\/strong><\/li>\n<li><strong><a title=\"Spiegazione immagine\" href=\"https:\/\/vocazioni.chiesacattolica.it\/wp-content\/uploads\/sites\/10\/2019\/09\/10\/immagine.pdf\" target=\"_blank\" rel=\"noopener noreferrer\">SPIEGAZIONE IMMAGINE<\/a><\/strong><\/li>\n<li><strong><a title=\"Scheda prenotazione sussidi\" href=\"https:\/\/vocazioni.chiesacattolica.it\/wp-content\/uploads\/sites\/10\/2020\/01\/01\/SCHEDA-PRENOTAZIONE-SUSSIDI_.pdf\" target=\"_blank\" rel=\"noopener noreferrer\">SCHEDA PRENOTAZIONE SUSSIDI<\/a><\/strong><\/li>\n<\/ul>\n<\/div>\n<p>&nbsp;<\/p>\n<div class=\"textwidget\">\n<p style=\"text-align: right\">[f<span style=\"text-align: right\">onte <\/span><a style=\"text-align: right\" href=\"https:\/\/vocazioni.chiesacattolica.it\/datevi-al-meglio-della-vita-cristus-vivit-143\/\">CNV<\/a><span style=\"text-align: right\">]<\/span><\/p>\n<\/div>\n<\/div>\n<\/div>\n<\/div>\n","protected":false},"excerpt":{"rendered":"<p>Domenica 3 Maggio 2020\u00a0 quarta Domenica di Pasqua, si celebra in tutto il mondo la 57\u00b0 Giornata Mondiale di Preghiera per le Vocazioni.\u00a0 L&#8217;Ufficio Nazionale per la pastorale delle vocazioni ha scelto come slogan:\u00a0&#8220;Datevi al meglio della vita&#8221; (ChV 143) .\u00a0Abbiamo preparato alcuni sussidi per l&#8217;animazione pastorale. SCEGLI LA VITA Tra vizi e virt\u00f9 \u00e8&#8230;  <a class=\"excerpt-read-more\" href=\"https:\/\/oldpatriarcatovenezia.glauco.it\/pastorale-giovanile\/2020\/01\/08\/datevi-al-meglio-della-vita-chv-143\/\" title=\"Leggi \u201cDatevi al meglio della vita\u201d (ChV 143)\">&raquo; continua<\/a><\/p>\n","protected":false},"author":10,"featured_media":3115,"comment_status":"closed","ping_status":"closed","sticky":false,"template":"","format":"standard","meta":{"ip_address":"","user_agent":"","level":"","revision":"","cookie_id":"","page_referer":"","html_form":""},"categories":[306,307,312,110],"tags":[448,449,450],"acf":[],"_links":{"self":[{"href":"https:\/\/oldpatriarcatovenezia.glauco.it\/pastorale-giovanile\/wp-json\/wp\/v2\/posts\/3111"}],"collection":[{"href":"https:\/\/oldpatriarcatovenezia.glauco.it\/pastorale-giovanile\/wp-json\/wp\/v2\/posts"}],"about":[{"href":"https:\/\/oldpatriarcatovenezia.glauco.it\/pastorale-giovanile\/wp-json\/wp\/v2\/types\/post"}],"author":[{"embeddable":true,"href":"https:\/\/oldpatriarcatovenezia.glauco.it\/pastorale-giovanile\/wp-json\/wp\/v2\/users\/10"}],"replies":[{"embeddable":true,"href":"https:\/\/oldpatriarcatovenezia.glauco.it\/pastorale-giovanile\/wp-json\/wp\/v2\/comments?post=3111"}],"version-history":[{"count":7,"href":"https:\/\/oldpatriarcatovenezia.glauco.it\/pastorale-giovanile\/wp-json\/wp\/v2\/posts\/3111\/revisions"}],"predecessor-version":[{"id":3119,"href":"https:\/\/oldpatriarcatovenezia.glauco.it\/pastorale-giovanile\/wp-json\/wp\/v2\/posts\/3111\/revisions\/3119"}],"wp:featuredmedia":[{"embeddable":true,"href":"https:\/\/oldpatriarcatovenezia.glauco.it\/pastorale-giovanile\/wp-json\/wp\/v2\/media\/3115"}],"wp:attachment":[{"href":"https:\/\/oldpatriarcatovenezia.glauco.it\/pastorale-giovanile\/wp-json\/wp\/v2\/media?parent=3111"}],"wp:term":[{"taxonomy":"category","embeddable":true,"href":"https:\/\/oldpatriarcatovenezia.glauco.it\/pastorale-giovanile\/wp-json\/wp\/v2\/categories?post=3111"},{"taxonomy":"post_tag","embeddable":true,"href":"https:\/\/oldpatriarcatovenezia.glauco.it\/pastorale-giovanile\/wp-json\/wp\/v2\/tags?post=3111"}],"curies":[{"name":"wp","href":"https:\/\/api.w.org\/{rel}","templated":true}]}}