{"id":3009,"date":"2019-10-29T11:08:13","date_gmt":"2019-10-29T10:08:13","guid":{"rendered":"https:\/\/www.patriarcatovenezia.it\/pastorale-giovanile\/?p=3009"},"modified":"2019-10-29T11:08:51","modified_gmt":"2019-10-29T10:08:51","slug":"forti-nella-fede","status":"publish","type":"post","link":"https:\/\/oldpatriarcatovenezia.glauco.it\/pastorale-giovanile\/2019\/10\/29\/forti-nella-fede\/","title":{"rendered":"Forti nella fede"},"content":{"rendered":"<hr \/>\n<h4><em>Don Mauro Margagliotti, vicario parrocchiale di S. Nicol\u00f2 e S. Marco a Mira, porta la propria esperienza di sacerdote ed educatore sempre in dialogo coi giovani dentro le pagine di &#8220;Forti nella fede&#8221;.<\/em><\/h4>\n<p>&nbsp;<\/p>\n<img loading=\"lazy\" class=\"attachment-full size-full wp-post-image alignleft\" src=\"https:\/\/sannicolosanmarco.it\/wp-content\/uploads\/2019\/10\/forti_nella_fede.jpg\" alt=\"\" width=\"180\" height=\"264\" \/>\n<div class=\"entry-content\">\n<div id=\"attachment_3679\" class=\"wp-caption alignright\">\n<p id=\"caption-attachment-3679\" class=\"wp-caption-text\">\n<\/div>\n<p>Presentazione del libro attraverso un\u2019intervista all\u2019autore che spiega il libro [dal sito <a href=\"https:\/\/sannicolosanmarco.it\/2019\/10\/forti-nella-fede-mauro-margagliotti\/\" title=\"\">sannicolosanmarco.it<\/a>]:<\/p>\n<p>HAI SCRITTO \u201cFORTI NELLA FEDE\u201d A PARTIRE DALLA VITA DELLA PARROCCHIA<br \/>\nSi esatto, un libretto agile di un centinaio di pagine, proprio perch\u00e9 fosse abbordabile dai giovani che mi sembrano un p\u00f2 restii alla lettura, ma allo stesso tempo perch\u00e9 potesse dare contenuti e spunti di riflessione adatti a loro. Ho cercato, ma mi dirai tu se ci sono riuscito, di essere facile nel linguaggio evitando di allungare troppo i ragionamenti e le citazioni che si sarebbero potute fare.<\/p>\n<p>COME E\u2019 SORTA L\u2019IDEA DI QUESTO LIBRO?<br \/>\nCome si diceva prima \u00e8 nata dalla vita della parrocchia, un dialogo con una ragazza della parrocchia che chiedeva di tenere conto che i ragazzi della sua et\u00e0 (17 anni) hanno bisogno di essere rafforzati sulle cose essenziali della fede e cos\u00ec nei giorni e nelle settimane dopo questo dialogo mi sono messo a scrivere immaginando di rispondere e chiacchierare con questa ragazza, che si chiama Maddalena.<\/p>\n<p>E\u2019 UN LIBRO PER I GIOVANI OPPURE ANCHE PER GLI ADULTI<br \/>\nBeh diciamo che io spero che lo leggano i ragazzi dai 15 anni in su, ma mi ha fatto molto piacere quando qualche giorno fa una nostra catechista mi ha detto che \u00e8 un libro che va benissimo per gli adulti e che lo avrebbe regalato ad un\u2019amica molto presto.<\/p>\n<p>IN POCHE PAROLE CI PUOI DIRE COSA TRATTI?<br \/>\nVorrei rafforzare la certezza che noi cristiani abbiamo incontrato nella nostra vita il Signore, anzi che lui ci ha cercato e scelti. E tutto questo non \u00e8 un\u2019illusione, ma una certezza e una forza per affrontare la durezza della vita. Mi sono interrogato tanto negli ultimi tempi di come spesso ai nostri ragazzi abbiamo presentato una fede un p\u00f2 sdolcinata e basata su Ges\u00f9 buono e gentile, il che non \u00e8 certo sbagliato, ma forse abbiamo un p\u00f2 schivato la croce, nel senso della croce intesa come la durezza della nostra vita e la croce come la massima solidariet\u00e0 di Ges\u00f9 con noi. Ges\u00f9 \u00e8 andato fino alla morte per noi e questo lo dobbiamo annunciare con tutta la forza, altrimenti come pensiamo di poter dare speranza a quelle famiglie della nostra parrocchia che in questi mesi hanno perduto le mamme\u2026 un dolore immenso che trova eco nella croce e nella risurrezione di Ges\u00f9 e in niente altro. Insomma cerco di stimolare a riflettere a partire dalla vita e dalla persona di Ges\u00f9!<\/p>\n<p>QUALI SONO I RIFERIMENTI DEL TUO SCRITTO?<\/p>\n<div id=\"attachment_3679\" style=\"width: 310px\" class=\"wp-caption alignright\"><a href=\"https:\/\/sannicolosanmarco.it\/wp-content\/uploads\/2019\/10\/fortinellafede_.png\" data-rel=\"lightbox-image-0\" data-rl_title=\"\" data-rl_caption=\"\" title=\"\"><img aria-describedby=\"caption-attachment-3679\" loading=\"lazy\" class=\"wp-image-3679 size-medium\" src=\"https:\/\/sannicolosanmarco.it\/wp-content\/uploads\/2019\/10\/fortinellafede_-300x206.png\" alt=\"\" width=\"300\" height=\"206\" \/><\/a><p id=\"caption-attachment-3679\" class=\"wp-caption-text\">Illustrazioni di Isacco Saccoman<\/p><\/div>\n<p>Chiaramente il Vangelo, poi il Magistero della Chiesa che declina il Vangelo nel nostro tempo, e la formazione che mi \u00e8 stata data in seminario dai miei educatori, ovviamente dentro le pagine ci sono anche gli insegnamenti quotidiani di don Gino, il nostro parroco, che con la sua pazienza e saggezza \u00e8 una guida sempre preziosa.<\/p>\n<p><a href=\"http:\/\/www.marcianumpress.it\/libri\/forti-nella-fede\">Link del libro<\/a><\/p>\n<\/div>\n","protected":false},"excerpt":{"rendered":"<p>Don Mauro Margagliotti, vicario parrocchiale di S. Nicol\u00f2 e S. Marco a Mira, porta la propria esperienza di sacerdote ed educatore sempre in dialogo coi giovani dentro le pagine di &#8220;Forti nella fede&#8221;. &nbsp; Presentazione del libro attraverso un\u2019intervista all\u2019autore che spiega il libro [dal sito sannicolosanmarco.it]: HAI SCRITTO \u201cFORTI NELLA FEDE\u201d A PARTIRE DALLA&#8230;  <a class=\"excerpt-read-more\" href=\"https:\/\/oldpatriarcatovenezia.glauco.it\/pastorale-giovanile\/2019\/10\/29\/forti-nella-fede\/\" title=\"Leggi Forti nella fede\">&raquo; continua<\/a><\/p>\n","protected":false},"author":10,"featured_media":3010,"comment_status":"closed","ping_status":"closed","sticky":false,"template":"","format":"standard","meta":{"ip_address":"","user_agent":"","level":"","revision":"","cookie_id":"","page_referer":"","html_form":""},"categories":[306,307,1,312],"tags":[],"acf":[],"_links":{"self":[{"href":"https:\/\/oldpatriarcatovenezia.glauco.it\/pastorale-giovanile\/wp-json\/wp\/v2\/posts\/3009"}],"collection":[{"href":"https:\/\/oldpatriarcatovenezia.glauco.it\/pastorale-giovanile\/wp-json\/wp\/v2\/posts"}],"about":[{"href":"https:\/\/oldpatriarcatovenezia.glauco.it\/pastorale-giovanile\/wp-json\/wp\/v2\/types\/post"}],"author":[{"embeddable":true,"href":"https:\/\/oldpatriarcatovenezia.glauco.it\/pastorale-giovanile\/wp-json\/wp\/v2\/users\/10"}],"replies":[{"embeddable":true,"href":"https:\/\/oldpatriarcatovenezia.glauco.it\/pastorale-giovanile\/wp-json\/wp\/v2\/comments?post=3009"}],"version-history":[{"count":2,"href":"https:\/\/oldpatriarcatovenezia.glauco.it\/pastorale-giovanile\/wp-json\/wp\/v2\/posts\/3009\/revisions"}],"predecessor-version":[{"id":3012,"href":"https:\/\/oldpatriarcatovenezia.glauco.it\/pastorale-giovanile\/wp-json\/wp\/v2\/posts\/3009\/revisions\/3012"}],"wp:featuredmedia":[{"embeddable":true,"href":"https:\/\/oldpatriarcatovenezia.glauco.it\/pastorale-giovanile\/wp-json\/wp\/v2\/media\/3010"}],"wp:attachment":[{"href":"https:\/\/oldpatriarcatovenezia.glauco.it\/pastorale-giovanile\/wp-json\/wp\/v2\/media?parent=3009"}],"wp:term":[{"taxonomy":"category","embeddable":true,"href":"https:\/\/oldpatriarcatovenezia.glauco.it\/pastorale-giovanile\/wp-json\/wp\/v2\/categories?post=3009"},{"taxonomy":"post_tag","embeddable":true,"href":"https:\/\/oldpatriarcatovenezia.glauco.it\/pastorale-giovanile\/wp-json\/wp\/v2\/tags?post=3009"}],"curies":[{"name":"wp","href":"https:\/\/api.w.org\/{rel}","templated":true}]}}