{"id":2903,"date":"2019-09-04T16:38:24","date_gmt":"2019-09-04T14:38:24","guid":{"rendered":"https:\/\/www.patriarcatovenezia.it\/pastorale-giovanile\/?p=2903"},"modified":"2019-09-04T16:38:24","modified_gmt":"2019-09-04T14:38:24","slug":"il-meglio-della-vita","status":"publish","type":"post","link":"https:\/\/oldpatriarcatovenezia.glauco.it\/pastorale-giovanile\/2019\/09\/04\/il-meglio-della-vita\/","title":{"rendered":"Il meglio della vita"},"content":{"rendered":"<p>\u00abCercare il Signore, custodire la sua Parola, cercare di rispondere a essa con la propria vita, crescere nelle virt\u00f9, questo rende forti i cuori dei giovani. Per questo occorre mantenere la \u2018connessione\u2019 con\u00a0<strong>Ges\u00f9<\/strong>, essere \u2018in linea\u2019 con Lui, perch\u00e9 non crescerai nella\u00a0<strong>felicit\u00e0<\/strong>\u00a0e nella santit\u00e0 solo con le tue forze e la tua mente [\u2026]. Non confondete la\u00a0<strong>felicit\u00e0<\/strong>\u00a0con un divano [\u2026] lasciate piuttosto sbocciare i sogni e prendete decisioni. [\u2026] Vivete!\u00a0<strong>Datevi al meglio della vita!<\/strong>\u00bb (Francesco,\u00a0<em>Christus vivit<\/em>, 158.143).<\/p>\n<p>In questo anno pastorale, riprendendo lo spunto offerto dell\u2019ufficio nazionale per le vocazioni della CEI e la proposta di cammino diocesano, desideriamo cogliere lo stretto legame tra\u00a0<strong>vocazione (vita) e felicit\u00e0<\/strong>. Quando si parla di vita felice, spesso si immagina una vita tutta gioiosa, senza problemi, senza pensieri (cfr.\u00a0Francesco,\u00a0<em>Gaudete et exsultate<\/em>, 75-76). Talvolta anche la vocazione, la vita cristiana, \u00e8 stata annunciata cos\u00ec, come se la vita nuova promessa dal Vangelo introducesse \u2018in un\u2019altra vita\u2019 senza dolori, contraddizioni, fatiche.<\/p>\n<p>La felicit\u00e0 ha a che fare con la fecondit\u00e0, una vita felice \u00e8 una vita feconda. Cogliendo l\u2019annuncio del Battesimo come vita nuova in Cristo, la proposta vocazionale vuole essere l\u2019aiuto a l\u2019accompagnamento offerto dalle diverse espressioni della Chiesa di Venezia per vivere la vita nuova battesimale al meglio, cio\u00e8 obbedendo alla vocazione -il progetto di Dio- che il Signore ci ha donato.<\/p>\n<p>Le diverse proposte e gli appuntamenti programmati, guardando alla Giornata Mondiale di Preghiera per le Vocazioni che sar\u00e0 celebrata il 3 maggio 2020, sono la modalit\u00e0 concreta per essere aiutati a vivere la vita nuova cristiana.<\/p>\n<p>&nbsp;<\/p>\n<p><strong>Appuntamenti diocesani per i chierichetti:<\/strong><\/p>\n<ul>\n<li>25 febbraio 2020: marted\u00ec grasso in seminario<\/li>\n<li>1 maggio 2020: gita dei chierichetti<\/li>\n<li>17-23 agosto 2020: corso di orientamento vocazionale<\/li>\n<\/ul>\n<p><strong>Percorso vocazionale \u201cSe vuoi\u201d<\/strong><\/p>\n<ul>\n<li>1 dicembre 2019<\/li>\n<li>2 febbraio 2020<\/li>\n<li>8 marzo 2020<\/li>\n<li>19 aprile 2020<\/li>\n<li>16-17 maggio 2020<\/li>\n<\/ul>\n<p><strong>Fine settimana vocazionali in seminario per ragazzi e giovani<\/strong><\/p>\n<p><u>Comunit\u00e0 ragazzi Emmaus<\/u><\/p>\n<ul>\n<li>6 ottobre<\/li>\n<li>26-27 ottobre<\/li>\n<li>16-17novembre<\/li>\n<li>14-15 dicembre<\/li>\n<li>27-30 dicembre uscita invernale<\/li>\n<li>18-19 gennaio<\/li>\n<li>15-16 febbraio<\/li>\n<li>14-15 marzo<\/li>\n<li>18-19 aprile<\/li>\n<li>9-10 maggio<\/li>\n<\/ul>\n<p><u>Comunit\u00e0 giovanile san Giovanni<\/u><\/p>\n<ul>\n<li>6 ottobre<\/li>\n<li>26-27 ottobre<\/li>\n<li>16-17novembre<\/li>\n<li>14-15 dicembre<\/li>\n<li>27-30 dicembre uscita invernale<\/li>\n<li>18-19 gennaio<\/li>\n<li>23-26 febbraio convivenza<\/li>\n<li>14-15 marzo<\/li>\n<li>10 aprile ritiro spirituale<\/li>\n<li>18-19 aprile<\/li>\n<li>9-10 maggio<\/li>\n<li>17-23 agosto: settimana estiva<\/li>\n<\/ul>\n<p>&nbsp;<\/p>\n","protected":false},"excerpt":{"rendered":"<p>\u00abCercare il Signore, custodire la sua Parola, cercare di rispondere a essa con la propria vita, crescere nelle virt\u00f9, questo rende forti i cuori dei giovani. Per questo occorre mantenere la \u2018connessione\u2019 con\u00a0Ges\u00f9, essere \u2018in linea\u2019 con Lui, perch\u00e9 non crescerai nella\u00a0felicit\u00e0\u00a0e nella santit\u00e0 solo con le tue forze e la tua mente [\u2026]. Non&#8230;  <a class=\"excerpt-read-more\" href=\"https:\/\/oldpatriarcatovenezia.glauco.it\/pastorale-giovanile\/2019\/09\/04\/il-meglio-della-vita\/\" title=\"Leggi Il meglio della vita\">&raquo; continua<\/a><\/p>\n","protected":false},"author":10,"featured_media":2904,"comment_status":"closed","ping_status":"closed","sticky":false,"template":"","format":"standard","meta":{"ip_address":"","user_agent":"","level":"","revision":"","cookie_id":"","page_referer":"","html_form":""},"categories":[306,307,305,312,110],"tags":[],"acf":[],"_links":{"self":[{"href":"https:\/\/oldpatriarcatovenezia.glauco.it\/pastorale-giovanile\/wp-json\/wp\/v2\/posts\/2903"}],"collection":[{"href":"https:\/\/oldpatriarcatovenezia.glauco.it\/pastorale-giovanile\/wp-json\/wp\/v2\/posts"}],"about":[{"href":"https:\/\/oldpatriarcatovenezia.glauco.it\/pastorale-giovanile\/wp-json\/wp\/v2\/types\/post"}],"author":[{"embeddable":true,"href":"https:\/\/oldpatriarcatovenezia.glauco.it\/pastorale-giovanile\/wp-json\/wp\/v2\/users\/10"}],"replies":[{"embeddable":true,"href":"https:\/\/oldpatriarcatovenezia.glauco.it\/pastorale-giovanile\/wp-json\/wp\/v2\/comments?post=2903"}],"version-history":[{"count":2,"href":"https:\/\/oldpatriarcatovenezia.glauco.it\/pastorale-giovanile\/wp-json\/wp\/v2\/posts\/2903\/revisions"}],"predecessor-version":[{"id":2906,"href":"https:\/\/oldpatriarcatovenezia.glauco.it\/pastorale-giovanile\/wp-json\/wp\/v2\/posts\/2903\/revisions\/2906"}],"wp:featuredmedia":[{"embeddable":true,"href":"https:\/\/oldpatriarcatovenezia.glauco.it\/pastorale-giovanile\/wp-json\/wp\/v2\/media\/2904"}],"wp:attachment":[{"href":"https:\/\/oldpatriarcatovenezia.glauco.it\/pastorale-giovanile\/wp-json\/wp\/v2\/media?parent=2903"}],"wp:term":[{"taxonomy":"category","embeddable":true,"href":"https:\/\/oldpatriarcatovenezia.glauco.it\/pastorale-giovanile\/wp-json\/wp\/v2\/categories?post=2903"},{"taxonomy":"post_tag","embeddable":true,"href":"https:\/\/oldpatriarcatovenezia.glauco.it\/pastorale-giovanile\/wp-json\/wp\/v2\/tags?post=2903"}],"curies":[{"name":"wp","href":"https:\/\/api.w.org\/{rel}","templated":true}]}}