{"id":2606,"date":"2018-09-17T12:54:39","date_gmt":"2018-09-17T10:54:39","guid":{"rendered":"https:\/\/www.patriarcatovenezia.it\/pastorale-giovanile\/?p=2606"},"modified":"2018-10-25T14:02:59","modified_gmt":"2018-10-25T12:02:59","slug":"17-10-serata-formativa","status":"publish","type":"post","link":"https:\/\/oldpatriarcatovenezia.glauco.it\/pastorale-giovanile\/2018\/09\/17\/17-10-serata-formativa\/","title":{"rendered":"17\/10 Serata formativa"},"content":{"rendered":"<hr \/>\n<p>Al posto delle Assemblee zonali settembrine, quest&#8217;anno la proposta di un&#8217;unica\u00a0<strong>serata formativa<\/strong>\u00a0per tutti gli <strong>educatori<\/strong> di gruppi parrocchiali, associazioni, movimenti e realt\u00e0 che operano con adolescenti e giovani.<\/p>\n<p>Sar\u00e0 con noi un ospite speciale, che ci aiuter\u00e0 a recuperare le radici del nostro servizio attraverso la testimonianza intensa e appassionata come educatore di <a href=\"http:\/\/www.operaedimar.com\/\">Ca&#8217; Edimar<\/a>.<\/p>\n<p><strong>L&#8217;ARTE DI ACCOMPAGNARE #passateparola #formazione #educatori<\/strong><\/p>\n<hr \/>\n<p><strong><a href=\"https:\/\/www.patriarcatovenezia.it\/pastorale-giovanile\/s-videogallery\/si-jamais-joublie-zaz\/\">Video canzone inizio serata<\/a><\/strong><\/p>\n<p><strong><a href=\"https:\/\/www.patriarcatovenezia.it\/pastorale-giovanile\/2018\/10\/25\/larte-di-accompagnare-mario-dupuis\/\">Intervento di Mario Dupuis<\/a><\/strong><\/p>\n","protected":false},"excerpt":{"rendered":"<p>Al posto delle Assemblee zonali settembrine, quest&#8217;anno la proposta di un&#8217;unica\u00a0serata formativa\u00a0per tutti gli educatori di gruppi parrocchiali, associazioni, movimenti e realt\u00e0 che operano con adolescenti e giovani. Sar\u00e0 con noi un ospite speciale, che ci aiuter\u00e0 a recuperare le radici del nostro servizio attraverso la testimonianza intensa e appassionata come educatore di Ca&#8217; Edimar&#8230;.  <a class=\"excerpt-read-more\" href=\"https:\/\/oldpatriarcatovenezia.glauco.it\/pastorale-giovanile\/2018\/09\/17\/17-10-serata-formativa\/\" title=\"Leggi 17\/10 Serata formativa\">&raquo; continua<\/a><\/p>\n","protected":false},"author":10,"featured_media":2607,"comment_status":"closed","ping_status":"closed","sticky":false,"template":"","format":"standard","meta":{"ip_address":"","user_agent":"","level":"","revision":"","cookie_id":"","page_referer":"","html_form":""},"categories":[306,307,1,313],"tags":[],"acf":[],"_links":{"self":[{"href":"https:\/\/oldpatriarcatovenezia.glauco.it\/pastorale-giovanile\/wp-json\/wp\/v2\/posts\/2606"}],"collection":[{"href":"https:\/\/oldpatriarcatovenezia.glauco.it\/pastorale-giovanile\/wp-json\/wp\/v2\/posts"}],"about":[{"href":"https:\/\/oldpatriarcatovenezia.glauco.it\/pastorale-giovanile\/wp-json\/wp\/v2\/types\/post"}],"author":[{"embeddable":true,"href":"https:\/\/oldpatriarcatovenezia.glauco.it\/pastorale-giovanile\/wp-json\/wp\/v2\/users\/10"}],"replies":[{"embeddable":true,"href":"https:\/\/oldpatriarcatovenezia.glauco.it\/pastorale-giovanile\/wp-json\/wp\/v2\/comments?post=2606"}],"version-history":[{"count":4,"href":"https:\/\/oldpatriarcatovenezia.glauco.it\/pastorale-giovanile\/wp-json\/wp\/v2\/posts\/2606\/revisions"}],"predecessor-version":[{"id":2684,"href":"https:\/\/oldpatriarcatovenezia.glauco.it\/pastorale-giovanile\/wp-json\/wp\/v2\/posts\/2606\/revisions\/2684"}],"wp:featuredmedia":[{"embeddable":true,"href":"https:\/\/oldpatriarcatovenezia.glauco.it\/pastorale-giovanile\/wp-json\/wp\/v2\/media\/2607"}],"wp:attachment":[{"href":"https:\/\/oldpatriarcatovenezia.glauco.it\/pastorale-giovanile\/wp-json\/wp\/v2\/media?parent=2606"}],"wp:term":[{"taxonomy":"category","embeddable":true,"href":"https:\/\/oldpatriarcatovenezia.glauco.it\/pastorale-giovanile\/wp-json\/wp\/v2\/categories?post=2606"},{"taxonomy":"post_tag","embeddable":true,"href":"https:\/\/oldpatriarcatovenezia.glauco.it\/pastorale-giovanile\/wp-json\/wp\/v2\/tags?post=2606"}],"curies":[{"name":"wp","href":"https:\/\/api.w.org\/{rel}","templated":true}]}}