{"id":2566,"date":"2018-08-29T15:49:15","date_gmt":"2018-08-29T13:49:15","guid":{"rendered":"https:\/\/www.patriarcatovenezia.it\/pastorale-giovanile\/?p=2566"},"modified":"2018-08-29T15:49:15","modified_gmt":"2018-08-29T13:49:15","slug":"fttr-iscrizioni-aperte","status":"publish","type":"post","link":"https:\/\/oldpatriarcatovenezia.glauco.it\/pastorale-giovanile\/2018\/08\/29\/fttr-iscrizioni-aperte\/","title":{"rendered":"FTTR iscrizioni aperte"},"content":{"rendered":"<hr \/>\n<h3><span style=\"color: #993366\"><strong>L<\/strong><strong>e iscrizioni alla Facolt\u00e0 teologica del Triveneto per l\u2019anno accademico 2018\/2019 sono aperte fino alla fine di settembre<\/strong>!<\/span><\/h3>\n<h3><span style=\"color: #993366\"><strong><em>Perch\u00e9 non farci un pensiero?<\/em><\/strong><\/span><\/h3>\n<h3><span style=\"color: #993366\"><strong><em>Un percorso per formarsi, crescere e aprire nuovi orizzonti umani e lavorativi.<\/em><\/strong><\/span><\/h3>\n<p>L\u2019offerta formativa, nel suo complesso, \u00e8 mirata a preparare <strong>insegnanti di religione<\/strong>, a qualificare e aggiornare <strong>persone che<\/strong> <strong>operano a livello educativo <\/strong>nei diversi ambiti pastorali della comunit\u00e0 cristiana e in quelli della societ\u00e0 civile.<\/p>\n<p>Due i percorsi di studio disponibili: <strong>Teologia<\/strong> (nei tre gradi del baccalaureato, licenza e dottorato) e <strong>Scienze religiose<\/strong> (laurea e laurea magistrale).<\/p>\n<p>Qui sotto un\u2019ampia nota informativa (ulteriori informazioni al link: <a href=\"http:\/\/www.fttr.it\/aa-20182019-i-percorsi-universitari-di-teologia-e-scienze-religiose-della-fttr\/\" title=\"\">http:\/\/www.fttr.it\/aa-20182019-i-percorsi-universitari-di-teologia-e-scienze-religiose-della-fttr\/<\/a> ) e in allegato i depliant dei diversi cicli di studio. Il materiale cartaceo si pu\u00f2 richiedere alla segreteria (<a href=\"mailto:segreteria@fttr.it\" title=\"\">segreteria@fttr.it<\/a> \u2013 tel. 049-664116).<\/p>\n<hr \/>\n<p style=\"text-align: right\">COMUNICATO STAMPA 27\/2018<\/p>\n<p style=\"text-align: right\">Padova, 27 agosto 2018<\/p>\n<p><strong>\u00a0<\/strong><\/p>\n<p style=\"text-align: center\"><span style=\"color: #993300\"><strong>FACOLT\u00c0 TEOLOGICA DEL TRIVENETO<\/strong><\/span><\/p>\n<p style=\"text-align: center\"><span style=\"color: #993300\"><strong>L\u2019OFFERTA FORMATIVA DEL II E III CICLO<\/strong><\/span><\/p>\n<p style=\"text-align: center\"><span style=\"color: #800000\">Percorsi di qualificazione e aggiornamento per laici\/che, religiosi\/e, diaconi e presbiteri.<\/span><br \/>\n<span style=\"color: #800000\">Nella sede centrale di Padova \u00e8 possibile conseguire,<br \/>\noltre al BACCALAUREATO,<\/span><br \/>\n<span style=\"color: #800000\">i titoli di LICENZA (nelle due specializzazioni: teologia pastorale e teologia spirituale)<\/span><br \/>\n<span style=\"color: #800000\">e di DOTTORATO.<\/span><\/p>\n<p><strong>\u00a0<a href=\"https:\/\/www.patriarcatovenezia.it\/pastorale-giovanile\/wp-content\/uploads\/sites\/6\/2018\/05\/image003.jpg\" data-rel=\"lightbox-image-0\" data-rl_title=\"\" data-rl_caption=\"\" title=\"\"><img loading=\"lazy\" class=\"size-full wp-image-2441 aligncenter\" src=\"https:\/\/www.patriarcatovenezia.it\/pastorale-giovanile\/wp-content\/uploads\/sites\/6\/2018\/05\/image003.jpg\" alt=\"\" width=\"317\" height=\"132\" srcset=\"https:\/\/oldpatriarcatovenezia.glauco.it\/pastorale-giovanile\/wp-content\/uploads\/sites\/6\/2018\/05\/image003.jpg 317w, https:\/\/oldpatriarcatovenezia.glauco.it\/pastorale-giovanile\/wp-content\/uploads\/sites\/6\/2018\/05\/image003-300x125.jpg 300w\" sizes=\"(max-width: 317px) 100vw, 317px\" \/><\/a><\/strong><\/p>\n<p style=\"text-align: center\"><strong>Le iscrizioni all\u2019anno accademico 2018\/2019 sono aperte tutto il mese di settembre<\/strong><\/p>\n<p><strong>\u00a0<\/strong>Sono aperte tutto il mese di settembre le iscrizioni all\u2019anno accademico 2018\/2019 della Facolt\u00e0 teologica del Triveneto. Temi di attualit\u00e0 culturale e pastorale caratterizzeranno l\u2019offerta formativa del <strong>percorso di licenza<\/strong> (secondo ciclo: specializzazione in <strong><em>Teologia pastorale<\/em><\/strong> e, in collaborazione con l\u2019Istituto teologico sant\u2019Antonio dottore di Padova, <strong><em>Teologia spirituale<\/em><\/strong> \u2013 info: <a href=\"http:\/\/www.fttr.it\/offerta-formativa\/percorso-di-teologia\/ciclo-di-licenza-2\/secondo-ciclo-presentazione\">http:\/\/www.fttr.it\/offerta-formativa\/percorso-di-teologia\/ciclo-di-licenza-2\/secondo-ciclo-presentazione<\/a>).<\/p>\n<p>In particolare, si segnalano i <span style=\"color: #008000\"><strong>DUE SEMINARI-LABORATORI <\/strong><\/span>annuali.<\/p>\n<ul>\n<li><span style=\"color: #008000\"><strong> Sinodalit\u00e0 e comunit\u00e0 ecclesiale. Forme e processi dell\u2019ecclesiologia di comunione<\/strong> (indirizzo pastorale)<\/span><\/li>\n<\/ul>\n<p>Il percorso di studio, coordinato dal prof. <strong>Livio Tonello<\/strong>, si inserisce nel cammino intrapreso dalla chiesa italiana su impulso di papa Francesco.<\/p>\n<p><em>La comprensione della chiesa come \u201cpopolo di Dio\u201d e \u201ccomunione (koinonia)\u201d va di pari passo all\u2019uso di termini quali collegialit\u00e0, sinodalit\u00e0, comunit\u00e0 cristiana. Essi hanno una precisa valenza teologica e nella prassi pastorale si concretizzano attraverso forme partecipative istituzionalizzate (almeno nella maggior parte dei casi). Nell\u2019attuale fase di recezione del Concilio Vaticano II sembra opportuno sottoporre a verifica le strutture e gli organismi ecclesiali, a diversi livelli, per comprendere se e come le une e gli altri realizzino la natura comunionale della chiesa. <\/em><\/p>\n<p><em>A tale verifica, che occuper\u00e0 la prima parte del seminario-laboratorio, seguir\u00e0 la sperimentazione di alcune pratiche di \u201clavoro di gruppo\u201d (in \u00e9quipe), occasione spesso di fatiche, conflitti e frustrazioni anche in ambito ecclesiale. Il coordinamento delle attivit\u00e0 e l\u2019adeguato esercizio della funzione di guida sono segno e garanzia della consapevolezza di ci\u00f2 che significa agire \u201cnella comunione ecclesiale\u201d, nella corresponsabilit\u00e0 di tutti e nella collaborazione di alcuni.<\/em><\/p>\n<ul>\n<li><span style=\"color: #008000\"><strong> La preghiera cristiana. Definizione, origine, dinamiche dell\u2019esperienza umana e spirituale della<\/strong> <strong>preghiera<\/strong> (indirizzo spirituale)<\/span><\/li>\n<\/ul>\n<p>Il percorso, coordinato dai proff. <strong>Antonio Bertazzo e Alessandro Zottarel<\/strong>, si soffermer\u00e0 su un tema classico e fondamentale della spiritualit\u00e0, riletto alla luce della sensibilit\u00e0 contemporanea.<\/p>\n<p><em>La preghiera cristiana rappresenta l\u2019esperienza umana in cui il credente si pone nella relazione con Dio, ad imitazione del Figlio Ges\u00f9 Cristo che si rivolge a Dio, suo Padre. La preghiera viene vissuta come risposta all\u2019invito dello Spirito a entrare nella preghiera incessante di Ges\u00f9 Cristo che intercede per tutti coloro che a Lui sono stati affidati dal Padre. In quanto esperienza dell\u2019uomo, la preghiera \u00e8 considerata la forma principale dell\u2019atteggiamento religioso e, quindi, espressione della capacit\u00e0 di autotrascendenza (<\/em>capax dei<em>) inscritta nella personale struttura antropologica e oggetto di formazione educativa.<\/em><\/p>\n<p><em>Il percorso del seminario-laboratorio intende presentare gli elementi fondamentali della preghiera cri-stiana. La dimensione teologica viene presentata a partire da principi della Sacra Scrittura e della tradizione della chiesa e sar\u00e0 posta a confronto con alcuni aspetti della religiosit\u00e0 presenti nel conte-sto culturale contemporaneo. Considerazioni sulla dimensione antropologica offriranno un contributo nella comprensione delle dinamiche interiori dell\u2019esperienza spirituale della preghiera. Inoltre, vengono presi in esame gli elementi rituali della preghiera, quali dinamiche rilevanti che dispongono a completare l\u2019esperienza dell\u2019evento orante.<\/em><\/p>\n<p>Oltre ai seminari, il ciclo di licenza offre <u>una variet\u00e0 di corsi che, come i seminari-laboratori, sono proposti anche singolarmente per la formazione e l\u2019aggiornamento dei presbiteri e degli operatori pastorali e dei laici<\/u> che desiderino approfondire un\u2019identit\u00e0 credente capace di affrontare la complessit\u00e0 culturale attuale.<\/p>\n<p>Per chi intenda completare la formazione teologica, la Facolt\u00e0 offre il <strong>ciclo di dottorato<\/strong> (<a href=\"http:\/\/www.fttr.it\/offerta-formativa\/percorso-di-teologia\/ciclo-di-dottorato\/presentazione-3-ciclo\/\">http:\/\/www.fttr.it\/offerta-formativa\/percorso-di-teologia\/ciclo-di-dottorato\/presentazione-3-ciclo\/<\/a>): un vero laboratorio di pensiero dove lo studente pu\u00f2 sviluppare un contributo originale e creativo nell\u2019ambito della teologia. Il titolo di dottorato abilita all\u2019insegnamento e alla ricerca presso facolt\u00e0 ecclesiastiche e istituti teologici a livello universitario.<\/p>\n<p>&nbsp;<\/p>\n<p><strong><span style=\"color: #993300\">Per informazioni:<\/span><\/strong><\/p>\n<p>Segreteria generale, via del Seminario, 7 \u2013 35122 Padova, tel. 049-664116<\/p>\n<p><a href=\"mailto:segreteria@fttr.it\">segreteria@fttr.it<\/a> \u2013 <a href=\"http:\/\/www.fttr.it\">www.fttr.it<\/a><\/p>\n<p>Facebook<em>\u00a0 <\/em><a href=\"https:\/\/www.facebook.com\/facoltateologicatriveneto\/\">@facoltateologicatriveneto<\/a><\/p>\n<p>Twitter @fac_teol_triven<\/p>\n<hr \/>\n<p><strong>Le ISCRIZIONI alla Facolt\u00e0 teologica del Triveneto sono aperte FINO A FINE SETTEMBRE<\/strong><\/p>\n<hr \/>\n<p><strong>MATERIALE:<\/strong><\/p>\n<ul>\n<li><a href=\"https:\/\/www.patriarcatovenezia.it\/pastorale-giovanile\/wp-content\/uploads\/sites\/6\/2018\/08\/FTTR_LICENZA-IN-TEOLOGIA-2018-19.pdf\">FTTR_LICENZA IN TEOLOGIA 2018-19<\/a><\/li>\n<li><a href=\"https:\/\/www.patriarcatovenezia.it\/pastorale-giovanile\/wp-content\/uploads\/sites\/6\/2018\/08\/FTTR_DOTTORATO.pdf\">FTTR_DOTTORATO<\/a><\/li>\n<li><a href=\"https:\/\/www.patriarcatovenezia.it\/pastorale-giovanile\/wp-content\/uploads\/sites\/6\/2018\/08\/FTTR_depliant-generale-2018-19.pdf\">FTTR_depliant generale 2018-19<\/a><\/li>\n<li><a href=\"https:\/\/www.patriarcatovenezia.it\/pastorale-giovanile\/wp-content\/uploads\/sites\/6\/2018\/08\/FTTR_BACCALAUREATO-2018-19.pdf\">FTTR_BACCALAUREATO 2018-19<\/a><\/li>\n<li><a href=\"https:\/\/www.patriarcatovenezia.it\/pastorale-giovanile\/wp-content\/uploads\/sites\/6\/2018\/08\/FTTR-locandina-UNA-PROPOSTA-PER-TE-2018-19.pdf\">FTTR locandina UNA PROPOSTA PER TE 2018-19<\/a><\/li>\n<li><a href=\"https:\/\/www.patriarcatovenezia.it\/pastorale-giovanile\/wp-content\/uploads\/sites\/6\/2018\/08\/cs-27_2018-iscrizioni-II-e-II-ciclo-settembre.docx\">cs 27_2018 iscrizioni II e II ciclo settembre<\/a><\/li>\n<\/ul>\n","protected":false},"excerpt":{"rendered":"<p>Le iscrizioni alla Facolt\u00e0 teologica del Triveneto per l\u2019anno accademico 2018\/2019 sono aperte fino alla fine di settembre! Perch\u00e9 non farci un pensiero? Un percorso per formarsi, crescere e aprire nuovi orizzonti umani e lavorativi. L\u2019offerta formativa, nel suo complesso, \u00e8 mirata a preparare insegnanti di religione, a qualificare e aggiornare persone che operano a&#8230;  <a class=\"excerpt-read-more\" href=\"https:\/\/oldpatriarcatovenezia.glauco.it\/pastorale-giovanile\/2018\/08\/29\/fttr-iscrizioni-aperte\/\" title=\"Leggi FTTR iscrizioni aperte\">&raquo; continua<\/a><\/p>\n","protected":false},"author":10,"featured_media":2568,"comment_status":"closed","ping_status":"closed","sticky":false,"template":"","format":"standard","meta":{"ip_address":"","user_agent":"","level":"","revision":"","cookie_id":"","page_referer":"","html_form":""},"categories":[307,1],"tags":[],"acf":[],"_links":{"self":[{"href":"https:\/\/oldpatriarcatovenezia.glauco.it\/pastorale-giovanile\/wp-json\/wp\/v2\/posts\/2566"}],"collection":[{"href":"https:\/\/oldpatriarcatovenezia.glauco.it\/pastorale-giovanile\/wp-json\/wp\/v2\/posts"}],"about":[{"href":"https:\/\/oldpatriarcatovenezia.glauco.it\/pastorale-giovanile\/wp-json\/wp\/v2\/types\/post"}],"author":[{"embeddable":true,"href":"https:\/\/oldpatriarcatovenezia.glauco.it\/pastorale-giovanile\/wp-json\/wp\/v2\/users\/10"}],"replies":[{"embeddable":true,"href":"https:\/\/oldpatriarcatovenezia.glauco.it\/pastorale-giovanile\/wp-json\/wp\/v2\/comments?post=2566"}],"version-history":[{"count":2,"href":"https:\/\/oldpatriarcatovenezia.glauco.it\/pastorale-giovanile\/wp-json\/wp\/v2\/posts\/2566\/revisions"}],"predecessor-version":[{"id":2575,"href":"https:\/\/oldpatriarcatovenezia.glauco.it\/pastorale-giovanile\/wp-json\/wp\/v2\/posts\/2566\/revisions\/2575"}],"wp:featuredmedia":[{"embeddable":true,"href":"https:\/\/oldpatriarcatovenezia.glauco.it\/pastorale-giovanile\/wp-json\/wp\/v2\/media\/2568"}],"wp:attachment":[{"href":"https:\/\/oldpatriarcatovenezia.glauco.it\/pastorale-giovanile\/wp-json\/wp\/v2\/media?parent=2566"}],"wp:term":[{"taxonomy":"category","embeddable":true,"href":"https:\/\/oldpatriarcatovenezia.glauco.it\/pastorale-giovanile\/wp-json\/wp\/v2\/categories?post=2566"},{"taxonomy":"post_tag","embeddable":true,"href":"https:\/\/oldpatriarcatovenezia.glauco.it\/pastorale-giovanile\/wp-json\/wp\/v2\/tags?post=2566"}],"curies":[{"name":"wp","href":"https:\/\/api.w.org\/{rel}","templated":true}]}}