{"id":2558,"date":"2018-08-29T14:58:02","date_gmt":"2018-08-29T12:58:02","guid":{"rendered":"https:\/\/www.patriarcatovenezia.it\/pastorale-giovanile\/?p=2558"},"modified":"2018-08-29T14:58:02","modified_gmt":"2018-08-29T12:58:02","slug":"angelus-in-piazza-s-pietro-con-i-giovani","status":"publish","type":"post","link":"https:\/\/oldpatriarcatovenezia.glauco.it\/pastorale-giovanile\/2018\/08\/29\/angelus-in-piazza-s-pietro-con-i-giovani\/","title":{"rendered":"Angelus in Piazza S. Pietro con i giovani"},"content":{"rendered":"<hr \/>\n<p align=\"center\"><span style=\"color: #663300\">PAPA FRANCESCO<\/span><\/p>\n<p align=\"center\"><span style=\"color: #663300;font-size: large\"><b><i>ANGELUS<\/i><\/b><\/span><\/p>\n<p align=\"center\"><span style=\"color: #663300\"><i>Piazza San Pietro<br \/>\nDomenica, 12 agosto 2018<\/i><\/span><\/p>\n<p align=\"center\">[<b><a href=\"http:\/\/w2.vatican.va\/content\/francesco\/it\/events\/event.dir.html\/content\/vaticanevents\/it\/2018\/8\/12\/angelus.html\">Multimedia<\/a><\/b>]<\/p>\n<hr size=\"1\" width=\"30%\" \/>\n<p align=\"center\">\n<p><i>Cari fratelli e sorelle e cari giovani italiani,<br \/>\nbuongiorno!<\/i><\/p>\n<p>Nella seconda Lettura di oggi, San Paolo ci rivolge un pressante invito: \u00abNon vogliate rattristare lo Spirito Santo di Dio, con il quale foste segnati per il giorno della redenzione\u00bb (<i>Ef<\/i>\u00a04,30).<\/p>\n<p>Ma io mi domando: come si rattrista lo Spirito Santo? Tutti lo abbiamo ricevuto nel Battesimo e nella Cresima, quindi, per non rattristare lo Spirito Santo, \u00e8 necessario vivere in maniera coerente con le promesse del Battesimo, rinnovate nella Cresima. In maniera coerente, non con ipocrisia: non dimenticatevi di questo. Il cristiano non pu\u00f2 essere ipocrita: deve vivere in maniera coerente. Le promesse del Battesimo hanno due aspetti:\u00a0<i>rinuncia al male<\/i>\u00a0e\u00a0<i>adesione al bene<\/i>.<\/p>\n<p><i>Rinunciare al male<\/i>\u00a0significa dire \u00abno\u00bb alle tentazioni, al peccato, a satana. Pi\u00f9 in concreto significa dire \u201cno\u201d a una cultura della morte, che si manifesta nella fuga dal reale verso una felicit\u00e0 falsa che si esprime nella menzogna, nella truffa, nell\u2019ingiustizia, nel disprezzo dell\u2019altro. A tutto questo, \u201cno\u201d. La vita nuova che ci \u00e8 stata data nel Battesimo, e che ha lo Spirito come sorgente, respinge una condotta dominata da sentimenti di divisione e di discordia. Per questo l\u2019Apostolo Paolo esorta a togliere dal proprio cuore \u00abogni asprezza, sdegno, ira, grida e maldicenza con ogni sorta di malignit\u00e0\u00bb (v. 31). Cos\u00ec dice Paolo. Questi sei elementi o vizi, che turbano la gioia dello Spirito Santo, avvelenano il cuore e conducono ad imprecazioni contro Dio e contro il prossimo.<\/p>\n<p>Ma non basta non fare il male per essere un buon cristiano; \u00e8 necessario\u00a0<i>aderire al bene<\/i>\u00a0e fare il bene. Ecco allora che San Paolo continua: \u00abSiate invece benevoli gli uni verso gli altri, misericordiosi, perdonandovi a vicenda come Dio ha perdonato a voi in Cristo\u00bb (v. 32). Tante volte capita di sentire alcuni che dicono: \u201cIo non faccio del male a nessuno\u201d. E si crede di essere un santo. D\u2019accordo, ma il bene lo fai? Quante persone non fanno il male, ma nemmeno il bene, e la loro vita scorre nell\u2019indifferenza, nell\u2019apatia, nella tiepidezza. Questo atteggiamento \u00e8 contrario al Vangelo, ed \u00e8 contrario anche all\u2019indole di voi giovani, che per natura siete dinamici, appassionati e coraggiosi. Ricordate questo \u2013 se lo ricordate, possiamo ripeterlo insieme: \u201cE\u2019 buono non fare il male, ma \u00e8 male non fare il bene\u201d. Questo lo diceva Sant\u2019Alberto Hurtado.<\/p>\n<p>Oggi vi esorto ad essere protagonisti nel bene! Protagonisti\u00a0<i>nel<\/i>\u00a0bene. Non sentitevi a posto quando non fate il male; ognuno \u00e8 colpevole del bene che poteva fare e non ha fatto. Non basta non odiare, bisogna perdonare; non basta non avere rancore, bisogna pregare per i nemici; non basta non essere causa di divisione, bisogna portare pace dove non c\u2019\u00e8; non basta non parlare male degli altri, bisogna interrompere quando sentiamo parlar male di qualcuno: fermare il chiacchiericcio: questo \u00e8 fare il bene. Se non ci opponiamo al male, lo alimentiamo in modo tacito. \u00c8 necessario intervenire dove il male si diffonde; perch\u00e9 il male si diffonde dove mancano cristiani audaci che si oppongono con il bene, \u201ccamminando nella carit\u00e0\u201d (cfr 5,2), secondo il monito di San Paolo.<\/p>\n<p>Cari giovani, in questi giorni avete camminato molto! Perci\u00f2 siete allenati e posso dirvi: camminate nella carit\u00e0, camminate nell\u2019amore! E camminiamo insieme verso il prossimo Sinodo dei Vescovi. La Vergine Maria ci sostenga con la sua materna intercessione, perch\u00e9 ciascuno di noi, ogni giorno, con i fatti, possa dire \u201cno\u201d al male e \u201cs\u00ec\u201d al bene.<\/p>\n<hr size=\"1\" width=\"75%\" \/>\n<p><b>Dopo l&#8217;Angelus<\/b><\/p>\n<p><i>Cari fratelli e sorelle,<\/i><\/p>\n<p>rivolgo il mio saluto a tutti voi, romani e pellegrini provenienti da tante parti del mondo.<\/p>\n<p>In particolare saluto i giovani delle diocesi italiane, accompagnati dai rispettivi Vescovi, dai loro sacerdoti ed educatori. In questi giorni, avete riversato per le strade di Roma il vostro entusiasmo e la vostra fede. Vi ringrazio per la vostra presenza e per la vostra testimonianza cristiana! E ieri, nel ringraziare, ho dimenticato di dire una parola ai sacerdoti, che sono quelli che vi sono pi\u00f9 vicini: ringrazio tanto i sacerdoti, ringrazio per quel lavoro che fanno giorno per giorno, ringrazio per quella pazienza \u2013 perch\u00e9 ci vuole pazienza per lavorare con voi! La pazienza dei sacerdoti \u2026 &#8211; ringrazio tanto, tanto, tanto. E ho visto anche tante suore che lavorano con voi: anche alle suore, grazie tante.<\/p>\n<p>E la mia gratitudine si estende alla Conferenza Episcopale Italiana &#8211; qui rappresentata dal Presidente Cardinale Gualtiero Bassetti \u2013 che ha promosso questo incontro dei giovani in vista del prossimo Sinodo dei Vescovi.<\/p>\n<p>Cari giovani, facendo ritorno nella vostre comunit\u00e0, testimoniate ai vostri coetanei, e a quanti incontrerete, la gioia della fraternit\u00e0 e della comunione che avete sperimentato in queste giornate di pellegrinaggio e di preghiera.<\/p>\n<p>A tutti auguro una buona domenica. Un buon rientro a casa. E per favore, non dimenticate di pregare per me! Buon pranzo e arrivederci!<\/p>\n","protected":false},"excerpt":{"rendered":"<p>PAPA FRANCESCO ANGELUS Piazza San Pietro Domenica, 12 agosto 2018 [Multimedia] Cari fratelli e sorelle e cari giovani italiani, buongiorno! Nella seconda Lettura di oggi, San Paolo ci rivolge un pressante invito: \u00abNon vogliate rattristare lo Spirito Santo di Dio, con il quale foste segnati per il giorno della redenzione\u00bb (Ef\u00a04,30). Ma io mi domando:&#8230;  <a class=\"excerpt-read-more\" href=\"https:\/\/oldpatriarcatovenezia.glauco.it\/pastorale-giovanile\/2018\/08\/29\/angelus-in-piazza-s-pietro-con-i-giovani\/\" title=\"Leggi Angelus in Piazza S. Pietro con i giovani\">&raquo; continua<\/a><\/p>\n","protected":false},"author":10,"featured_media":2559,"comment_status":"closed","ping_status":"closed","sticky":false,"template":"","format":"standard","meta":{"ip_address":"","user_agent":"","level":"","revision":"","cookie_id":"","page_referer":"","html_form":""},"categories":[306,307,1,313],"tags":[],"acf":[],"_links":{"self":[{"href":"https:\/\/oldpatriarcatovenezia.glauco.it\/pastorale-giovanile\/wp-json\/wp\/v2\/posts\/2558"}],"collection":[{"href":"https:\/\/oldpatriarcatovenezia.glauco.it\/pastorale-giovanile\/wp-json\/wp\/v2\/posts"}],"about":[{"href":"https:\/\/oldpatriarcatovenezia.glauco.it\/pastorale-giovanile\/wp-json\/wp\/v2\/types\/post"}],"author":[{"embeddable":true,"href":"https:\/\/oldpatriarcatovenezia.glauco.it\/pastorale-giovanile\/wp-json\/wp\/v2\/users\/10"}],"replies":[{"embeddable":true,"href":"https:\/\/oldpatriarcatovenezia.glauco.it\/pastorale-giovanile\/wp-json\/wp\/v2\/comments?post=2558"}],"version-history":[{"count":1,"href":"https:\/\/oldpatriarcatovenezia.glauco.it\/pastorale-giovanile\/wp-json\/wp\/v2\/posts\/2558\/revisions"}],"predecessor-version":[{"id":2560,"href":"https:\/\/oldpatriarcatovenezia.glauco.it\/pastorale-giovanile\/wp-json\/wp\/v2\/posts\/2558\/revisions\/2560"}],"wp:featuredmedia":[{"embeddable":true,"href":"https:\/\/oldpatriarcatovenezia.glauco.it\/pastorale-giovanile\/wp-json\/wp\/v2\/media\/2559"}],"wp:attachment":[{"href":"https:\/\/oldpatriarcatovenezia.glauco.it\/pastorale-giovanile\/wp-json\/wp\/v2\/media?parent=2558"}],"wp:term":[{"taxonomy":"category","embeddable":true,"href":"https:\/\/oldpatriarcatovenezia.glauco.it\/pastorale-giovanile\/wp-json\/wp\/v2\/categories?post=2558"},{"taxonomy":"post_tag","embeddable":true,"href":"https:\/\/oldpatriarcatovenezia.glauco.it\/pastorale-giovanile\/wp-json\/wp\/v2\/tags?post=2558"}],"curies":[{"name":"wp","href":"https:\/\/api.w.org\/{rel}","templated":true}]}}