{"id":2482,"date":"2018-07-13T14:34:42","date_gmt":"2018-07-13T12:34:42","guid":{"rendered":"https:\/\/www.patriarcatovenezia.it\/pastorale-giovanile\/?p=2482"},"modified":"2018-10-25T13:28:26","modified_gmt":"2018-10-25T11:28:26","slug":"itinerario-ap-2018-2019","status":"publish","type":"post","link":"https:\/\/oldpatriarcatovenezia.glauco.it\/pastorale-giovanile\/2018\/07\/13\/itinerario-ap-2018-2019\/","title":{"rendered":"Itinerario ap 2018-2019"},"content":{"rendered":"<h4><span style=\"color: #003366\"><em><strong>Un percorso in tre tappe per riscoprire ed esplicitare sempre il dono gratuito dell\u2019annuncio del Vangelo, cio\u00e8 del kerygma pasquale e della fede che abbiamo ricevuto nel Battesimo.<\/strong><\/em><\/span><\/h4>\n<p>&nbsp;<\/p>\n<h5><span style=\"color: #993300\"><strong>In allegato a fondo pagina due lettere, che vi consigliamo di leggere con attenzione:<\/strong><\/span><\/h5>\n<p><span style=\"color: #993300\"><strong>&gt;&gt;&gt; presentazione<\/strong>, preparata a luglio da don Fabrizio con la spiegazione generale della proposta<\/span><\/p>\n<p><span style=\"color: #993300\"><strong>&gt;&gt;&gt; struttura e materiale<\/strong>, contenente l&#8217;esplicitazione dei contenuti e le indicazioni fornite da don Francesco<\/span><\/p>\n<p>&nbsp;<\/p>\n<h5 style=\"text-align: left\"><span style=\"color: #003300\"><em><strong>Qui di seguito le tre tappe con relativo materiale consigliato, che sar\u00e0 integrato progressivamente <span style=\"color: #339966\">#staytuned<\/span><\/strong><\/em><\/span><\/h5>\n<hr \/>\n<a href=\"https:\/\/www.patriarcatovenezia.it\/pastorale-giovanile\/wp-content\/uploads\/sites\/6\/2018\/07\/unuomovero.jpg\" data-rel=\"lightbox-image-0\" data-rl_title=\"\" data-rl_caption=\"\" title=\"\"><img loading=\"lazy\" class=\"wp-image-2621 alignleft\" src=\"https:\/\/www.patriarcatovenezia.it\/pastorale-giovanile\/wp-content\/uploads\/sites\/6\/2018\/07\/unuomovero.jpg\" alt=\"\" width=\"280\" height=\"167\" srcset=\"https:\/\/oldpatriarcatovenezia.glauco.it\/pastorale-giovanile\/wp-content\/uploads\/sites\/6\/2018\/07\/unuomovero.jpg 409w, https:\/\/oldpatriarcatovenezia.glauco.it\/pastorale-giovanile\/wp-content\/uploads\/sites\/6\/2018\/07\/unuomovero-300x178.jpg 300w, https:\/\/oldpatriarcatovenezia.glauco.it\/pastorale-giovanile\/wp-content\/uploads\/sites\/6\/2018\/07\/unuomovero-360x214.jpg 360w\" sizes=\"(max-width: 280px) 100vw, 280px\" \/><\/a>\n<h3 style=\"text-align: center\"><strong><span style=\"color: #ff9900\">FOCUS ON&#8230;<\/span><\/strong><\/h3>\n<h3 style=\"text-align: center\"><span style=\"color: #ff9900\">&#8230;il Signore Ges\u00f9, vero Dio e vero uomo,<\/span><br \/>\n<span style=\"color: #ff9900\">Figlio di Dio nato, morto e risorto per noi!<\/span><\/h3>\n<p>&nbsp;<\/p>\n<p>&nbsp;<\/p>\n<ul>\n<li><strong>Lettera pastorale del Patriarca Francesco Moraglia \u201cL\u2019amore di Cristo ci possiede. Il primo annuncio nella vita della Chiesa\u201d, edito da Marcianum Press<\/strong> &gt;&gt;&gt; soprattutto nei primi 20 capitoli spiega la questione del kerygma e la sua importanza per la vita di ogni uomo e donna. <a href=\"https:\/\/www.patriarcatovenezia.it\/site\/lamore-di-cristo-ci-possiede-nella-nuova-lettera-pastorale-il-patriarca-francesco\/\" title=\"\">Compendio dei contenuti<\/a>.<\/li>\n<li><strong><a href=\"https:\/\/www.patriarcatovenezia.it\/pastorale-giovanile\/wp-content\/uploads\/sites\/6\/2018\/07\/Discorso-Papa_Firenze_10nov2015.pdf\" title=\"\">Discorso-Papa_Firenze_10nov2015<\/a><\/strong>\u00a0&gt;&gt;&gt; In occasione del Convegno Ecclesiale di Firenze del 2015 il Santo Padre ha spiegato &#8220;Il nuovo umanesimo in Cristo Ges\u00f9&#8221;, in cui declina in termini semplici ma efficaci gli aspetti dell&#8217;umanit\u00e0 di Cristo<\/li>\n<li><strong>Maggioni B.,\u00a0&#8220;Era veramente uomo. Rivisitando la figura di Ges\u00f9 nei Vangeli\u201d, Ancora Editrice, Milano 2001<\/strong>\u00a0&gt;&gt;&gt; I tratti umani di Ges\u00f9 (la storia concreta, le scelte, i comportamenti, i sentimenti&#8230;) cos\u00ec come emergono dai Vangeli, per conoscere il lato umano della sua persona divina e il lato divino della sua persona. L&#8217;umanit\u00e0 di Ges\u00f9 ha un valore teologico irrinunciabile: \u00e8 la &#8220;trasparenza&#8221; del volto di Dio. Testo utile per preparare una lectio, un momento di preghiera, una veglia&#8230;<\/li>\n<\/ul>\n<p>&nbsp;<\/p>\n<hr \/>\n<a href=\"https:\/\/www.patriarcatovenezia.it\/pastorale-giovanile\/wp-content\/uploads\/sites\/6\/2018\/07\/Immagine1.png\" data-rel=\"lightbox-image-1\" data-rl_title=\"\" data-rl_caption=\"\" title=\"\"><img loading=\"lazy\" class=\"wp-image-2675  alignleft\" src=\"https:\/\/www.patriarcatovenezia.it\/pastorale-giovanile\/wp-content\/uploads\/sites\/6\/2018\/07\/Immagine1.png\" alt=\"\" width=\"285\" height=\"155\" srcset=\"https:\/\/oldpatriarcatovenezia.glauco.it\/pastorale-giovanile\/wp-content\/uploads\/sites\/6\/2018\/07\/Immagine1.png 447w, https:\/\/oldpatriarcatovenezia.glauco.it\/pastorale-giovanile\/wp-content\/uploads\/sites\/6\/2018\/07\/Immagine1-300x163.png 300w, https:\/\/oldpatriarcatovenezia.glauco.it\/pastorale-giovanile\/wp-content\/uploads\/sites\/6\/2018\/07\/Immagine1-360x196.png 360w\" sizes=\"(max-width: 285px) 100vw, 285px\" \/><\/a>\n<h3 style=\"text-align: center\"><span style=\"color: #ff00ff\"><strong>FOCUS ON&#8230;<\/strong><\/span><\/h3>\n<h3 style=\"text-align: center\"><span style=\"color: #ff00ff\">&#8230;riconoscere la bellezza e la dignit\u00e0<\/span><br \/>\n<span style=\"color: #ff00ff\">dell&#8217;umanit\u00e0 individuata in Cristo,<\/span><br \/>\n<span style=\"color: #ff00ff\">la vita nuova che mi raggiunge<\/span><br \/>\n<span style=\"color: #ff00ff\">attraverso i testimoni!<\/span><\/h3>\n<p>&nbsp;<\/p>\n<ul>\n<li><a href=\"https:\/\/www.patriarcatovenezia.it\/pastorale-giovanile\/wp-content\/uploads\/sites\/6\/2018\/07\/Testamento-spirituale_FrereChristian.pdf\"><strong>Testamento spirituale di Fr\u00e8re Christian de Cherg\u00e9<\/strong><\/a>\u00a0&gt;&gt;&gt; monaco francese (1937-1996) dell&#8217;Ordine cistercense di stretta osservanza (Trappisti), \u00e8 uno dei sette monaci di Tibhirine (Algeria) che avevano iniziato un dialogo e uno scambio intenso e fraterno con la realt\u00e0 islamica locale. I monaci furono presi in ostaggio e assassinati nel 1996 (cfr. <strong>film\u00a0<i>Uomini di Dio<\/i><\/strong>, regia di Xavier Beauvois del 2010). Il testamento di Fr\u00e8re Christian \u00e8 denso di fede cristiana, speranza e desiderio di pace.<\/li>\n<li><strong><a href=\"https:\/\/www.patriarcatovenezia.it\/pastorale-giovanile\/wp-content\/uploads\/sites\/6\/2018\/07\/PANNELLI-MOSTRA-ACS.pdf\">\u201cLa vostra\u00a0resistenza\u00a0\u00e8 martirio,\u00a0rugiada che feconda\u201d &#8211; I volti della\u00a0persecuzione\u00a0anticristiana,\u00a0gli interventi\u00a0per non lasciarli soli.<\/a>\u00a0&gt;&gt;&gt;\u00a0<\/strong>Pannelli della mostra realizzata da ACS (Aiuto alla Chiesa che soffre) per affrontare il tema della testimonianza cristiana, delle persecuzioni e del martirio.<\/li>\n<li><strong><a href=\"https:\/\/www.youtube.com\/watch?v=nZ-yT1w5Cto\" data-rel=\"lightbox-video-0\">Pray for Myriam<\/a><\/strong>\u00a0&gt;&gt;&gt; video con la testimonianza di Myriam bambina di 10 anni di Qaraqoush,\u00a0nel nord dell\u2019Iraq. Costretta a vivere in un campo profughi dopo che la sua terra \u00e8 stata assalita e devastata dai jihadisti del Califfato, parla di perdono con grande fede in Dio.<\/li>\n<li><strong>I testimoni<\/strong>, preziose storie di vita in Cristo tratte dalle collane &#8220;Ritratti di santi&#8221;\u00a0e &#8220;Nuovi ritratti di santi&#8221; di Antonio Sicari:\n<ul>\n<li><a href=\"https:\/\/www.patriarcatovenezia.it\/pastorale-giovanile\/wp-content\/uploads\/sites\/6\/2018\/07\/GiuseppeMoscati.pdf\">Giuseppe Moscati<\/a><\/li>\n<li><a href=\"https:\/\/www.patriarcatovenezia.it\/pastorale-giovanile\/wp-content\/uploads\/sites\/6\/2018\/07\/PiergiorgioFrassati.pdf\">Piergiorgio Frassati<\/a><\/li>\n<li><a href=\"https:\/\/www.patriarcatovenezia.it\/pastorale-giovanile\/wp-content\/uploads\/sites\/6\/2018\/07\/TitoBrandsma.pdf\">Tito Brandsma<\/a><\/li>\n<li><a href=\"https:\/\/www.patriarcatovenezia.it\/pastorale-giovanile\/wp-content\/uploads\/sites\/6\/2018\/07\/DorothyDay.pdf\">Dorothy Day<\/a><\/li>\n<li><a href=\"https:\/\/www.patriarcatovenezia.it\/pastorale-giovanile\/wp-content\/uploads\/sites\/6\/2018\/07\/PinoPuglisi.pdf\">Pino Puglisi<\/a><\/li>\n<li><a href=\"https:\/\/www.patriarcatovenezia.it\/pastorale-giovanile\/wp-content\/uploads\/sites\/6\/2018\/07\/FranzJagerstatter.pdf\">Franz Jagerstatter<\/a><\/li>\n<li><a href=\"https:\/\/www.patriarcatovenezia.it\/pastorale-giovanile\/wp-content\/uploads\/sites\/6\/2018\/07\/F-X_NguyenVanThuan.pdf\">F-X_Nguyen Van Thuan<\/a><\/li>\n<li><a href=\"https:\/\/www.patriarcatovenezia.it\/pastorale-giovanile\/wp-content\/uploads\/sites\/6\/2018\/07\/ChiaraLuceBadano.pdf\">Chiara Luce Badano<\/a><\/li>\n<li><a href=\"https:\/\/www.patriarcatovenezia.it\/pastorale-giovanile\/wp-content\/uploads\/sites\/6\/2018\/07\/JerzyPopieluszko.pdf\">Jerzy Popieluszko<\/a><\/li>\n<li><a href=\"https:\/\/www.patriarcatovenezia.it\/pastorale-giovanile\/wp-content\/uploads\/sites\/6\/2018\/07\/RosarioLivatino.pdf\">Rosario Livatino<\/a><\/li>\n<li><a href=\"https:\/\/www.patriarcatovenezia.it\/pastorale-giovanile\/wp-content\/uploads\/sites\/6\/2018\/07\/ShahbazBhatti.pdf\">Shahbaz Bhatti<\/a><\/li>\n<\/ul>\n<\/li>\n<li><strong>Canzoni <\/strong>che possono essere utilizzare per avviare il confronto, come pro-vocazioni:\n<ul>\n<li>&#8220;Esseri umani&#8221; di Marco Mengoni (<a href=\"https:\/\/www.rockit.it\/marcomengoni\/canzone\/esseri-umani\/233956\">testo<\/a> e\u00a0<a href=\"https:\/\/www.youtube.com\/watch?v=U-4OrzSBfm8\" data-rel=\"lightbox-video-1\">video<\/a>) <em>&gt;&gt;&gt; l&#8217;umanit\u00e0 fatta di tante uomini e donne originali, unici, veri e fragili dietro le maschere, desiderosi di amare ed essere amati<\/em><\/li>\n<li>&#8220;Si chiamava Ges\u00f9&#8221; di Fabrizio De Andr\u00e8 (<a href=\"https:\/\/www.rockit.it\/fabriziodeandre\/canzone\/si-chiamava-gesu\/101707\">testo<\/a> e <a href=\"https:\/\/www.youtube.com\/watch?v=v2VehDdOC8o\" data-rel=\"lightbox-video-2\">video<\/a>) <em>&gt;&gt;&gt;\u00a0un Ges\u00f9 molto umano, sofferente, che muore&#8230;finisce qui? Era solo un uomo? In cosa si vede la sua divinit\u00e0, il suo essere Figlio di Dio? Per me questo Ges\u00f9 \u00e8 il Risorto?<\/em><\/li>\n<li>&#8220;Pi\u00f9 del sesso&#8221; dei The Sun (<a href=\"https:\/\/www.rockol.it\/testi\/33503785\/the-sun-piu-del-sesso\">testo<\/a> e <a href=\"https:\/\/www.youtube.com\/watch?v=DVmlC4Ya1d4\" data-rel=\"lightbox-video-3\">video<\/a>)\u00a0<em>&gt;&gt;&gt;\u00a0canzone che ben esprime l&#8217;attrazione per la sessualit\u00e0: \u00e8 solo un gioco, un soddisfacimento di istinti? La diversit\u00e0 uomo-donna nel vivere la sessualit\u00e0; il sesso come dono di Dio da non sciupare (cfr. Esortazione Apostolica\u00a0<strong>Amoris Laetitia<\/strong>, <strong><a href=\"http:\/\/w2.vatican.va\/content\/francesco\/it\/speeches\/2018\/september\/documents\/papa-francesco_20180917_giovani-francia.html\">discorso di Papa Francesco del 17\/09\/18 a giovani francesi<\/a><\/strong> e\u00a0<strong>Cantico dei Cantici<\/strong>)<\/em><\/li>\n<li>&#8220;Il dilemma&#8221; di Giorgio Gaber (<a href=\"http:\/\/www.giorgiogaber.it\/discografia-album\/il-dilemma-testo\">testo<\/a> e <a href=\"http:\/\/cinquepassi.org\/discoteca\/dilemma-s-luporini-g-gaber\/\">video<\/a>)\u00a0<em>&gt;&gt;&gt; rapporto uomo-donna, fedelt\u00e0, famiglia, scegliersi ogni giorno<\/em><\/li>\n<\/ul>\n<\/li>\n<li><strong><a href=\"https:\/\/www.youtube.com\/watch?v=nHhCdcFsVsE\" data-rel=\"lightbox-video-4\">Video &#8220;Quando sar\u00f2 grande&#8221;<\/a><\/strong> &gt;&gt;&gt;\u00a0Corto del 2018 della Scuola secondaria di 1\u00b0 &#8220;Agostino Chieppi&#8221;. Trama: Dopo tanti anni di servizio e un insulto bruciante, il direttore di una piccola scuola si trova con il morale a terra. Lo affliggono la nostalgia di un vecchio sogno infranto, e la triste convinzione che al mondo non esistano adulti felici. Finch\u00e9 non incontra uno strano individuo, che con un sortilegio lo fa tornare bambino\u2026 <em>I sogni, i desideri, le scelte per diventare ogni giorno chi siamo chiamati a essere, pienamente noi stessi, ricordando i passi fatti (la nostra storia) e focalizzando i passi da fare<\/em><\/li>\n<\/ul>\n<p>&nbsp;<\/p>\n<hr \/>\n<img loading=\"lazy\" class=\"wp-image-2623 alignleft\" src=\"https:\/\/www.patriarcatovenezia.it\/pastorale-giovanile\/wp-content\/uploads\/sites\/6\/2018\/07\/persempre.jpg\" alt=\"\" width=\"292\" height=\"174\" srcset=\"https:\/\/oldpatriarcatovenezia.glauco.it\/pastorale-giovanile\/wp-content\/uploads\/sites\/6\/2018\/07\/persempre.jpg 408w, https:\/\/oldpatriarcatovenezia.glauco.it\/pastorale-giovanile\/wp-content\/uploads\/sites\/6\/2018\/07\/persempre-300x179.jpg 300w, https:\/\/oldpatriarcatovenezia.glauco.it\/pastorale-giovanile\/wp-content\/uploads\/sites\/6\/2018\/07\/persempre-360x214.jpg 360w\" sizes=\"(max-width: 292px) 100vw, 292px\" \/>\n<h3 style=\"text-align: center\"><span style=\"color: #3366ff\"><strong>FOCUS ON&#8230;<\/strong><\/span><\/h3>\n<h3 style=\"text-align: center\"><span style=\"color: #3366ff\">&#8230;il kerygma pasquale sempre attuale,<\/span><br \/>\n<span style=\"color: #3366ff\">i pericoli e le dis-trazioni per i cristiani!<\/span><\/h3>\n<p>&nbsp;<\/p>\n<p>&nbsp;<\/p>\n<ul>\n<li><a href=\"http:\/\/w2.vatican.va\/content\/francesco\/it\/apost_exhortations\/documents\/papa-francesco_esortazione-ap_20180319_gaudete-et-exsultate.pdf\"><strong>Esortazione apostolica &#8220;Gaudete et exultate&#8221;<\/strong><\/a><strong>, cap. II<\/strong><\/li>\n<\/ul>\n<p>&nbsp;<\/p>\n<p>&nbsp;<\/p>\n<p>&nbsp;<\/p>\n<p>&nbsp;<\/p>\n<hr \/>\n<p>&nbsp;<\/p>\n","protected":false},"excerpt":{"rendered":"<p>Un percorso in tre tappe per riscoprire ed esplicitare sempre il dono gratuito dell\u2019annuncio del Vangelo, cio\u00e8 del kerygma pasquale e della fede che abbiamo ricevuto nel Battesimo. &nbsp; In allegato a fondo pagina due lettere, che vi consigliamo di leggere con attenzione: &gt;&gt;&gt; presentazione, preparata a luglio da don Fabrizio con la spiegazione generale&#8230;  <a class=\"excerpt-read-more\" href=\"https:\/\/oldpatriarcatovenezia.glauco.it\/pastorale-giovanile\/2018\/07\/13\/itinerario-ap-2018-2019\/\" title=\"Leggi Itinerario ap 2018-2019\">&raquo; continua<\/a><\/p>\n","protected":false},"author":10,"featured_media":2484,"comment_status":"closed","ping_status":"closed","sticky":false,"template":"","format":"standard","meta":{"ip_address":"","user_agent":"","level":"","revision":"","cookie_id":"","page_referer":"","html_form":""},"categories":[306,87,307,311],"tags":[],"acf":[],"_links":{"self":[{"href":"https:\/\/oldpatriarcatovenezia.glauco.it\/pastorale-giovanile\/wp-json\/wp\/v2\/posts\/2482"}],"collection":[{"href":"https:\/\/oldpatriarcatovenezia.glauco.it\/pastorale-giovanile\/wp-json\/wp\/v2\/posts"}],"about":[{"href":"https:\/\/oldpatriarcatovenezia.glauco.it\/pastorale-giovanile\/wp-json\/wp\/v2\/types\/post"}],"author":[{"embeddable":true,"href":"https:\/\/oldpatriarcatovenezia.glauco.it\/pastorale-giovanile\/wp-json\/wp\/v2\/users\/10"}],"replies":[{"embeddable":true,"href":"https:\/\/oldpatriarcatovenezia.glauco.it\/pastorale-giovanile\/wp-json\/wp\/v2\/comments?post=2482"}],"version-history":[{"count":19,"href":"https:\/\/oldpatriarcatovenezia.glauco.it\/pastorale-giovanile\/wp-json\/wp\/v2\/posts\/2482\/revisions"}],"predecessor-version":[{"id":2624,"href":"https:\/\/oldpatriarcatovenezia.glauco.it\/pastorale-giovanile\/wp-json\/wp\/v2\/posts\/2482\/revisions\/2624"}],"wp:featuredmedia":[{"embeddable":true,"href":"https:\/\/oldpatriarcatovenezia.glauco.it\/pastorale-giovanile\/wp-json\/wp\/v2\/media\/2484"}],"wp:attachment":[{"href":"https:\/\/oldpatriarcatovenezia.glauco.it\/pastorale-giovanile\/wp-json\/wp\/v2\/media?parent=2482"}],"wp:term":[{"taxonomy":"category","embeddable":true,"href":"https:\/\/oldpatriarcatovenezia.glauco.it\/pastorale-giovanile\/wp-json\/wp\/v2\/categories?post=2482"},{"taxonomy":"post_tag","embeddable":true,"href":"https:\/\/oldpatriarcatovenezia.glauco.it\/pastorale-giovanile\/wp-json\/wp\/v2\/tags?post=2482"}],"curies":[{"name":"wp","href":"https:\/\/api.w.org\/{rel}","templated":true}]}}