{"id":2256,"date":"2018-01-18T15:32:39","date_gmt":"2018-01-18T14:32:39","guid":{"rendered":"https:\/\/www.patriarcatovenezia.it\/pastorale-giovanile\/?p=2256"},"modified":"2018-01-18T15:32:39","modified_gmt":"2018-01-18T14:32:39","slug":"lettera-verso-il-sinodo","status":"publish","type":"post","link":"https:\/\/oldpatriarcatovenezia.glauco.it\/pastorale-giovanile\/2018\/01\/18\/lettera-verso-il-sinodo\/","title":{"rendered":"Lettera verso il Sinodo"},"content":{"rendered":"<hr \/>\n<p>Assieme alla Chiesa stiamo camminando verso il prossimo Sinodo dei Vescovi su \u201cI giovani, la fede e il discernimento vocazionale\u201d.<\/p>\n<p>Una prima traccia \u00e8 gi\u00e0 nelle nostre mani e si tratta del <strong><span style=\"color: #ff6600\">documento<\/span> <span style=\"color: #ff6600\">preparatorio<\/span><\/strong> alla XV Assemblea generare ordinaria del Sinodo. Siamo chiamati a leggero a livello personale e comunitaria. Nella nostra Diocesi \u00e8 stato oggetto di riflessione nei mesi scorsi nel consiglio presbiterale e dei vicari foranei, in consiglio pastorale diocesano e anche in alcuni vicariati foranei.<\/p>\n<p><a href=\"http:\/\/www.vatican.va\/roman_curia\/synod\/documents\/rc_synod_doc_20170113_documento-preparatorio-xv_it.html\" title=\"\">http:\/\/www.vatican.va\/roman_curia\/synod\/documents\/rc_synod_doc_20170113_documento-preparatorio-xv_it.html<\/a><\/p>\n<hr \/>\n<p><span style=\"color: #ff6600\"><strong>IN ASCOLTO DEI GIOVANI<\/strong><\/span><\/p>\n<p>Papa Francesco ha chiesto a tutta la Chiesa di vivere questo tempo di avvicinamento mettendosi in ascolto del mondo giovanile, di tutti i giovani, di quelli che frequentano e di quelli che non si avvicinano alla Chiesa, dei cristiani come dei giovani di altre fede o che non credono in nulla.<\/p>\n<p>L\u2019impegno quotidiano che personalmente e comunitariamente viviamo nei confronti dei giovani \u00e8 gi\u00e0 una prima occasione di ascolto che non va sottovalutata. L\u2019incontro settimanale o quindicinale in parrocchia o nelle case, le occasioni di servizio, le proposte estive sono tutte occasioni nelle quali, di fatto, viviamo e possiamo vivere un reale e fedele ascolto dei giovani!<\/p>\n<p><a href=\"https:\/\/www.patriarcatovenezia.it\/pastorale-giovanile\/wp-content\/uploads\/sites\/6\/2018\/01\/velodicoio-koEF-U11011838566346rJ-1024x576@LaStampa.it_.jpg\" data-rel=\"lightbox-image-0\" data-rl_title=\"\" data-rl_caption=\"\" title=\"\"><img loading=\"lazy\" class=\"size-medium wp-image-2236 alignleft\" src=\"https:\/\/www.patriarcatovenezia.it\/pastorale-giovanile\/wp-content\/uploads\/sites\/6\/2018\/01\/velodicoio-koEF-U11011838566346rJ-1024x576@LaStampa.it_-300x169.jpg\" alt=\"\" width=\"300\" height=\"169\" srcset=\"https:\/\/oldpatriarcatovenezia.glauco.it\/pastorale-giovanile\/wp-content\/uploads\/sites\/6\/2018\/01\/velodicoio-koEF-U11011838566346rJ-1024x576@LaStampa.it_-300x169.jpg 300w, https:\/\/oldpatriarcatovenezia.glauco.it\/pastorale-giovanile\/wp-content\/uploads\/sites\/6\/2018\/01\/velodicoio-koEF-U11011838566346rJ-1024x576@LaStampa.it_-768x432.jpg 768w, https:\/\/oldpatriarcatovenezia.glauco.it\/pastorale-giovanile\/wp-content\/uploads\/sites\/6\/2018\/01\/velodicoio-koEF-U11011838566346rJ-1024x576@LaStampa.it_-360x203.jpg 360w, https:\/\/oldpatriarcatovenezia.glauco.it\/pastorale-giovanile\/wp-content\/uploads\/sites\/6\/2018\/01\/velodicoio-koEF-U11011838566346rJ-1024x576@LaStampa.it_.jpg 1000w\" sizes=\"(max-width: 300px) 100vw, 300px\" \/><\/a>Anche l\u2019insegnamento della religione cattolica, pur nella distinzione dei piani, \u00e8 di fatto una grande opportunit\u00e0 di ascolto e di dialogo con i ragazzi.<\/p>\n<p>L\u2019Ufficio nazionale di pastorale giovanile offre anche un portale multimediale per favorire un ascolto ancora pi\u00f9 diffuso dei giovani. Lo possiamo sfruttare con estrema facilit\u00e0 attraverso il sito internet <a href=\"http:\/\/www.velodicoio.it\" title=\"\">http:\/\/www.velodicoio.it<\/a>.<\/p>\n<p>&nbsp;<\/p>\n<hr \/>\n<p><span style=\"color: #ff6600\"><b>RIFLETTERE SULL&#8217;AGIRE\u00a0ECCLESIALE<\/b><\/span><\/p>\n<p>Contemporaneamente ci viene proposto di compiere una riflessione approfondita sull\u2019azione pastorale della Chiesa nei confronti delle nuove generazioni. In questi mesi prima dell\u2019estate siamo dunque chiamati a rivedere le \u201cpratiche pastorali\u201d, l\u2019agire concreto della Chiesa diocesana con e verso i giovani.<\/p>\n<p>Tale riflessione pu\u00f2 essere condotta a livello vicariale, di collaborazione pastorale o parrocchiale. Il livello ecclesiale nel quale porre la rilettura \u00e8 lasciato al discernimento di ciascuna comunit\u00e0. Probabilmente favorire questo dialogo nelle collaborazioni pastorali che stanno sorgendo potrebbe essere una scelta significativa per favorire quel passo comune che si mostra sempre pi\u00f9 necessario. In alcune zone della nostra Diocesi gi\u00e0 si sta favorendo questa riflessione.<\/p>\n<p><span style=\"color: #ff6600\">La proposta<\/span><\/p>\n<p>La formula pu\u00f2 essere anche molto semplice: individuare un pomeriggio domenicale o una serata per un ritrovo con tutti gli educatori dei giovani della collaborazione pastorale, presentare brevemente il documento preparatorio, recuperare il cammino e le proposte educative vissute negli ultimi anni, individuare potenzialit\u00e0 e fragilit\u00e0 personali e comunitarie, fissare qualche esigenza per il futuro.<\/p>\n<p>Un aiuto pu\u00f2 essere trovato nel sussidio \u201cConsiderate questo tempo\u201d <a href=\"http:\/\/giovani.chiesacattolica.it\/sinodo-considerate-questo-tempo\/\" title=\"\">http:\/\/giovani.chiesacattolica.it\/sinodo-considerate-questo-tempo\/<\/a> che \u00e8 stato distribuito a tutte le parrocchie all\u2019inizio dell\u2019anno pastorale.<\/p>\n<p>Condividendo per tempo questo appuntamento con l\u2019Ufficio diocesano per le attivit\u00e0 di pastorale giovanile, \u00e8 possibile garantire anche una presenza a livello diocesano per favorire poi una sintesi comune.<\/p>\n<hr \/>\n<p><span style=\"color: #ff6600\"><strong>LE TAPPE DIOCESANE<\/strong><\/span><\/p>\n<p>Una prima tappa \u00e8 stata vissuta a novembre con il Pellegrinaggio alla Salute che ha rimesso al centro la questione del perdere e ritrovare il Signore Ges\u00f9.<\/p>\n<p>Il prossimo appuntamento sar\u00e0 la <span style=\"color: #ff6600\"><strong>via crucis dei giovani<\/strong><\/span> che significativamente \u00e8 fissata per il 24 marzo 2018, vigilia della domenica della Palme e Giornata mondiale della giovent\u00f9. Il tema sar\u00e0 \u201cSegui me!\u201d perch\u00e9 vogliamo tornare a vivere e proporre la gioia e la necessit\u00e0 di essere discepoli e di camminare con Lui e dietro a Lui.<\/p>\n<p>Abbiamo ritenuto prudente non aggiungere ulteriori proposte e date per non appesantire i diversi cammini parrocchiali e per valorizzare e riscoprire alcune occasioni oramai tradizionale per la Chiesa di Venezia.<\/p>\n<hr \/>\n<p><span style=\"color: #ff6600\"><strong>IL TEMPO ESTIVO E L\u2019INCONTRO CON IL PAPA<\/strong><\/span><\/p>\n<p>Nel tempo estivo la Chiesa italiana propone ai gruppi giovanili di vivere un\u2019<span style=\"color: #ff6600\">esperienza di cammino fisico-pellegrinaggio<\/span>, sfruttando i tanti luoghi di santit\u00e0 di cui \u00e8 ricca la penisola italiana. Pensiamo alla Via Francigena, alla Via Romea o ai molti santuari e luoghi legati alla testimonianza dei santi.<\/p>\n<p>Viene proposta anche u<span style=\"color: #ff6600\">na grande veglia di preghiera con Papa Francesco<\/span> tra l\u201911 e il 12 agosto 2018.<\/p>\n<p>Il ritrovo \u00e8 al Circo Massimo per la veglia con papa Francesco e per vivere una notte bianca nel cuore di Roma tutti insieme. Si far\u00e0 festa con musica, spettacoli e incontri. Il pellegrinaggio di tutti si concluder\u00e0 alla tomba di Pietro per celebrare l\u2019Eucarestia e per essere confermati nella propria fede. <a href=\"http:\/\/giovani.chiesacattolica.it\/verso-il-sinodo-i-loghi-dellestate\/\" title=\"\">http:\/\/giovani.chiesacattolica.it\/verso-il-sinodo-i-loghi-dellestate\/<\/a><\/p>\n<p><a href=\"https:\/\/www.patriarcatovenezia.it\/pastorale-giovanile\/wp-content\/uploads\/sites\/6\/2018\/01\/Siamoqui_orizz.png\" data-rel=\"lightbox-image-1\" data-rl_title=\"\" data-rl_caption=\"\" title=\"\"><img loading=\"lazy\" class=\"size-medium wp-image-2258 alignleft\" src=\"https:\/\/www.patriarcatovenezia.it\/pastorale-giovanile\/wp-content\/uploads\/sites\/6\/2018\/01\/Siamoqui_orizz-300x158.png\" alt=\"\" width=\"300\" height=\"158\" srcset=\"https:\/\/oldpatriarcatovenezia.glauco.it\/pastorale-giovanile\/wp-content\/uploads\/sites\/6\/2018\/01\/Siamoqui_orizz-300x158.png 300w, https:\/\/oldpatriarcatovenezia.glauco.it\/pastorale-giovanile\/wp-content\/uploads\/sites\/6\/2018\/01\/Siamoqui_orizz-768x405.png 768w, https:\/\/oldpatriarcatovenezia.glauco.it\/pastorale-giovanile\/wp-content\/uploads\/sites\/6\/2018\/01\/Siamoqui_orizz-1024x540.png 1024w, https:\/\/oldpatriarcatovenezia.glauco.it\/pastorale-giovanile\/wp-content\/uploads\/sites\/6\/2018\/01\/Siamoqui_orizz-360x190.png 360w, https:\/\/oldpatriarcatovenezia.glauco.it\/pastorale-giovanile\/wp-content\/uploads\/sites\/6\/2018\/01\/Siamoqui_orizz.png 1155w\" sizes=\"(max-width: 300px) 100vw, 300px\" \/><\/a>Anche in questo caso, dopo una veloce consultazione, abbiamo ritenuto di proporre con libert\u00e0 questa proposta e di aiutare e coordinare i gruppi parrocchiali che desiderano essere presenti. Molte realt\u00e0 vivono gi\u00e0 una intensa proposta formativa per il tempo estivo che pu\u00f2 essere declinata con una attenzione particolare all\u2019esperienza del cammino e al tema del Sinodo. Chi desidera giungere fino a Roma e vivere la Veglia di preghiera e l\u2019incontro con Papa Francesco pu\u00f2 prendere contatto con l\u2019Ufficio diocesano di pastorale giovanile per le questioni tecniche e per l\u2019adesione, che deve necessariamente avvenire attraverso la Diocesi.<\/p>\n<p>&nbsp;<\/p>\n<h4><strong><span style=\"color: #ff6600\">Buon cammino!<\/span><\/strong><\/h4>\n<p><strong><em>\u00a0<\/em><\/strong><\/p>\n<p><strong><em>don Fabrizio e i collaboratori<\/em><\/strong><\/p>\n","protected":false},"excerpt":{"rendered":"<p>Assieme alla Chiesa stiamo camminando verso il prossimo Sinodo dei Vescovi su \u201cI giovani, la fede e il discernimento vocazionale\u201d. Una prima traccia \u00e8 gi\u00e0 nelle nostre mani e si tratta del documento preparatorio alla XV Assemblea generare ordinaria del Sinodo. Siamo chiamati a leggero a livello personale e comunitaria. Nella nostra Diocesi \u00e8 stato&#8230;  <a class=\"excerpt-read-more\" href=\"https:\/\/oldpatriarcatovenezia.glauco.it\/pastorale-giovanile\/2018\/01\/18\/lettera-verso-il-sinodo\/\" title=\"Leggi Lettera verso il Sinodo\">&raquo; continua<\/a><\/p>\n","protected":false},"author":10,"featured_media":2259,"comment_status":"closed","ping_status":"closed","sticky":false,"template":"","format":"standard","meta":{"ip_address":"","user_agent":"","level":"","revision":"","cookie_id":"","page_referer":"","html_form":""},"categories":[304,1,311,313],"tags":[],"acf":[],"_links":{"self":[{"href":"https:\/\/oldpatriarcatovenezia.glauco.it\/pastorale-giovanile\/wp-json\/wp\/v2\/posts\/2256"}],"collection":[{"href":"https:\/\/oldpatriarcatovenezia.glauco.it\/pastorale-giovanile\/wp-json\/wp\/v2\/posts"}],"about":[{"href":"https:\/\/oldpatriarcatovenezia.glauco.it\/pastorale-giovanile\/wp-json\/wp\/v2\/types\/post"}],"author":[{"embeddable":true,"href":"https:\/\/oldpatriarcatovenezia.glauco.it\/pastorale-giovanile\/wp-json\/wp\/v2\/users\/10"}],"replies":[{"embeddable":true,"href":"https:\/\/oldpatriarcatovenezia.glauco.it\/pastorale-giovanile\/wp-json\/wp\/v2\/comments?post=2256"}],"version-history":[{"count":3,"href":"https:\/\/oldpatriarcatovenezia.glauco.it\/pastorale-giovanile\/wp-json\/wp\/v2\/posts\/2256\/revisions"}],"predecessor-version":[{"id":2262,"href":"https:\/\/oldpatriarcatovenezia.glauco.it\/pastorale-giovanile\/wp-json\/wp\/v2\/posts\/2256\/revisions\/2262"}],"wp:featuredmedia":[{"embeddable":true,"href":"https:\/\/oldpatriarcatovenezia.glauco.it\/pastorale-giovanile\/wp-json\/wp\/v2\/media\/2259"}],"wp:attachment":[{"href":"https:\/\/oldpatriarcatovenezia.glauco.it\/pastorale-giovanile\/wp-json\/wp\/v2\/media?parent=2256"}],"wp:term":[{"taxonomy":"category","embeddable":true,"href":"https:\/\/oldpatriarcatovenezia.glauco.it\/pastorale-giovanile\/wp-json\/wp\/v2\/categories?post=2256"},{"taxonomy":"post_tag","embeddable":true,"href":"https:\/\/oldpatriarcatovenezia.glauco.it\/pastorale-giovanile\/wp-json\/wp\/v2\/tags?post=2256"}],"curies":[{"name":"wp","href":"https:\/\/api.w.org\/{rel}","templated":true}]}}